{"id":990,"date":"2015-02-04T09:43:08","date_gmt":"2015-02-04T07:43:08","guid":{"rendered":"http:\/\/www.stilartmoebel.de\/magazin\/?p=990"},"modified":"2025-10-24T14:52:43","modified_gmt":"2025-10-24T12:52:43","slug":"gartenkalender-februar","status":"publish","type":"post","link":"https:\/\/www.stilartmoebel.de\/zuhause-bei-sam\/gartenkalender-februar\/","title":{"rendered":"Gartenkalender Februar"},"content":{"rendered":"<p>Wenn es drau\u00dfen noch st\u00fcrmt und schneit, denken die wenigsten an ihren Garten. Leider k\u00f6nnen die heftigen Temperaturschwankungen im Februar den Pflanzen ebenso zu schaffen machen wie starke Schneef\u00e4lle. Was viele auch nicht wissen: Im Februar laufen f\u00fcr manche Arbeiten einige vom Gesetzgeber vorgegebene Fristen ab. So darf zum Beispiel die Hecke nur noch in diesem Monat zur\u00fcckgeschnitten werden. Was im Monat Februar sonst noch f\u00fcr Gartenarbeiten anstehen, verraten wir heute.<!--more--><\/p>\n<h2>Im Februar ist der Garten noch karg<\/h2>\n<p>Unternehmen Sie an einem milden Tag im Februar einen Spaziergang durch den Garten, stellen Sie fest, dass der Garten noch recht karg ist. H\u00e4ufig zeigen sich noch nicht einmal die Fr\u00fchbl\u00fcher. Wenn Sie Ihren Garten schon im Februar bl\u00fchen sehen wollen, sollten Sie \u00fcber die Anschaffung einer Zaubernuss nachdenken. Sie ben\u00f6tigt zwar mindestens drei Meter Platz, damit sie sich entfalten kann sowie einen leicht s\u00e4uerlichen Boden. Daf\u00fcr belohnt sie aber mit einer wundersch\u00f6nen Wuchsform, einer tollen Herbstfarbe und einem ganz besonderen Duft.<\/p>\n<figure id=\"attachment_5651\" aria-labelledby=\"figcaption_attachment_5651\" class=\"wp-caption alignright\" style=\"width: 410px\"><img loading=\"lazy\" decoding=\"async\" class=\"wp-image-5651\" title=\"Bildquelle: \u00a9 Robert Venn\/shutterstock.com\" src=\"https:\/\/www.stilartmoebel.de\/zuhause-bei-sam\/wp-content\/uploads\/2015\/02\/februar-schnee-kaelte-garten.jpg\" alt=\"Im Februar herrschen noch Schnee und K\u00e4lte im Garten\" width=\"400\" height=\"237\" srcset=\"https:\/\/www.stilartmoebel.de\/zuhause-bei-sam\/wp-content\/uploads\/2015\/02\/februar-schnee-kaelte-garten.jpg 450w, https:\/\/www.stilartmoebel.de\/zuhause-bei-sam\/wp-content\/uploads\/2015\/02\/februar-schnee-kaelte-garten-300x178.jpg 300w\" sizes=\"auto, (max-width: 400px) 100vw, 400px\" \/><figcaption id=\"figcaption_attachment_5651\" class=\"wp-caption-text\">Im Februar herrschen noch Schnee und K\u00e4lte im Garten<\/figcaption><\/figure>\n<h2>Schneemassen gef\u00e4hrden Hecken und den Rasen<\/h2>\n<p>Nicht selten fallen im Februar in Deutschland Unmengen an Schnee. F\u00fcr den menschlichen Betrachter ergibt der <a href=\"https:\/\/www.oekotest.de\/freizeit-technik\/Schnee-auf-den-Pflanzen-im-Garten-Schaedlich-oder-schuetzend_14356_1.html\" target=\"_blank\" rel=\"noopener\">eingeschneite Garten<\/a> zwar ein romantisches Bild. Aber die Pflanzen haben sehr darunter zu leiden. Eine zentimeterdicke Schneedecke l\u00e4sst Hecken beinahe zerbrechen, sodass Sie hier ein waches Auge haben sollten. Wenn die Schneemassen zu stark werden, m\u00fcssen Sie zur Not Schnee r\u00e4umen.<\/p>\n<p>Auch f\u00fcr andere Gartenpflanzen k\u00f6nnen Schneedecken, die st\u00e4rker sind als zehn Zentimeter, gro\u00dfe Sch\u00e4den mit sich bringen. Daher sollten Sie die Gew\u00e4chse von der Schneeschicht befreien. Sogar der Rasen leidet unter gro\u00dfen Mengen von Schnee. Wichtig ist, dass Sie nicht auf der Schneedecke herumlaufen Dadurch w\u00fcrde sich der Schnee verdichten und l\u00e4nger zum Tauen ben\u00f6tigen. Kurz nach dem Schmelzen sollten Sie dem Rasen ebenfalls fern bleiben, da die Graswurzeln den Druck der F\u00fc\u00dfe noch nicht aushalten. Streusalz sollten Sie trotz Schnee und Eis aber nicht verwenden. Es wird von den Gartenwegen in die Beete geschwemmt und schadet dort den Pflanzen, die schlimmstenfalls sogar absterben k\u00f6nnten. Daher sollte zum Streuen von Gartenwegen ausschlie\u00dflich Sand oder Split zum Einsatz kommen.<\/p>\n<h2>Obstb\u00e4ume vor der K\u00e4lte sch\u00fctzen<\/h2>\n<p>Die Temperaturschwankungen im Februar vertragen die meisten Obstb\u00e4ume nicht allzu gut. Es empfiehlt sich daher, die Rinde der B\u00e4ume mit einem Kalkanstrich zu sch\u00fctzen, damit sich dort keine Risse bilden. Findet der Hobbyg\u00e4rtner Eisschichten auf den Bl\u00e4ttern, dann ist das kein Problem, sondern im Gegenteil: Die Eisschicht sch\u00fctzt die Bl\u00e4tter sogar. Ebenso verh\u00e4lt es sich \u00fcbrigens mit schneebedeckten Beeten, denn auch hier wirkt der Schnee wie eine sch\u00fctzende Decke.<\/p>\n<h2>In Wohngebieten jetzt Hecke schneiden<\/h2>\n<p>M\u00f6chten Sie Ihre Hecke stark k\u00fcrzen oder gar roden, dann muss dies noch bis zum Ende des Monats erledigt werden. Der Grund: In Wohngebieten darf die Hecke ab Anfang M\u00e4rz bis Ende September nicht stark gek\u00fcrzt werden, damit Tiere wie etwa V\u00f6gel die Geh\u00f6lze zum Nisten nutzen k\u00f6nnen. Diese Vorgabe ist f\u00fcr viele Hobbyg\u00e4rtner problematisch umzusetzen. Es ist n\u00e4mlich nicht empfehlenswert, die Hecke bei Minusgraden zu schneiden. Die offenen Schnittstellen lassen die Hecke frostempfindlich werden, sodass sie im schlimmsten Fall sogar eingeht. Daher ist es wichtig, dass Sie einen m\u00f6glichst milden Tag zum Schneiden der Hecke abpassen. Wenn lediglich ein Form- oder Pflegeschnitt ansteht, k\u00f6nnen Sie diesen auch im Fr\u00fchjahr oder Sommer durchf\u00fchren.<\/p>\n<figure id=\"attachment_5652\" aria-labelledby=\"figcaption_attachment_5652\" class=\"wp-caption alignleft\" style=\"width: 410px\"><img loading=\"lazy\" decoding=\"async\" class=\"wp-image-5652\" title=\"Bildquelle: \u00a9 Lithiumphoto\/shutterstock.com\" src=\"https:\/\/www.stilartmoebel.de\/zuhause-bei-sam\/wp-content\/uploads\/2015\/02\/brombeeren-schneiden-februar.jpg\" alt=\"Brombeeren sollten im Februar zur\u00fcck geschnitten werden\" width=\"400\" height=\"316\" srcset=\"https:\/\/www.stilartmoebel.de\/zuhause-bei-sam\/wp-content\/uploads\/2015\/02\/brombeeren-schneiden-februar.jpg 500w, https:\/\/www.stilartmoebel.de\/zuhause-bei-sam\/wp-content\/uploads\/2015\/02\/brombeeren-schneiden-februar-300x237.jpg 300w\" sizes=\"auto, (max-width: 400px) 100vw, 400px\" \/><figcaption id=\"figcaption_attachment_5652\" class=\"wp-caption-text\">Brombeeren sollten im Februar zur\u00fcck geschnitten werden<\/figcaption><\/figure>\n<h2>Brombeeren f\u00fcr eine reiche Ernte zur\u00fcckschneiden<\/h2>\n<p>Ebenso m\u00fcssen Brombeeren im Februar zur\u00fcckgeschnitten werden, wenn sie im Sp\u00e4tsommer viele Fr\u00fcchte tragen sollen. Die Ruten, die im letzten Jahr bereits getragen haben, werden m\u00f6glichst bodennah entfernt. Die nicht verzweigten jungen Ruten d\u00fcrfen stehen bleiben, allerdings nicht mehr als sechs pro Pflanze.<\/p>\n<h2>K\u00fcbelpflanzen sollten Sie jetzt umtopfen<\/h2>\n<p>Im Februar kann man zudem an seine K\u00fcbelpflanzen wie etwa die Geranien denken. Sie sollten jetzt zur\u00fcckgeschnitten und eventuell auch umgetopft werden. Sie bilden dann neue Triebe, die Sie als Stecklinge verwenden k\u00f6nnen, um die Pflanzen zu vermehren.<\/p>\n<h2>Fr\u00fchkartoffeln vorkeimen<\/h2>\n<p>Wenn der Februar langsam zu Ende geht, ist der perfekte Moment gekommen, um die Fr\u00fchkartoffeln vorzukeimen. Daf\u00fcr breiten Sie die Saatkartoffeln am besten in flachen Kisten locker aus. Die Kisten werden bei Temperaturen von etwa 12 bis 15 Grad an einen m\u00f6glichst hellen Standort aufgestellt. So keimen die Kartoffeln am besten vor.<\/p>\n<figure id=\"attachment_5653\" aria-labelledby=\"figcaption_attachment_5653\" class=\"wp-caption alignright\" style=\"width: 410px\"><img loading=\"lazy\" decoding=\"async\" class=\"wp-image-5653\" title=\"Bildquelle: \u00a9 aletermi\/shutterstock.com\" src=\"https:\/\/www.stilartmoebel.de\/zuhause-bei-sam\/wp-content\/uploads\/2015\/02\/kohl-ernten-februar-winterhart.jpg\" alt=\"Kohl ist winterhart und kann noch im Februar geerntet werden\" width=\"400\" height=\"246\" srcset=\"https:\/\/www.stilartmoebel.de\/zuhause-bei-sam\/wp-content\/uploads\/2015\/02\/kohl-ernten-februar-winterhart.jpg 450w, https:\/\/www.stilartmoebel.de\/zuhause-bei-sam\/wp-content\/uploads\/2015\/02\/kohl-ernten-februar-winterhart-300x185.jpg 300w\" sizes=\"auto, (max-width: 400px) 100vw, 400px\" \/><figcaption id=\"figcaption_attachment_5653\" class=\"wp-caption-text\">Kohl ist winterhart und kann noch im Februar geerntet werden<\/figcaption><\/figure>\n<h2>Blumen, Kr\u00e4uter und Salat werden Ende Februar ges\u00e4t<\/h2>\n<p>Au\u00dferdem ist Ende Februar der richtige Zeitpunkt, um erste Gem\u00fcsesorten wie zum Beispiel Salat, aber auch Blumen und Kr\u00e4uter auszus\u00e4en. Hierf\u00fcr nutzen Sie einen Saatkasten oder einen Topf und stellen die S\u00e4mlinge vor ein helles Fenster. Bei einer Raumtemperatur von 15 bis 20 Grad sind Fenster in Richtung Ost- oder Westseite ideal. Der Topf sollte mit einem Glas oder Frischhaltefolie abgedeckt werden. Am besten ist es, wenn sich das Substrat im Topf schon vor dem S\u00e4en mit Wasser vollsaugen kann und erst dann ges\u00e4t wird. Gie\u00dfen Sie direkt nach dem S\u00e4en, besteht immer die Gefahr, dass das Saatgut weggeschwemmt wird.<\/p>\n<h2>Nicht vergessen: Immergr\u00fcne Gew\u00e4chse gut gie\u00dfen<\/h2>\n<p>Immergr\u00fcne Pflanzen wie Kirschlorbeer, Buchsbaum und Rhododendron verlieren \u00fcber ihre Bl\u00e4tter auch im Winter st\u00e4ndig Wasser. Aus diesem Grund ist es umso wichtiger, diese Pflanzen zu gie\u00dfen, sobald die Temperaturen \u00fcber null Grad ansteigen. Sollte es im Februar trotz Sonne sehr eisig bleiben, ist es notwendig, f\u00fcr einen Sonnenschutz zu sorgen, um die Verdunstung zu minimieren. Als Schutz vor Sonne kann zum Beispiel ein Bettlaken dienen, das Sie einfach \u00fcber die Krone legen.<\/p>\n<h2>Dem Gartenh\u00e4uschen oder Keller einen Besuch abstatten<\/h2>\n<p>Hat der Hobbyg\u00e4rtner im Garten alles erledigt, wird es schlie\u00dflich Zeit f\u00fcr einen Besuch im Keller oder Gartenh\u00e4uschen. Es dauert nicht mehr lange, bis die n\u00e4chste Gartensaison beginnt. Deshalb ist jetzt der perfekte Zeitpunkt, um die Gartenger\u00e4te zu warten und die <a href=\"https:\/\/www.moebelliebling.de\/Garten-Balkon\/\" target=\"_blank\" rel=\"noopener\">Gartenm\u00f6bel vorzubereiten<\/a>:<\/p>\n<ul>\n<li>Spaten, Schaufel und Harke reinigen<\/li>\n<li>Gegebenenfalls entrosten und einfetten<\/li>\n<li>S\u00e4mtliche Gartenscheren schleifen<\/li>\n<li>Messer von Heckenschere und Rasenm\u00e4her sch\u00e4rfen<\/li>\n<li>Eventuell ein neues S\u00e4geblatt f\u00fcr die Baums\u00e4ge besorgen<\/li>\n<li><a href=\"https:\/\/www.moebelliebling.de\/blog\/gartenmoebel-fuer-die-sommersaison-vorbereiten\" target=\"_blank\" rel=\"noopener\">Lackierung oder Lasur von Gartenm\u00f6beln kontrollieren und evtl. Farbe besorgen<\/a><\/li>\n<\/ul>\n<p>Zudem k\u00f6nnen Sie jetzt alle Pflanzcontainer und Blument\u00f6pfe, die bald wieder gebraucht werden, gr\u00fcndlich reinigen. Das ist wichtig, weil etwa Pilzsporen mehrere Monate in Tont\u00f6pfen \u00fcberstehen und junge Pflanzen sch\u00e4digen k\u00f6nnten. Alle Gef\u00e4\u00dfe, in denen sich zuvor kranke Pflanzen befanden, m\u00fcssen Sie entweder entsorgen oder gr\u00fcndlich auskochen. Ansonsten gen\u00fcgt es, die Pflanzgef\u00e4\u00dfe im trockenen Zustand mit einer B\u00fcrste abzureiben. Trotz der Reinigungsaktion sollten Sie aber keine neuen T\u00f6pfe erwarten, da sich die meisten Ablagerungen nicht mehr entfernen lassen. Dann hilft nur noch ein Besuch im Gartencenter, um sich mit neuen Pflanzgef\u00e4\u00dfen auszustatten.<\/p>\n\n","protected":false},"excerpt":{"rendered":"<p>Wenn es drau\u00dfen noch st\u00fcrmt und schneit, denken die wenigsten an ihren Garten. Leider k\u00f6nnen die heftigen Temperaturschwankungen im Februar den Pflanzen ebenso zu schaffen machen wie starke Schneef\u00e4lle. Was viele auch nicht wissen: Im Februar laufen f\u00fcr manche Arbeiten einige vom Gesetzgeber vorgegebene Fristen ab. So darf zum Beispiel die Hecke nur noch in [&hellip;]<\/p>\n","protected":false},"author":6,"featured_media":991,"comment_status":"closed","ping_status":"closed","sticky":false,"template":"","format":"standard","meta":{"footnotes":""},"categories":[599,20],"tags":[146,326,325,327,2600,103,32,252,2599,328,2053],"class_list":["post-990","post","type-post","status-publish","format-standard","has-post-thumbnail","hentry","category-inspiration","category-mein-garten","tag-blumen","tag-februar","tag-garten","tag-hecke","tag-heckenschnitt","tag-pflanzen","tag-rasen","tag-schnee","tag-schneeraeumen","tag-topf","tag-umtopfen"],"amp_enabled":true,"_links":{"self":[{"href":"https:\/\/www.stilartmoebel.de\/zuhause-bei-sam\/wp-json\/wp\/v2\/posts\/990","targetHints":{"allow":["GET"]}}],"collection":[{"href":"https:\/\/www.stilartmoebel.de\/zuhause-bei-sam\/wp-json\/wp\/v2\/posts"}],"about":[{"href":"https:\/\/www.stilartmoebel.de\/zuhause-bei-sam\/wp-json\/wp\/v2\/types\/post"}],"author":[{"embeddable":true,"href":"https:\/\/www.stilartmoebel.de\/zuhause-bei-sam\/wp-json\/wp\/v2\/users\/6"}],"replies":[{"embeddable":true,"href":"https:\/\/www.stilartmoebel.de\/zuhause-bei-sam\/wp-json\/wp\/v2\/comments?post=990"}],"version-history":[{"count":26,"href":"https:\/\/www.stilartmoebel.de\/zuhause-bei-sam\/wp-json\/wp\/v2\/posts\/990\/revisions"}],"predecessor-version":[{"id":17024,"href":"https:\/\/www.stilartmoebel.de\/zuhause-bei-sam\/wp-json\/wp\/v2\/posts\/990\/revisions\/17024"}],"wp:featuredmedia":[{"embeddable":true,"href":"https:\/\/www.stilartmoebel.de\/zuhause-bei-sam\/wp-json\/wp\/v2\/media\/991"}],"wp:attachment":[{"href":"https:\/\/www.stilartmoebel.de\/zuhause-bei-sam\/wp-json\/wp\/v2\/media?parent=990"}],"wp:term":[{"taxonomy":"category","embeddable":true,"href":"https:\/\/www.stilartmoebel.de\/zuhause-bei-sam\/wp-json\/wp\/v2\/categories?post=990"},{"taxonomy":"post_tag","embeddable":true,"href":"https:\/\/www.stilartmoebel.de\/zuhause-bei-sam\/wp-json\/wp\/v2\/tags?post=990"}],"curies":[{"name":"wp","href":"https:\/\/api.w.org\/{rel}","templated":true}]}}