{"id":8808,"date":"2016-04-20T08:00:51","date_gmt":"2016-04-20T06:00:51","guid":{"rendered":"https:\/\/www.stilartmoebel.de\/zuhause-bei-sam\/?p=8808"},"modified":"2025-07-28T13:49:10","modified_gmt":"2025-07-28T11:49:10","slug":"beleuchtung-so-setzen-sie-ihren-garten-richtig-in-szene","status":"publish","type":"post","link":"https:\/\/www.stilartmoebel.de\/zuhause-bei-sam\/beleuchtung-so-setzen-sie-ihren-garten-richtig-in-szene\/","title":{"rendered":"Gartenbeleuchtung \u2013 So setzen Sie Ihren Garten richtig in Szene"},"content":{"rendered":"<p>Die Tage werden l\u00e4nger, die Temperaturen steigen und so mancher Gartenbesitzer liebt es, auf der <a href=\"https:\/\/www.moebelliebling.de\/Garten-Balkon\/\" target=\"_blank\" rel=\"noopener\">Terrasse im Garten<\/a> zu sitzen. Doch auch in Fr\u00fchling und Sommer wird es irgendwann dunkel. Gl\u00fccklich ist der, der \u00fcber eine gem\u00fctliche <a href=\"https:\/\/www.gartenleuchten.de\/\" target=\"_blank\" rel=\"noopener\">Gartenbeleuchtung<\/a> verf\u00fcgt. F\u00fcr die verschiedenen Bereiche haben Sie verschiedene M\u00f6glichkeiten, Ihren Garten ins richtige Licht zu r\u00fccken.<!--more--><\/p>\n\n<h2>Gartenbeleuchtung f\u00fcr Fl\u00e4chen, Wege und Gartenteich<\/h2>\n<p>F\u00fcr die zahlreichen Ecken, Fl\u00e4chen und Wege im Garten brauchen Sie rein funktionelles Licht. Solar-Strahler eignen sich hervorragend, um einzelne Objekte zu betonen. B\u00e4ume, Steine oder Statuen k\u00f6nnen Sie mit ihnen anstrahlen. Ihr Vorteil: Sie werden nur mit Erdspie\u00dfen in den Boden verankert und k\u00f6nnen so auch ihre Position wechseln. F\u00fcr die Wege eigenen sich Sockel- oder Pollerleuchten sowie Laternen. Diese sind meist beinhoch und werden in regelm\u00e4\u00dfigen Abst\u00e4nden aufgestellt. Mit einem Bewegungsmelder verbunden sorgen sie nur dann f\u00fcr Licht, wenn es notwendig ist.<\/p>\n<p>Ist ein Teich vorhanden? Dann k\u00f6nnen Sie diesen mit der richtigen Beleuchtung in eine wundervolle Stimmung eintauchen. Kugelleuchten k\u00f6nnen auf dem Wasser treiben, Strahler die Font\u00e4ne in verschiedenen Farben anstrahlen. Auch Licht unter Wasser ist m\u00f6glich. Hier gibt es spezielle Unterwasserstrahler, die mit verschiedenen Filtern ebenfalls unterschiedliche Farben annehmen k\u00f6nnen. Aber auch eine Lichterkette mit LED-Lampen zaubert rund um den Teich eine tolle Stimmung. Vergessen Sie nicht: Auch Hausnummer und Gartenklingel wollen im Dunkeln erkannt werden.<\/p>\n<p>Achtung: Die Stromversorgung m\u00fcssen Sie bei all diesen Varianten kl\u00e4ren. Achten Sie unbedingt auf spezielle Outdoor-Lampen, die f\u00fcr den Einsatz im Freien konzipiert sind. Die (unterirdische) Verlegung von Stromkabeln sollten Sie besser in die H\u00e4nde von Fachleuten legen. Diese kennen auch die erforderlichen Pr\u00fcfsiegel, die f\u00fcr den Garten notwendig sind.<\/p>\n<figure id=\"attachment_8821\" aria-labelledby=\"figcaption_attachment_8821\" class=\"wp-caption aligncenter\" style=\"width: 1210px\"><img loading=\"lazy\" decoding=\"async\" class=\"wp-image-8821 size-full\" title=\"Bildquelle: \u00a9 Alexey Stiop\/shutterstock.com\" src=\"https:\/\/www.stilartmoebel.de\/zuhause-bei-sam\/wp-content\/uploads\/2016\/04\/teich-beleuchtung-garten-ideen.jpg\" alt=\"Effektvolle Beleuchtung im und am Teich bereichert den Garten\" width=\"1200\" height=\"692\" srcset=\"https:\/\/www.stilartmoebel.de\/zuhause-bei-sam\/wp-content\/uploads\/2016\/04\/teich-beleuchtung-garten-ideen.jpg 1200w, https:\/\/www.stilartmoebel.de\/zuhause-bei-sam\/wp-content\/uploads\/2016\/04\/teich-beleuchtung-garten-ideen-300x173.jpg 300w\" sizes=\"auto, (max-width: 1200px) 100vw, 1200px\" \/><figcaption id=\"figcaption_attachment_8821\" class=\"wp-caption-text\">Effektvolle Beleuchtung im und am Teich bereichert den Garten<\/figcaption><\/figure>\n<h2>Heimelige Stimmung in der Sitzecke durch die richtige Gartenbeleuchtung<\/h2>\n<p>Auf der Terrasse ist vor allem Gem\u00fctlichkeit angesagt, daher ist hier ein funktionaler Strahler eher fehl am Platze. F\u00fcr eine wohlige Stimmung eignen sich Lichterketten, Windlichter, Kerzen und auch Fackeln. Bei Kerzen und Windlichtern sollten Sie auf ein gewisses Eigengewicht achten, damit der Wind die Lichter nicht umwirft. Windlichter sollten Sie auch nicht zu dicht an Bl\u00e4tter und Bl\u00fcten stellen. Sonst k\u00f6nnten diese durch die hei\u00dfe Luft besch\u00e4digt werden oder gar Feuer fangen. Achten Sie auf Kerzen, die f\u00fcr den Au\u00dfenbereich konzipiert sind. Bei den Fackeln h\u00e4lt der Handel verschiedene Varianten mit \u00d6l vorr\u00e4tig \u2013 diese brennen nur, solange gen\u00fcgend \u00d6l vorhanden ist.<\/p>\n<p>Neben offenen Feuerquellen k\u00f6nnen Sie auch LED-Leuchten in der <a href=\"https:\/\/www.moebelliebling.de\/Garten-und-Balkongruppen\/\" target=\"_blank\" rel=\"noopener\">Gartenm\u00f6bel-Sitzecke<\/a> zum Einsatz bringen. Ebenso gibt es Stehlampen, die auch f\u00fcr die Au\u00dfenbeleuchtung geeignet sind. Wichtig ist die richtige Mischung aus hellen Lampen und gem\u00fctlichem, nat\u00fcrlichem Licht. So k\u00f6nnen Sie bis tief in die Nacht auf Ihrer Terrasse noch ein Buch lesen.<\/p>\n<h2>Auf die Energieeffizienz achten<\/h2>\n<p>Auch im Garten bedeutet Licht Stromverbrauch, daher sollten Sie schon bei der Gestaltung auf Energieeffizienz achten. F\u00fcr Wege und Fl\u00e4chen bieten sich hier Solarlampen an, diese laden sich w\u00e4hrend des Tages mit Energie auf und brennen \u00fcber Nacht, solange der Energievorrat reicht. Sie k\u00f6nnen besonders viel Licht tanken, wenn sie nach S\u00fcden ausgerichtet werden. Noch effizienter arbeiten diese Lampen, wenn Sie die Solarzelle regelm\u00e4\u00dfig reinigen. Die meisten Modelle verf\u00fcgen \u00fcber einen eingebauten Lichtsensor \u2013 die Beleuchtung schaltet sich automatisch ein, wenn es dunkler wird.<\/p>\n<p>F\u00fcr Bereiche, in denen keine Solarlampen gew\u00e4hlt werden k\u00f6nnen, sollten Sie zu energiesparenden Lichtleitfasern, Halogen- oder LED-Lampen greifen.<\/p>\n","protected":false},"excerpt":{"rendered":"<p>Die Tage werden l\u00e4nger, die Temperaturen steigen und so mancher Gartenbesitzer liebt es, auf der Terrasse im Garten zu sitzen. Doch auch in Fr\u00fchling und Sommer wird es irgendwann dunkel. Gl\u00fccklich ist der, der \u00fcber eine gem\u00fctliche Gartenbeleuchtung verf\u00fcgt. F\u00fcr die verschiedenen Bereiche haben Sie verschiedene M\u00f6glichkeiten, Ihren Garten ins richtige Licht zu r\u00fccken.<\/p>\n","protected":false},"author":6,"featured_media":8810,"comment_status":"closed","ping_status":"closed","sticky":false,"template":"","format":"standard","meta":{"footnotes":""},"categories":[599,20],"tags":[2043,2047,2048,2046,2045,2044],"class_list":["post-8808","post","type-post","status-publish","format-standard","has-post-thumbnail","hentry","category-inspiration","category-mein-garten","tag-gartenbeleuchtung","tag-kugelleuchten","tag-solarleuchten","tag-strahler","tag-teichlampen","tag-wege-beleuchten"],"amp_enabled":true,"_links":{"self":[{"href":"https:\/\/www.stilartmoebel.de\/zuhause-bei-sam\/wp-json\/wp\/v2\/posts\/8808","targetHints":{"allow":["GET"]}}],"collection":[{"href":"https:\/\/www.stilartmoebel.de\/zuhause-bei-sam\/wp-json\/wp\/v2\/posts"}],"about":[{"href":"https:\/\/www.stilartmoebel.de\/zuhause-bei-sam\/wp-json\/wp\/v2\/types\/post"}],"author":[{"embeddable":true,"href":"https:\/\/www.stilartmoebel.de\/zuhause-bei-sam\/wp-json\/wp\/v2\/users\/6"}],"replies":[{"embeddable":true,"href":"https:\/\/www.stilartmoebel.de\/zuhause-bei-sam\/wp-json\/wp\/v2\/comments?post=8808"}],"version-history":[{"count":8,"href":"https:\/\/www.stilartmoebel.de\/zuhause-bei-sam\/wp-json\/wp\/v2\/posts\/8808\/revisions"}],"predecessor-version":[{"id":16332,"href":"https:\/\/www.stilartmoebel.de\/zuhause-bei-sam\/wp-json\/wp\/v2\/posts\/8808\/revisions\/16332"}],"wp:featuredmedia":[{"embeddable":true,"href":"https:\/\/www.stilartmoebel.de\/zuhause-bei-sam\/wp-json\/wp\/v2\/media\/8810"}],"wp:attachment":[{"href":"https:\/\/www.stilartmoebel.de\/zuhause-bei-sam\/wp-json\/wp\/v2\/media?parent=8808"}],"wp:term":[{"taxonomy":"category","embeddable":true,"href":"https:\/\/www.stilartmoebel.de\/zuhause-bei-sam\/wp-json\/wp\/v2\/categories?post=8808"},{"taxonomy":"post_tag","embeddable":true,"href":"https:\/\/www.stilartmoebel.de\/zuhause-bei-sam\/wp-json\/wp\/v2\/tags?post=8808"}],"curies":[{"name":"wp","href":"https:\/\/api.w.org\/{rel}","templated":true}]}}