{"id":215,"date":"2014-04-29T09:56:52","date_gmt":"2014-04-29T07:56:52","guid":{"rendered":"http:\/\/www.stilartmoebel.de\/magazin\/?p=215"},"modified":"2025-10-27T12:07:35","modified_gmt":"2025-10-27T10:07:35","slug":"garten-und-balkon-als-outdoor-relax-bereich-einrichten","status":"publish","type":"post","link":"https:\/\/www.stilartmoebel.de\/zuhause-bei-sam\/garten-und-balkon-als-outdoor-relax-bereich-einrichten\/","title":{"rendered":"Garten und Balkon als Outdoor-Relax-Bereich einrichten"},"content":{"rendered":"<p>Viele Menschen k\u00f6nnen einen gro\u00dfen Garten ihr Eigen nennen. Doch die meisten k\u00f6nnen nur auf einen kleinen Balkon zur\u00fcckgreifen und haben dementsprechend nur einen begrenzten Platz zur Verf\u00fcgung. Doch auch hier m\u00f6chte man nat\u00fcrlich im Fr\u00fchjahr und vor allem im Sommer gerne seine Zeit in vollen Z\u00fcgen genie\u00dfen k\u00f6nnen. Immerhin hat das <a href=\"https:\/\/www.moebelliebling.de\/Garten-Balkon\/\" target=\"_blank\" rel=\"noopener\">gr\u00fcne Wohnzimmer<\/a> in den letzten Jahren enorm an Stellenwert zugelegt. Daher wird dieser neu gewonnene Wohnbereich nat\u00fcrlich auch entsprechend ausgestattet.<!--more--><\/p>\n<p>L\u00e4ngst sehen <a href=\"https:\/\/www.moebelliebling.de\/Garten-Balkon\/\" target=\"_blank\" rel=\"noopener\">Gartenm\u00f6bel<\/a> nicht mehr einfallslos und \u201epraktisch\u201c aus, sondern sind inzwischen vielmehr zu einem echten Interieur geworden. Dessen \u00c4hnlichkeit zu normalen Wohnm\u00f6beln ist teils frappierend. Einige Gartenm\u00f6bel f\u00fcr den Outdoor-Bereich sind sogar so gestaltet, dass diese selbst innerhalb des Hauses durchaus gut aussehen.<\/p>\n\n<h2>Leichte M\u00f6bel f\u00fcr den Au\u00dfeneinsatz<\/h2>\n<p>M\u00f6bel f\u00fcr den Outdoor-Einsatz m\u00fcssen so manche Strapazen aushalten k\u00f6nnen. Daher ist vor allem lichtechtes, wetterfestes und robustes Mobiliar \u00e4u\u00dferst wichtig. Hierf\u00fcr werden inzwischen \u00fcberwiegend leichte und besonders widerstandsf\u00e4hige Materialien verwendet. Mobiliar, welches das ganze Jahr \u00fcber im Freien stehen kann, ist etwa aus beschichtetem Aluminium mit einer Textilbespannung, welches mit klaren Linien und modernem Design daher kommt. Wohnen Sie allerdings in einer sehr windreichen Region, sollten Sie doch eher auf Gartenm\u00f6bel aus Stahlrohr setzen, da dieses standfester ist.<\/p>\n<p>Ein echter Klassiker auf dem Balkon und im Garten ist und bleibt allerdings Holz. Doch aufgepasst: Geben Sie lieber etwas mehr aus, wenn Sie von Liege, Bank und Co. m\u00f6glichst lange etwas haben m\u00f6chten. Lenken Sie Ihr Hauptaugenmerk daher definitiv auf Qualit\u00e4t.<br \/>\nAuch Rattanm\u00f6bel und vor allem solche aus Polyrattan halten immer mehr Einzug in die deutschen G\u00e4rten. Ob nun in einer herk\u00f6mmlichen Form oder in besonders extravagantem Design, Polyrattan-Gartenm\u00f6bel finden immer mehr Freunde in Deutschland.<\/p>\n<figure id=\"attachment_5127\" aria-labelledby=\"figcaption_attachment_5127\" class=\"wp-caption aligncenter\" style=\"width: 888px\"><img loading=\"lazy\" decoding=\"async\" class=\"wp-image-5127 size-full\" title=\"Bildquelle: \u00a9 KUPRYNENKO ANDRII\/shutterstock.com\" src=\"https:\/\/www.stilartmoebel.de\/zuhause-bei-sam\/wp-content\/uploads\/2014\/04\/terrasse-lounge-polstermoebel.jpg\" alt=\"Mit Outdoor-Polsterm\u00f6beln in edlem Grau wird die Terrasse zur stimmungsvollen Lounge unter freiem Himmel\" width=\"878\" height=\"357\" srcset=\"https:\/\/www.stilartmoebel.de\/zuhause-bei-sam\/wp-content\/uploads\/2014\/04\/terrasse-lounge-polstermoebel.jpg 878w, https:\/\/www.stilartmoebel.de\/zuhause-bei-sam\/wp-content\/uploads\/2014\/04\/terrasse-lounge-polstermoebel-300x122.jpg 300w, https:\/\/www.stilartmoebel.de\/zuhause-bei-sam\/wp-content\/uploads\/2014\/04\/terrasse-lounge-polstermoebel-768x312.jpg 768w\" sizes=\"auto, (max-width: 878px) 100vw, 878px\" \/><figcaption id=\"figcaption_attachment_5127\" class=\"wp-caption-text\">Mit Outdoor-Polsterm\u00f6beln in edlem Grau wird die Terrasse zur stimmungsvollen Lounge unter freiem Himmel<\/figcaption><\/figure>\n<h2>Loungem\u00f6bel \u2013 voll im Trend<\/h2>\n<p>Bei Gartenm\u00f6beln werden mitunter vielerlei Materialien miteinander gemischt, wie etwa Aluminium mit Textilbezug, Metallrahmen mit Holzauflage oder Stahlkonstruktionen mit Kunststoffgeflecht. Dadurch sind gleichzeitig auch gleich deutlich mehr Modellvarianten m\u00f6glich. So gibt es nat\u00fcrlich die altbew\u00e4hrten <a href=\"https:\/\/www.moebelliebling.de\/Garten-und-Balkongruppen\/\" target=\"_blank\" rel=\"noopener\">Sitzgruppen, welche in der Regel aus einem oder zwei Sesseln, einer Sitzbank und einem Tisch<\/a> bestehen. Daneben sind Sonnenliegen, aufwendig gestaltete Sitzm\u00f6bel wie sogenannte Daybeds, Bambussofas oder ganze Sitz- und Polsterlandschaften inzwischen \u00fcblich.<\/p>\n<p>Viele Sitzlandschaften bestehen aus verschiedenen Modulen, die individuell miteinander kombiniert werden. So k\u00f6nnen sie an die pers\u00f6nlichen Bed\u00fcrfnisse und das jeweilige Platzangebot angepasst werden. F\u00fcr solche Loungem\u00f6bel gibt es auch spezielle Outdoor-Polster, welche aus witterungsbest\u00e4ndigen Stoffen gefertigt sind und daher besonders schmutzresistent und pflegeleicht sind. Dadurch wirken die Loungem\u00f6bel nicht nur besonders edel und sehen wohnlich aus, sondern sind zudem auch noch vollst\u00e4ndig widerstandsf\u00e4hig gegen Wind und Wetter. Selbst bei starker Sonneneinstrahlung behalten hochwertige Loungem\u00f6bel aus Polyrattan ihre urspr\u00fcngliche Farbe. Auch sind diese besonders pflegeleicht. Einfach kurz feucht abwischen oder mit dem Gartenschlauch abspritzen, fertig.<\/p>\n<h2>Eine gr\u00fcne Oase \u2013 mit Pflanzen den Balkon zum Leben erwecken<\/h2>\n<p>Mit ein paar Pflanzen den Balkon in eine kleine Oase zu verwandeln ist kein Hexenwerk. F\u00fcr viele Menschen geh\u00f6ren Pflanzen auf dem Balkon sogar ganz klar dazu \u2013 vor allem in den St\u00e4dten, wo gr\u00fcne Ecken eher rar sind. Nicht selten kommt es dennoch vor, dass unz\u00e4hlige Balkone schlichtweg leer und trist bleiben, weil sich die Menschen die unter Umst\u00e4nden enorme Pflege der Pflanzen nicht zutrauen oder weil sie keine Lust haben, sich dieser zu widmen. Doch gibt es durchaus auch viele Pflanzen, die denkbar leicht zu halten sind, da sie sehr anspruchslos sind und daher nur wenig bis kaum einer Pflege bed\u00fcrfen. Hierzu z\u00e4hlt beispielsweise der Efeu.<\/p>\n<h2>Romantische Abende auf dem Balkon<\/h2>\n<p>Nicht nur der Garten, auch der Balkon kann romantisch gestaltet werden. Hier konnte das klassische Windlicht schon so manches Mal punkten und einen lauschigen Abend zaubern. Gleich viel romantischer wird es, wenn der Balkon nicht nur ein oder zwei Windlichter erh\u00e4lt, sondern zehn oder mehr.<\/p>\n","protected":false},"excerpt":{"rendered":"<p>Viele Menschen k\u00f6nnen einen gro\u00dfen Garten ihr Eigen nennen. Doch die meisten k\u00f6nnen nur auf einen kleinen Balkon zur\u00fcckgreifen und haben dementsprechend nur einen begrenzten Platz zur Verf\u00fcgung. Doch auch hier m\u00f6chte man nat\u00fcrlich im Fr\u00fchjahr und vor allem im Sommer gerne seine Zeit in vollen Z\u00fcgen genie\u00dfen k\u00f6nnen. Immerhin hat das gr\u00fcne Wohnzimmer in [&hellip;]<\/p>\n","protected":false},"author":10,"featured_media":223,"comment_status":"closed","ping_status":"closed","sticky":false,"template":"","format":"standard","meta":{"footnotes":""},"categories":[599,20],"tags":[28,2774,11,463,804,2773,794,26,21],"class_list":["post-215","post","type-post","status-publish","format-standard","has-post-thumbnail","hentry","category-inspiration","category-mein-garten","tag-balkon","tag-daybed","tag-design","tag-gartenmoebel","tag-loungemoebel","tag-outdoormoebel","tag-sonnenliege","tag-terrasse","tag-trends"],"amp_enabled":true,"_links":{"self":[{"href":"https:\/\/www.stilartmoebel.de\/zuhause-bei-sam\/wp-json\/wp\/v2\/posts\/215","targetHints":{"allow":["GET"]}}],"collection":[{"href":"https:\/\/www.stilartmoebel.de\/zuhause-bei-sam\/wp-json\/wp\/v2\/posts"}],"about":[{"href":"https:\/\/www.stilartmoebel.de\/zuhause-bei-sam\/wp-json\/wp\/v2\/types\/post"}],"author":[{"embeddable":true,"href":"https:\/\/www.stilartmoebel.de\/zuhause-bei-sam\/wp-json\/wp\/v2\/users\/10"}],"replies":[{"embeddable":true,"href":"https:\/\/www.stilartmoebel.de\/zuhause-bei-sam\/wp-json\/wp\/v2\/comments?post=215"}],"version-history":[{"count":14,"href":"https:\/\/www.stilartmoebel.de\/zuhause-bei-sam\/wp-json\/wp\/v2\/posts\/215\/revisions"}],"predecessor-version":[{"id":17032,"href":"https:\/\/www.stilartmoebel.de\/zuhause-bei-sam\/wp-json\/wp\/v2\/posts\/215\/revisions\/17032"}],"wp:featuredmedia":[{"embeddable":true,"href":"https:\/\/www.stilartmoebel.de\/zuhause-bei-sam\/wp-json\/wp\/v2\/media\/223"}],"wp:attachment":[{"href":"https:\/\/www.stilartmoebel.de\/zuhause-bei-sam\/wp-json\/wp\/v2\/media?parent=215"}],"wp:term":[{"taxonomy":"category","embeddable":true,"href":"https:\/\/www.stilartmoebel.de\/zuhause-bei-sam\/wp-json\/wp\/v2\/categories?post=215"},{"taxonomy":"post_tag","embeddable":true,"href":"https:\/\/www.stilartmoebel.de\/zuhause-bei-sam\/wp-json\/wp\/v2\/tags?post=215"}],"curies":[{"name":"wp","href":"https:\/\/api.w.org\/{rel}","templated":true}]}}