{"id":2117,"date":"2015-06-23T09:09:50","date_gmt":"2015-06-23T07:09:50","guid":{"rendered":"http:\/\/www.stilartmoebel.de\/magazin\/?p=2117"},"modified":"2025-10-24T14:06:27","modified_gmt":"2025-10-24T12:06:27","slug":"gartenpflege-im-juli-darauf-sollten-sie-achten","status":"publish","type":"post","link":"https:\/\/www.stilartmoebel.de\/zuhause-bei-sam\/gartenpflege-im-juli-darauf-sollten-sie-achten\/","title":{"rendered":"Gartenpflege im Juli &#8211; darauf sollten Sie achten!"},"content":{"rendered":"<p>Der Juli verw\u00f6hnt uns in der Regel mit langen, warmen und sonnigen Tagen, die wir am liebsten in unserem Garten verbringen m\u00f6chten. W\u00e4hrend der Sommerzeit ist der eigene Garten der perfekte Ort zum Entspannen auf den <a href=\"https:\/\/www.moebelliebling.de\/Garten-Balkon\/\" target=\"_blank\" rel=\"noopener\">Gartenm\u00f6beln<\/a> oder in einem H\u00e4ngesessel im Schatten. Damit Sie sich in Ihrer gr\u00fcnen Oase aber so richtig wohlf\u00fchlen, stehen trotzdem einige <a href=\"https:\/\/www.plantura.garden\/gartenpraxis\/gartenarbeiten\/gartenpflege-im-fruehjahr-und-sommer\" target=\"_blank\" rel=\"noopener\">Gartenpflege-Arbeiten<\/a> an. Das gilt im Juli insbesondere f\u00fcr Ihre Rosen, die Stauden, den Rasen und die Kr\u00e4uter. Wir verraten Ihnen, worauf Sie bei der Gartenpflege in diesem Monat achten sollten.<!--more--><\/p>\n\n<h2>Rosen ben\u00f6tigen jetzt Ihre Aufmerksamkeit<\/h2>\n<p>Die Hauptbl\u00fctezeit der Rosen geht im Juli langsam zu Ende. Beachten Sie bei der Rosenpflege im Juli die folgenden Hinweise:<\/p>\n<ul>\n<li>Um Krankheiten zu verhindern und die Rose optimal auf die Wintermonate vorzubereiten, sollten Sie bei den Pflanzen den Samenansatz entfernen.<\/li>\n<li>So kann die Rose Energie sparen und sich auf die Bildung neuer Bl\u00fcten konzentrieren.<\/li>\n<li>Entfernen Sie bei einem R\u00fcckschnitt die verwelkten Bl\u00fcten und alle dreibl\u00e4ttrigen Fiedern.<\/li>\n<li>Nach der Bl\u00fcte sollten einmal bl\u00fchende Rosen ausgelichtet werden, wobei nur die kr\u00e4ftigsten Triebe stehen gelassen werden.<\/li>\n<\/ul>\n<p>Das Ausd\u00fcnnen sorgt daf\u00fcr, dass der Wind die Pflanze nach einem Regenschauer besser trocknet und dadurch das Risiko f\u00fcr einen Pilzbefall verringert. Nachdem Sie die Rosen zur\u00fcckgeschnitten haben, sollten Sie sie noch einmal kr\u00e4ftig d\u00fcngen. Dadurch reifen die Triebe besser aus. Tipp: Verwenden Sie in einer Region mit kalkarmen B\u00f6den ruhig ein wenig Kalkpulver oder Kalksplitt. Dar\u00fcber werden sich die Rosen freuen.<\/p>\n<p>Durch die warme Sommerwitterung entstehen gerade bei empfindlichen Rosenarten leider h\u00e4ufig Pilze. Am besten beugen Sie vor, indem Sie die Pflanzen regelm\u00e4\u00dfig spritzen. Verwenden Sie daf\u00fcr Fungizide oder St\u00e4rkungsmittel. Im Idealfall sollten Sie aber in Ihrem Garten von vornherein nur kr\u00e4ftige und widerstandsf\u00e4hige Sorten anpflanzen, da ein Pilzbefall hier deutlich seltener ist.<\/p>\n<figure id=\"attachment_4908\" aria-labelledby=\"figcaption_attachment_4908\" class=\"wp-caption aligncenter\" style=\"width: 888px\"><img loading=\"lazy\" decoding=\"async\" class=\"wp-image-4908 size-full\" title=\"Bildquelle: \u00a9 Srdjan Fot\/shutterstock.com\" src=\"https:\/\/www.stilartmoebel.de\/zuhause-bei-sam\/wp-content\/uploads\/2015\/06\/garten-rosen-pflege-blueten.jpg\" alt=\"Befreien Sie Ihre Rosen regelm\u00e4\u00dfig von welken Bl\u00fcten und Fruchtst\u00e4nden\" width=\"878\" height=\"357\" srcset=\"https:\/\/www.stilartmoebel.de\/zuhause-bei-sam\/wp-content\/uploads\/2015\/06\/garten-rosen-pflege-blueten.jpg 878w, https:\/\/www.stilartmoebel.de\/zuhause-bei-sam\/wp-content\/uploads\/2015\/06\/garten-rosen-pflege-blueten-300x122.jpg 300w\" sizes=\"auto, (max-width: 878px) 100vw, 878px\" \/><figcaption id=\"figcaption_attachment_4908\" class=\"wp-caption-text\">Befreien Sie Ihre Rosen regelm\u00e4\u00dfig von welken Bl\u00fcten und Fruchtst\u00e4nden<\/figcaption><\/figure>\n<h2>Gartenpflege bei Kr\u00e4utern: Jetzt abernten<\/h2>\n<p>Der Juli ist der Kr\u00e4utermonat schlechthin. Jetzt k\u00f6nnen Sie Oregano, Estragon und Bohnenkraut in rauen Mengen ernten. Doch nicht nur wegen der gro\u00dfen Ausbeute empfiehlt sich die Ernte in diesem Monat, sondern auch, weil zugleich ein R\u00fcckschnitt erfolgt. Wenn Sie Ihren Kr\u00e4utergarten jetzt nicht rigoros abernten, werden die Pflanzen alt und verlieren Ihre Vitalit\u00e4t. Falls Sie zu viele Kr\u00e4uter in Ihrem Garten haben und nicht alle sofort verbrauchen, k\u00f6nnen Sie sie auch trocknen oder einfrieren. Au\u00dferdem bietet es sich an, die Kr\u00e4uter in \u00d6l oder Salz zu konservieren oder sofort zu einem schmackhaften Pesto zu verarbeiten.<\/p>\n<p>Lediglich der Lavendel bleibt noch unangetastet. Er darf erst nach seiner Hochbl\u00fcte, also etwa Ende August, zur\u00fcckgeschnitten werden. Schneiden Sie Ihre Kr\u00e4uter so, dass an jedem Trieb noch ausreichend Bl\u00e4tter bestehen bleiben. Erzeugen Sie keine kahlen St\u00e4ngel! Achten Sie darauf, dass die Grundform auch nach der Ernte noch eine halbe Kugel ergibt. Hier bildet der Salbei eine Ausnahme: Er w\u00e4chst individueller und sollte daher St\u00e4ngel f\u00fcr St\u00e4ngel geschnitten werden. Nach dem Schneiden empfiehlt es sich, die Kr\u00e4uter noch einmal mit einem leichten D\u00fcnger zu versorgen. Meist k\u00f6nnen Sie sich dann im Sp\u00e4tsommer noch einmal \u00fcber eine zweite Ernte freuen.<\/p>\n<h2>Rasen w\u00e4ssern nicht vergessen<\/h2>\n<p>Der Juli zeigt sich nicht selten von seiner hei\u00dfen und trockenen Seite. Aus diesem Grund sollten Sie nicht vergessen, Ihren Rasen mit ausreichend Wasser zu versorgen. Andernfalls drohen Verbrennungen und Sch\u00e4digungen, die \u00fcber die komplette Saison erhalten bleiben und Ihren Garten optisch beeintr\u00e4chtigen. Im Idealfall sollten Sie den Regner ungef\u00e4hr alle vier Tage f\u00fcr etwa eine Stunde einschalten. W\u00e4ssern Sie das Gras generell lieber seltener und daf\u00fcr ausgiebig, als h\u00e4ufig mit einer geringen Wassermenge.<\/p>\n<figure id=\"attachment_4909\" aria-labelledby=\"figcaption_attachment_4909\" class=\"wp-caption aligncenter\" style=\"width: 888px\"><img loading=\"lazy\" decoding=\"async\" class=\"wp-image-4909 size-full\" title=\"Bildquelle: \u00a9 Levent Konuk\/shutterstock.com\" src=\"https:\/\/www.stilartmoebel.de\/zuhause-bei-sam\/wp-content\/uploads\/2015\/06\/rasen-juli-giessen-waessern.jpg\" alt=\"W\u00e4ssern Sie den Rasen im Sommer lieber seltener und daf\u00fcr ausgiebig\" width=\"878\" height=\"357\" srcset=\"https:\/\/www.stilartmoebel.de\/zuhause-bei-sam\/wp-content\/uploads\/2015\/06\/rasen-juli-giessen-waessern.jpg 878w, https:\/\/www.stilartmoebel.de\/zuhause-bei-sam\/wp-content\/uploads\/2015\/06\/rasen-juli-giessen-waessern-300x122.jpg 300w\" sizes=\"auto, (max-width: 878px) 100vw, 878px\" \/><figcaption id=\"figcaption_attachment_4909\" class=\"wp-caption-text\">W\u00e4ssern Sie den Rasen im Sommer lieber seltener und daf\u00fcr ausgiebig<\/figcaption><\/figure>\n<h2>Stauden pflegen und neu anpflanzen<\/h2>\n<p>Auch die Stauden ben\u00f6tigen im Sommermonat Juli ein wenig Gartenpflege. Das gilt insbesondere f\u00fcr die Gew\u00e4chse, die schon l\u00e4nger in Ihrem Garten stehen. Entfernen Sie verbl\u00fchte Pflanzenteile m\u00f6glichst sofort, da die Pflanzen andernfalls an Vitalit\u00e4t einb\u00fc\u00dfen. Nach dem R\u00fcckschnitt k\u00f6nnen Sie die Stauden erneut mit Bl\u00fchpflanzen- oder Rosend\u00fcnger verw\u00f6hnen. Setzen Sie dabei am besten auf organischen Langzeitd\u00fcnger, der Ihre Stauden schonend mit N\u00e4hrstoffen versorgt. Verzichten Sie aber auf den Einsatz von l\u00f6slichen D\u00fcngemitteln. Starkregen w\u00e4scht derartige D\u00fcnger aus dem Boden aus, sodass sie ins Grundwasser gelangen. Damit schonen Sie weder Ihren Geldbeutel noch die Umwelt.<\/p>\n<p>Dar\u00fcber hinaus ist der Juli ein guter Monat, um noch Stauden in den Garten zu pflanzen. Wenn Sie das Gef\u00fchl haben, das an einer Stelle noch ein Farbtupfer fehlt oder eine L\u00fccke im Beet entstanden ist, sind neue Gew\u00e4chse immer eine gute Idee. Gehen Sie beim Pflanzen wie folgt vor:<\/p>\n<ol>\n<li>Den Topf der Pflanze in einen Eimer mit Wasser stellen, sodass sich der Wurzelballen gut vollsaugen kann.<\/li>\n<li>Topfballen leicht ankratzen, um den Drehwuchs der Wurzeln zu unterbinden.<\/li>\n<li>Die neue Staude an der gew\u00fcnschten Stelle in die Erde setzen.<\/li>\n<li>Bereits bestehende Bl\u00fcten komplett abschneiden, damit die Pflanze gen\u00fcgend Kraft in das Wachstum stecken kann.<\/li>\n<\/ol>\n<p>So verzichten Sie zwar in diesem Jahr noch auf eine neue Bl\u00fctenpracht, werden in der kommenden Saison aber mit einem umso gr\u00f6\u00dferen Bl\u00fctenreichtum verw\u00f6hnt. Bei der Gartenpflege ist es da wie im richtigen Leben: Gut Ding will manchmal Weil haben&#8230;<\/p>\n","protected":false},"excerpt":{"rendered":"<p>Der Juli verw\u00f6hnt uns in der Regel mit langen, warmen und sonnigen Tagen, die wir am liebsten in unserem Garten verbringen m\u00f6chten. W\u00e4hrend der Sommerzeit ist der eigene Garten der perfekte Ort zum Entspannen auf den Gartenm\u00f6beln oder in einem H\u00e4ngesessel im Schatten. Damit Sie sich in Ihrer gr\u00fcnen Oase aber so richtig wohlf\u00fchlen, stehen [&hellip;]<\/p>\n","protected":false},"author":6,"featured_media":2118,"comment_status":"closed","ping_status":"closed","sticky":false,"template":"","format":"standard","meta":{"footnotes":""},"categories":[598,20],"tags":[838,2263,2326,230,32,222,651],"class_list":["post-2117","post","type-post","status-publish","format-standard","has-post-thumbnail","hentry","category-garten-tipps","category-mein-garten","tag-gartenpflege","tag-hochsommer","tag-juli","tag-kraeuter","tag-rasen","tag-rosen","tag-stauden"],"amp_enabled":true,"_links":{"self":[{"href":"https:\/\/www.stilartmoebel.de\/zuhause-bei-sam\/wp-json\/wp\/v2\/posts\/2117","targetHints":{"allow":["GET"]}}],"collection":[{"href":"https:\/\/www.stilartmoebel.de\/zuhause-bei-sam\/wp-json\/wp\/v2\/posts"}],"about":[{"href":"https:\/\/www.stilartmoebel.de\/zuhause-bei-sam\/wp-json\/wp\/v2\/types\/post"}],"author":[{"embeddable":true,"href":"https:\/\/www.stilartmoebel.de\/zuhause-bei-sam\/wp-json\/wp\/v2\/users\/6"}],"replies":[{"embeddable":true,"href":"https:\/\/www.stilartmoebel.de\/zuhause-bei-sam\/wp-json\/wp\/v2\/comments?post=2117"}],"version-history":[{"count":12,"href":"https:\/\/www.stilartmoebel.de\/zuhause-bei-sam\/wp-json\/wp\/v2\/posts\/2117\/revisions"}],"predecessor-version":[{"id":16993,"href":"https:\/\/www.stilartmoebel.de\/zuhause-bei-sam\/wp-json\/wp\/v2\/posts\/2117\/revisions\/16993"}],"wp:featuredmedia":[{"embeddable":true,"href":"https:\/\/www.stilartmoebel.de\/zuhause-bei-sam\/wp-json\/wp\/v2\/media\/2118"}],"wp:attachment":[{"href":"https:\/\/www.stilartmoebel.de\/zuhause-bei-sam\/wp-json\/wp\/v2\/media?parent=2117"}],"wp:term":[{"taxonomy":"category","embeddable":true,"href":"https:\/\/www.stilartmoebel.de\/zuhause-bei-sam\/wp-json\/wp\/v2\/categories?post=2117"},{"taxonomy":"post_tag","embeddable":true,"href":"https:\/\/www.stilartmoebel.de\/zuhause-bei-sam\/wp-json\/wp\/v2\/tags?post=2117"}],"curies":[{"name":"wp","href":"https:\/\/api.w.org\/{rel}","templated":true}]}}