{"id":194,"date":"2014-04-25T12:04:18","date_gmt":"2014-04-25T10:04:18","guid":{"rendered":"http:\/\/www.stilartmoebel.de\/magazin\/?p=194"},"modified":"2025-09-09T10:35:47","modified_gmt":"2025-09-09T08:35:47","slug":"das-ideale-gartenmoebel-set","status":"publish","type":"post","link":"https:\/\/www.stilartmoebel.de\/zuhause-bei-sam\/das-ideale-gartenmoebel-set\/","title":{"rendered":"Das ideale Gartenm\u00f6bel-Set"},"content":{"rendered":"<p>Wenn sich das Leben allm\u00e4hlich wieder an die frische Luft verlagert, wird es Zeit, sich \u00fcber die Gartenm\u00f6bel Gedanken zu machen. Schlie\u00dflich sollen die <a href=\"https:\/\/www.moebelliebling.de\/Garten-Balkon\/\" target=\"_blank\" rel=\"noopener\">Gartenm\u00f6bel<\/a> schon bald das Zentrum des Familienlebens darstellen, denn bei strahlend sch\u00f6nem Sonnenschein m\u00f6chte niemand seine Freizeit in der Wohnung verbringen. Gartenm\u00f6bel gibt es bekanntlich viele, doch die Suche nach dem idealen <a href=\"https:\/\/www.moebelliebling.de\/Garten-und-Balkongruppen\/\" target=\"_blank\" rel=\"noopener\">Gartenm\u00f6bel-Set<\/a> kann schon etwas aufwendiger sein. Hier gibt es doch einiges zu beachten.<!--more--><\/p>\n\n<h2>Das perfekte Material f\u00fcr das Gartenm\u00f6bel-Set<\/h2>\n<p>Es kommt auf einige Eigenschaften an, doch ganz vorne steht sicherlich das Material. Das Set sollte einiges aushalten und dennoch dem eigenen Geschmack soweit m\u00f6glich gerecht werden. Gartenm\u00f6bel k\u00f6nnen Sie in jedem erdenklichen Material erwerben. Sehr beliebt ist nach wie vor Kunststoff, doch Gartenm\u00f6bel aus diesem Material sehen kaum gem\u00fctlich aus. Allerdings geht es genau darum. Denn der Garten und die Terrasse wandelt sich immer mehr zu einem zweiten Wohnzimmer, weshalb eine sch\u00f6ne und hochwertige Ausstattung besonders wichtig ist.<\/p>\n<p>Aus diesem Grund sind M\u00f6bel aus Holz f\u00fcr den Garten extrem empfehlenswert, vereinen sie doch direkt mehrere Vorteile. Ein Gartenm\u00f6bel-Set aus Holz h\u00e4lt einiges aus und kann oftmals Wind und Wetter trotzen. Naturbelassene Gartenm\u00f6bel unterstreichen selbstverst\u00e4ndlich auch das nat\u00fcrliche Ambiente des Gartens und f\u00f6rdern das eigene Wohlbefinden.<\/p>\n<figure id=\"attachment_5145\" aria-labelledby=\"figcaption_attachment_5145\" class=\"wp-caption aligncenter\" style=\"width: 888px\"><img loading=\"lazy\" decoding=\"async\" class=\"wp-image-5145 size-full\" title=\"Bildquelle: \u00a9 Ekaterina Lin\/shutterstock.com\" src=\"https:\/\/www.stilartmoebel.de\/zuhause-bei-sam\/wp-content\/uploads\/2014\/04\/polster-outdoor-garten-moebel.jpg\" alt=\"Outdoor-Polsterm\u00f6bel und Kissen eignen sich auch f\u00fcr den Garten und schaffen mit hellen Farben eine gem\u00fctliche Atmosph\u00e4re\" width=\"878\" height=\"357\" srcset=\"https:\/\/www.stilartmoebel.de\/zuhause-bei-sam\/wp-content\/uploads\/2014\/04\/polster-outdoor-garten-moebel.jpg 878w, https:\/\/www.stilartmoebel.de\/zuhause-bei-sam\/wp-content\/uploads\/2014\/04\/polster-outdoor-garten-moebel-300x122.jpg 300w, https:\/\/www.stilartmoebel.de\/zuhause-bei-sam\/wp-content\/uploads\/2014\/04\/polster-outdoor-garten-moebel-768x312.jpg 768w\" sizes=\"auto, (max-width: 878px) 100vw, 878px\" \/><figcaption id=\"figcaption_attachment_5145\" class=\"wp-caption-text\">Outdoor-Polsterm\u00f6bel und Kissen eignen sich auch f\u00fcr den Garten und schaffen mit hellen Farben eine gem\u00fctliche Atmosph\u00e4re<\/figcaption><\/figure>\n<h2>Platz effektiv nutzen: Den Garten individuell einrichten<\/h2>\n<p>Kaum zu vernachl\u00e4ssigen ist der Platz, der unweigerlich in jedem Garten begrenzt ist. Die Gartenm\u00f6bel sollten daher auch darauf angepasst werden und m\u00f6glichst platzsparend auftreten. Die Wahl f\u00fcr die richtigen M\u00f6bel muss nicht aufwendig sein, wenn einige Faktoren stets im Auge behalten werden. Praktisch erweist sich der Kauf eines Sets, denn damit ist bereits alles N\u00f6tige enthalten, was f\u00fcr eine gem\u00fctliche Wohlf\u00fchlatmosph\u00e4re im Garten gebraucht wird. Zus\u00e4tzlich passen die M\u00f6bel auch optisch hervorragend zusammen.<\/p>\n<p>F\u00fcr solche Vorhaben erweisen sich Gartenm\u00f6bel-Sets als \u00fcberaus praktisch. Sie k\u00f6nnen die M\u00f6bel individuell arrangieren und damit perfekt in Ihren Garten integrieren. Gem\u00fctlichkeit geht von einem Lounge-Set aus, welches sehr viel Platz f\u00fcr Besuch und andere Familienmitglieder bietet. Pluspunkt: Es l\u00e4sst sich trotzdem noch in kleinen G\u00e4rten unterbringen.<\/p>\n<p>Ein besonders wichtiges M\u00f6belst\u00fcck ist logischerweise ein Tisch. Wer im Garten verweilt, isst und genie\u00dft, der muss vorsorgen und sich f\u00fcr einen <a href=\"https:\/\/www.moebelliebling.de\/Garten-und-Balkontische\/\" target=\"_blank\" rel=\"noopener\">Gartentisch<\/a> entscheiden, der am besten ausreichend Platz f\u00fcr s\u00e4mtliche Mitglieder der Familie bietet.<\/p>\n<p>Ein solches Gartenm\u00f6bel-Set muss letztlich noch bequeme St\u00fchle enthalten. Nur so k\u00f6nnen es sich alle am Gartentisch gem\u00fctlich machen. Es ist nicht schlecht, wenn s\u00e4mtliche Eventualit\u00e4ten vor dem Kauf beachtet werden. Schlie\u00dflich kann immer Besuch vorbeikommen, wom\u00f6glich laden die Kinder ihre Spielkameraden zum Essen ein oder die Nachbarn schneien spontan vorbei. Sehr wenig Platz nehmen auch <a href=\"https:\/\/www.moebelliebling.de\/Garten-und-Balkonbaenke\/\" target=\"_blank\" rel=\"noopener\">Gartenb\u00e4nke<\/a> weg, denn sogar die kleinsten Nischen k\u00f6nnen so gem\u00fctlich in den Vordergrund treten.<\/p>\n<h2>Die Optik der Gartenm\u00f6bel<\/h2>\n<p>Nicht nur Material und genaue Konstellation der Gartenm\u00f6bel ist ein \u00fcberaus wichtiges Merkmal. Ebenso sorgf\u00e4ltig sollten Sie nat\u00fcrlich auch die Optik beachten. Das Gartenm\u00f6bel-Set wird ab dem Tag des Kaufes ein Bestandteil des Familienlebens. Im Sommer machen es sich alle Familienmitglieder beinahe t\u00e4glich auf diesen Gartenm\u00f6beln gem\u00fctlich und genie\u00dfen das Leben an der frischen Luft. Die Gartenm\u00f6bel m\u00fcssen demnach gefallen und das Ambiente unterstreichen, das im Garten vorherrscht.<\/p>\n<p>Zus\u00e4tzlich ist es von enormer Wichtigkeit, dass Sie die Gartenm\u00f6bel passend zur bereits bestehenden Ausstattung w\u00e4hlen. Nur so ergibt sich am Ende ein harmonisches und rundherum einladendes Bild. Wer nat\u00fcrliche Holzm\u00f6bel zu sch\u00e4tzen wei\u00df, sollte keinerlei Kompromisse eingehen. Die Gartenm\u00f6bel k\u00f6nnen bestenfalls viele Jahre halten &#8211; Sie sollten sie somit gut ausgew\u00e4hlen. Bestimmt kommt es auch auf funktionale Eigenschaften an, doch noch relevanter ist, dass die Gartenm\u00f6bel optisch einen Mehrwert bieten. Dann macht der Aufenthalt im Garten gleich viel mehr Spa\u00df und Erholung stellt sich automatisch ein.<\/p>\n<figure id=\"attachment_5146\" aria-labelledby=\"figcaption_attachment_5146\" class=\"wp-caption aligncenter\" style=\"width: 888px\"><img loading=\"lazy\" decoding=\"async\" class=\"wp-image-5146 size-full\" title=\"Bildquelle: \u00a9 Ozgur Coskun\/shutterstock.com\" src=\"https:\/\/www.stilartmoebel.de\/zuhause-bei-sam\/wp-content\/uploads\/2014\/04\/gartenmoebel-rattan-dunkel.jpg\" alt=\"Gartenm\u00f6bel aus dunklem Rattan erg\u00e4nzen sich perfekt mit hellen Polstern zu einer stilvollen Terrassen-Gruppe\" width=\"878\" height=\"357\" srcset=\"https:\/\/www.stilartmoebel.de\/zuhause-bei-sam\/wp-content\/uploads\/2014\/04\/gartenmoebel-rattan-dunkel.jpg 878w, https:\/\/www.stilartmoebel.de\/zuhause-bei-sam\/wp-content\/uploads\/2014\/04\/gartenmoebel-rattan-dunkel-300x122.jpg 300w, https:\/\/www.stilartmoebel.de\/zuhause-bei-sam\/wp-content\/uploads\/2014\/04\/gartenmoebel-rattan-dunkel-768x312.jpg 768w\" sizes=\"auto, (max-width: 878px) 100vw, 878px\" \/><figcaption id=\"figcaption_attachment_5146\" class=\"wp-caption-text\">Gartenm\u00f6bel aus dunklem Rattan erg\u00e4nzen sich perfekt mit hellen Polstern zu einer stilvollen Terrassen-Gruppe<\/figcaption><\/figure>\n<h2>Zubeh\u00f6r in Anspruch nehmen<\/h2>\n<p>Gartenm\u00f6bel lassen sich ganz wunderbar in Szene setzen. St\u00fchle wirken mit einer passenden Stuhlauflage mit einem Mal vollkommen anders und vor allem farbenfroh. Eine sch\u00f6ne Tischdecke macht den Gartentisch zu einem Hingucker der Extraklasse. Das Gartenm\u00f6bel-Set l\u00e4sst sich nach Lust und Laune in Szene setzen und dekorieren. Es wird also keinesfalls langweilig, wodurch bestimmt zu jedem Anlass eine sch\u00f6ne Stimmung erschaffen werden kann.<\/p>\n<p>Erg\u00e4nzend dazu k\u00f6nnen Sie noch auf Lichtquellen setzen, die daf\u00fcr sorgen, dass die Sitzecke besonders einladend erstrahlt.<\/p>\n<h2>Nach dem Kauf: Gartenm\u00f6bel-Set sorgf\u00e4ltig behandeln und pflegen<\/h2>\n<p>Der Kauf der Gartenm\u00f6bel ist im Regelfall mit einem finanziellen Aufwand verbunden. Auf die richtige Pflege sollten Sie somit nicht verzichten, denn nur so bleiben Gartenm\u00f6bel in Schuss. Pflege bedeutet vor allem, dass die Gartenm\u00f6bel bei schlechtem Wetter oder gar im Winter keinesfalls der Witterung \u00fcberlassen werden. Wenn Sie einen Gartenschuppen besitzen, k\u00f6nnen Sie die Gartenm\u00f6bel hier verstauen. Andernfalls ist eine spezielle Schutzfolie von Vorteil. Die M\u00f6bel k\u00f6nnen so auch l\u00e4ngere Schlechtwetter-Perioden gut \u00fcberstehen.<\/p>\n<p>M\u00f6bel aus Holz brauchen hin und wieder einen neuen Anstrich und auch eine gr\u00fcndliche Reinigung darf nicht fehlen. Sicherlich, die Pflege ist zeitaufwendig, doch es lohnt sich letzten Endes. Durch den pfleglichen Umgang ist das <a href=\"https:\/\/www.moebelliebling.de\/blog\/gartenmoebel-fuer-die-sommersaison-vorbereiten\" target=\"_blank\" rel=\"noopener\">Gartenm\u00f6bel-Set auch nach dem Winter<\/a> noch ein Hingucker und wie gewohnt der wichtigste Punkt im Garten, an dem sich die Familie versammelt und die gemeinsame Zeit genie\u00dft.<\/p>\n\n\n\n\n\n","protected":false},"excerpt":{"rendered":"<p>Wenn sich das Leben allm\u00e4hlich wieder an die frische Luft verlagert, wird es Zeit, sich \u00fcber die Gartenm\u00f6bel Gedanken zu machen. Schlie\u00dflich sollen die Gartenm\u00f6bel schon bald das Zentrum des Familienlebens darstellen, denn bei strahlend sch\u00f6nem Sonnenschein m\u00f6chte niemand seine Freizeit in der Wohnung verbringen. Gartenm\u00f6bel gibt es bekanntlich viele, doch die Suche nach dem [&hellip;]<\/p>\n","protected":false},"author":10,"featured_media":195,"comment_status":"closed","ping_status":"closed","sticky":false,"template":"","format":"standard","meta":{"footnotes":""},"categories":[596,20],"tags":[11,16,533,2775,536,808,21],"class_list":["post-194","post","type-post","status-publish","format-standard","has-post-thumbnail","hentry","category-gartenmoebel","category-mein-garten","tag-design","tag-einrichten","tag-gartenbank","tag-gartenmoebel-set","tag-gartenstuehle","tag-gartentisch","tag-trends"],"amp_enabled":true,"_links":{"self":[{"href":"https:\/\/www.stilartmoebel.de\/zuhause-bei-sam\/wp-json\/wp\/v2\/posts\/194","targetHints":{"allow":["GET"]}}],"collection":[{"href":"https:\/\/www.stilartmoebel.de\/zuhause-bei-sam\/wp-json\/wp\/v2\/posts"}],"about":[{"href":"https:\/\/www.stilartmoebel.de\/zuhause-bei-sam\/wp-json\/wp\/v2\/types\/post"}],"author":[{"embeddable":true,"href":"https:\/\/www.stilartmoebel.de\/zuhause-bei-sam\/wp-json\/wp\/v2\/users\/10"}],"replies":[{"embeddable":true,"href":"https:\/\/www.stilartmoebel.de\/zuhause-bei-sam\/wp-json\/wp\/v2\/comments?post=194"}],"version-history":[{"count":11,"href":"https:\/\/www.stilartmoebel.de\/zuhause-bei-sam\/wp-json\/wp\/v2\/posts\/194\/revisions"}],"predecessor-version":[{"id":16855,"href":"https:\/\/www.stilartmoebel.de\/zuhause-bei-sam\/wp-json\/wp\/v2\/posts\/194\/revisions\/16855"}],"wp:featuredmedia":[{"embeddable":true,"href":"https:\/\/www.stilartmoebel.de\/zuhause-bei-sam\/wp-json\/wp\/v2\/media\/195"}],"wp:attachment":[{"href":"https:\/\/www.stilartmoebel.de\/zuhause-bei-sam\/wp-json\/wp\/v2\/media?parent=194"}],"wp:term":[{"taxonomy":"category","embeddable":true,"href":"https:\/\/www.stilartmoebel.de\/zuhause-bei-sam\/wp-json\/wp\/v2\/categories?post=194"},{"taxonomy":"post_tag","embeddable":true,"href":"https:\/\/www.stilartmoebel.de\/zuhause-bei-sam\/wp-json\/wp\/v2\/tags?post=194"}],"curies":[{"name":"wp","href":"https:\/\/api.w.org\/{rel}","templated":true}]}}