{"id":1931,"date":"2024-05-21T11:22:58","date_gmt":"2024-05-21T09:22:58","guid":{"rendered":"http:\/\/www.stilartmoebel.de\/magazin\/?p=1931"},"modified":"2024-08-20T14:19:43","modified_gmt":"2024-08-20T12:19:43","slug":"1-gartentisch-5-anwendungsideen","status":"publish","type":"post","link":"https:\/\/www.stilartmoebel.de\/zuhause-bei-sam\/1-gartentisch-5-anwendungsideen\/","title":{"rendered":"1 Gartentisch, 5 Anwendungsideen"},"content":{"rendered":"<p>Sie suchen einen neuen, stilvollen Gartentisch, der flexibel anwendbar ist? Dann sind Sie mit <a href=\"https:\/\/www.moebelliebling.de\/search?search=madera\" target=\"_blank\" rel=\"noopener\">dem Designer-Ausziehtisch Madera<\/a> richtig beraten. Der hochwertige Teakholz-Tisch f\u00e4llt nicht nur durch seine au\u00dfergew\u00f6hnliche Optik positiv auf, sondern \u00fcberzeugt vor allem durch die praktische Ausziehfunktion. Verwenden Sie ihn zum Beispiel als:<!--more--><\/p>\n<ol>\n<li>Quadrattisch f\u00fcr Ihren Balkon<\/li>\n<li>Esstisch f\u00fcr Ihren Wintergarten<\/li>\n<li>Familientisch f\u00fcr Ihren Garten<\/li>\n<li>Buffettisch f\u00fcr die n\u00e4chste Grillparty<\/li>\n<li>Pr\u00e4sentiertisch f\u00fcr Deko und Gartenpflanzen<\/li>\n<\/ol>\n<p>Mit etwas Kreativit\u00e4t ergeben sich f\u00fcr den Gartentisch Madera vielseitige Anwendungsbereiche. Die sch\u00f6nsten Ideen stellen wir Ihnen jetzt genauer vor.<\/p>\n\n<h2>1. Anwendungsidee: Gro\u00dfer Quadrattisch f\u00fcr Ihren Balkon<\/h2>\n<p>Auf jeden Balkon geh\u00f6rt ein Gartentisch. Nur so k\u00f6nnen Sie im Sommer viel Zeit drau\u00dfen verbringen, um unter freiem Himmel zu fr\u00fchst\u00fccken, Mittag zu essen oder deftige Speisen vom Grill zu genie\u00dfen. W\u00e4hrend auf enge Balkone nur kleine Tische passen, darf es bei gr\u00f6\u00dferen Freisitzen auch gern ein gr\u00f6\u00dferer Tisch sein, damit alle Familienmitglieder einen Sitzplatz haben.<\/p>\n<p>Auf ger\u00e4umigen Balkonen wird Ihnen daher insbesondere der Gartentisch Madera gute Dienste erweisen. Im nicht ausgezogenen Zustand misst seine Tischplatte 120 x 120 Zentimeter. Somit ist er optimal f\u00fcr vierk\u00f6pfige Familien geeignet, die noch auf der Suche nach einem Tisch f\u00fcr ihren gro\u00dfen Balkon sind. Der Tisch bietet allen Familienmitgliedern einen komfortablen Platz zum Essen. Auch zum Abstellen von Eiskaffee und Kuchen am Nachmittag ist der Tisch optimal. Aufgrund seiner quadratischen Gr\u00f6\u00dfe ist er platzsparend und somit die perfekte Erg\u00e4nzung f\u00fcr Ihren Balkon. Auch Paare nutzen den gro\u00dfen Quadrattisch gern. Schieben Sie einfach zwei Seiten des Tischs in eine Ecke und erfreuen Sie sich an einem gro\u00dfen Ecktisch mit viel Platz f\u00fcr Ihre Leckereien und Getr\u00e4nke.<\/p>\n<figure id=\"attachment_4278\" aria-labelledby=\"figcaption_attachment_4278\" class=\"wp-caption alignleft\" style=\"width: 410px\"><img loading=\"lazy\" decoding=\"async\" class=\"wp-image-4278 size-full\" title=\"Bildquelle: \u00a9 Roland Spiegler\/shutterstock.com\" src=\"https:\/\/www.stilartmoebel.de\/zuhause-bei-sam\/wp-content\/uploads\/2015\/05\/esstisch-wintergarten-idee.jpg\" alt=\"Ein Gartentisch bringt Naturflair in in den Wintergarten\" width=\"400\" height=\"267\" srcset=\"https:\/\/www.stilartmoebel.de\/zuhause-bei-sam\/wp-content\/uploads\/2015\/05\/esstisch-wintergarten-idee.jpg 400w, https:\/\/www.stilartmoebel.de\/zuhause-bei-sam\/wp-content\/uploads\/2015\/05\/esstisch-wintergarten-idee-300x200.jpg 300w\" sizes=\"auto, (max-width: 400px) 100vw, 400px\" \/><figcaption id=\"figcaption_attachment_4278\" class=\"wp-caption-text\">Ein Gartentisch bringt Naturflair in in den Wintergarten<\/figcaption><\/figure>\n<h2>2. Anwendungsidee: Esstisch f\u00fcr Ihren Wintergarten<\/h2>\n<p>Wer das Gl\u00fcck hat, einen Wintergarten zu besitzen, m\u00f6chte nat\u00fcrlich nicht darauf verzichten,&nbsp;diesen Bereich des Hauses Sommer wie Winter zum Essen und Trinken zu&nbsp;verwenden. Auch hier darf daher ein komfortabler und ausreichend gro\u00dfer Esstisch nicht fehlen. In einem rundum verglasten Wintergarten haben Sie im Prinzip die M\u00f6glichkeit, einen ganz normalen Esstisch zu verwenden, weil die M\u00f6bel nicht den Witterungseinfl\u00fcssen ausgesetzt sind. Das bedeutet, dass Sie in Ihrem Wintergarten nicht zwangsl\u00e4ufig einen Outdoor-Tisch verwenden m\u00fcssen. Dennoch ist der Gartentisch Madera f\u00fcr den Wintergarten perfekt. H\u00e4ufig wird der Wintergarten mit vielen Gr\u00fcnpflanzen gestaltet, sodass er wie ein Garten im Haus wirkt. Der naturbelassene Tisch aus hochwertigem Teakholz f\u00fcgt sich hervorragend in diese nat\u00fcrliche Umgebung ein.<\/p>\n<p>Dar\u00fcber hinaus werden Sie auch im Wintergarten die Vorz\u00fcge des Gartentischs Madera schon bald zu sch\u00e4tzen wissen:&nbsp;Dank der praktischen Ausziehfunktion stehen im Handumdrehen weitere Sitzpl\u00e4tze bereit, wenn Sie einmal spontan G\u00e4ste in Ihrem Wintergarten empfangen m\u00f6chten.<\/p>\n<h2>3. Anwendungsidee: Familientisch f\u00fcr Ihren Garten<\/h2>\n<p>Am h\u00e4ufigsten wird der Gartentisch Madera f\u00fcr den Einsatz im Garten gekauft. Wer keinen Balkon hat, nutzt entweder den eigenen Garten am Haus oder einen kleinen Schrebergarten f\u00fcr ausgedehnte Momente unter freiem Himmel. Selbstverst\u00e4ndlich darf dabei auch ein praktischer Gartentisch keinesfalls fehlen. \u00c4hnlich wie der Esstisch im Haus hat der Gartentisch im Sommer eine wichtige Funktion: Er vereint alle Familienmitglieder miteinander, sodass gesellige Gespr\u00e4che entstehen k\u00f6nnen. Wo l\u00e4sst sich der vergangene Tag besser auswerten und das n\u00e4chste Wochenende besser planen als bei einer gemeinsamen Mahlzeit unter freiem Himmel? Auch f\u00fcr diesen Einsatzzweck ist der Gartentisch Madera perfekt. Aufgrund seiner gro\u00dfz\u00fcgigen Ma\u00dfe bietet er mindestens vier Familienmitgliedern einen Platz zum Sitzen und Essen.<\/p>\n<p>Dar\u00fcber hinaus hat der Tisch noch einen weiteren wesentlichen Vorteil: Wenn sich die Gro\u00dfeltern \u00fcberraschend zu Kaffee und Kuchen ank\u00fcndigen, m\u00fcssen Sie nicht in Panik ausbrechen. Mit wenigen Handgriffen k\u00f6nnen Sie die Tischplatte auf 170 Zentimeter ausziehen, sodass mindestens zwei weitere Sitzpl\u00e4tze geschaffen sind. Sofern alle Personen ein wenig zusammenr\u00fccken, k\u00f6nnen sogar noch mehr Leute an dem Gartentisch Platz nehmen und ausgelassene Momente unter freiem Himmel genie\u00dfen. Wir legen den Ausziehtisch Madera daher allen gr\u00f6\u00dferen Familien ans Herz, die hin und wieder G\u00e4ste in ihren Garten einladen. Aber auch Paare, die h\u00e4ufig Grillpartys mit vielen Freunden im eigenen Garten veranstalten, werden die Vorz\u00fcge des Tischs schnell zu sch\u00e4tzen wissen.<\/p>\n<figure id=\"attachment_4275\" aria-labelledby=\"figcaption_attachment_4275\" class=\"wp-caption alignright\" style=\"width: 410px\"><img loading=\"lazy\" decoding=\"async\" class=\"wp-image-4275\" title=\"Bildquelle: \u00a9 Photology1971\/shutterstock.com\" src=\"https:\/\/www.stilartmoebel.de\/zuhause-bei-sam\/wp-content\/uploads\/2015\/05\/gartentisch-buffett-tafel.jpg\" alt=\"Leckere Idee: Buffet auf dem Gartentisch angerichtet\" width=\"400\" height=\"215\" srcset=\"https:\/\/www.stilartmoebel.de\/zuhause-bei-sam\/wp-content\/uploads\/2015\/05\/gartentisch-buffett-tafel.jpg 7086w, https:\/\/www.stilartmoebel.de\/zuhause-bei-sam\/wp-content\/uploads\/2015\/05\/gartentisch-buffett-tafel-300x161.jpg 300w, https:\/\/www.stilartmoebel.de\/zuhause-bei-sam\/wp-content\/uploads\/2015\/05\/gartentisch-buffett-tafel-730x392.jpg 730w\" sizes=\"auto, (max-width: 400px) 100vw, 400px\" \/><figcaption id=\"figcaption_attachment_4275\" class=\"wp-caption-text\">Leckere Idee: Buffet auf dem Gartentisch angerichtet<\/figcaption><\/figure>\n<h2>4. Anwendungsidee: Buffettisch f\u00fcr die n\u00e4chste Gartenparty<\/h2>\n<p>Bei Ihnen vergeht in der Sommerzeit kein Wochenende, an dem Sie nicht den Grill anwerfen? In der Regel laden Sie zu Ihren Grillpartys viele G\u00e4ste ein, die Sie mit Ihren Kochk\u00fcnsten verw\u00f6hnen? Sie m\u00f6chten nicht nur W\u00fcrstchen und Steak vom Grill anbieten, sondern auch viele selbst zubereitete Beilagen? Auch in diesem Fall ist der Gartentisch Madera eine sinnvolle Investition. Er kann im ausgezogenen Zustand ganz wunderbar als Buffettisch verwendet werden. Mit einer L\u00e4nge von 170 Zentimetern bietet er Ihnen viel Platz, um all Ihre schmackhaften K\u00f6stlichkeiten zu platzieren:<\/p>\n<ul>\n<li>Selbstgebackene Br\u00f6tchen, Brot und Kr\u00e4uter-Baguette<\/li>\n<li>Frische Salate wie Kartoffel-, Nudel- oder Blattsalat<\/li>\n<li>Sch\u00f6n angerichtete Gem\u00fcse- und Obstplatten<\/li>\n<li>Leckere Dips und So\u00dfen<\/li>\n<\/ul>\n<p>Stellen Sie den Tisch am besten so, dass er von allen Seiten frei zug\u00e4nglich ist. So k\u00f6nnen mehrere G\u00e4ste gleichzeitig ans Buffet herantreten und das Steak vom Grill mit leckeren Beilagen erg\u00e4nzen. \u00dcberzeugen Sie sich selbst und Sie werden sehen, dass Sie den Gartentisch Madera bei Ihren Grillpartys in Zukunft nicht mehr missen m\u00f6chten!<\/p>\n<h2>5. Anwendungsidee: Pr\u00e4sentiertisch f\u00fcr Deko und Pflanzen<\/h2>\n<p>Bei einem Gartentisch denken die meisten Menschen zun\u00e4chst an einen Esstisch f\u00fcr den Au\u00dfenbereich. Ein Outdoor-Tisch kann aber auch ganz andere Zwecke erf\u00fcllen, insbesondere wenn es sich um ein derart dekoratives Modell handelt wie den Gartentisch Madera. Aufgrund seiner hochwertigen Optik ist der Tisch perfekt zur Dekoration geeignet. Stellen Sie Ihre sch\u00f6nsten Topfpflanzen darauf ab. Sehr sch\u00f6n wirkt der Tisch, wenn Sie ihn mit Kletterpflanzen beranken lassen und auf der Tischplatte verschiedene Pflanzen in trendigen Gef\u00e4\u00dfen arrangieren. Auch andere Deko-Gegenst\u00e4nde wie Skulpturen, eine Gie\u00dfkanne oder eine Laterne kommen auf dem naturbelassenen Teakholz-Tisch ganz ausgezeichnet zur Geltung.<\/p>\n<h2>Fazit<\/h2>\n<p>Die vorgestellten f\u00fcnf Anwendungsideen sind nur einige von zahlreichen weiteren. Wenn Sie Ihrer Fantasie freien Lauf lassen, fallen Ihnen bestimmt noch viele andere Einsatzzwecke ein, f\u00fcr die der Gartentisch Madera perfekt geeignet ist. Dasselbe gilt auch f\u00fcr zahlreiche weitere Outdoor-Tische aus dem Sortiment von <a href=\"https:\/\/www.moebelliebling.de\/\" target=\"_blank\" rel=\"noopener\">Moebelliebling.de<\/a>. Schauen Sie sich in Ruhe um und finden Sie ein Multitalent, das zu Ihren pers\u00f6nlichen Anspr\u00fcchen passt.<\/p>\n<h3><a href=\"https:\/\/www.moebelliebling.de\/Teak-Gartentisch-eckig-ausziehbar-120-170-cm-x-120-cm-Madera\" target=\"_blank\" rel=\"noopener\">=&gt; Zum Gartentisch Madera<\/a><\/h3>\n","protected":false},"excerpt":{"rendered":"<p>Sie suchen einen neuen, stilvollen Gartentisch, der flexibel anwendbar ist? Dann sind Sie mit dem Designer-Ausziehtisch Madera richtig beraten. Der hochwertige Teakholz-Tisch f\u00e4llt nicht nur durch seine au\u00dfergew\u00f6hnliche Optik positiv auf, sondern \u00fcberzeugt vor allem durch die praktische Ausziehfunktion. Verwenden Sie ihn zum Beispiel als:<\/p>\n","protected":false},"author":6,"featured_media":1935,"comment_status":"closed","ping_status":"closed","sticky":false,"template":"","format":"standard","meta":{"footnotes":""},"categories":[596,20],"tags":[273,463,808,2409,2410,2411],"class_list":["post-1931","post","type-post","status-publish","format-standard","has-post-thumbnail","hentry","category-gartenmoebel","category-mein-garten","tag-balkontisch","tag-gartenmoebel","tag-gartentisch","tag-madera","tag-outdoor-tisch","tag-teakholz-tisch"],"amp_enabled":true,"_links":{"self":[{"href":"https:\/\/www.stilartmoebel.de\/zuhause-bei-sam\/wp-json\/wp\/v2\/posts\/1931","targetHints":{"allow":["GET"]}}],"collection":[{"href":"https:\/\/www.stilartmoebel.de\/zuhause-bei-sam\/wp-json\/wp\/v2\/posts"}],"about":[{"href":"https:\/\/www.stilartmoebel.de\/zuhause-bei-sam\/wp-json\/wp\/v2\/types\/post"}],"author":[{"embeddable":true,"href":"https:\/\/www.stilartmoebel.de\/zuhause-bei-sam\/wp-json\/wp\/v2\/users\/6"}],"replies":[{"embeddable":true,"href":"https:\/\/www.stilartmoebel.de\/zuhause-bei-sam\/wp-json\/wp\/v2\/comments?post=1931"}],"version-history":[{"count":28,"href":"https:\/\/www.stilartmoebel.de\/zuhause-bei-sam\/wp-json\/wp\/v2\/posts\/1931\/revisions"}],"predecessor-version":[{"id":14995,"href":"https:\/\/www.stilartmoebel.de\/zuhause-bei-sam\/wp-json\/wp\/v2\/posts\/1931\/revisions\/14995"}],"wp:featuredmedia":[{"embeddable":true,"href":"https:\/\/www.stilartmoebel.de\/zuhause-bei-sam\/wp-json\/wp\/v2\/media\/1935"}],"wp:attachment":[{"href":"https:\/\/www.stilartmoebel.de\/zuhause-bei-sam\/wp-json\/wp\/v2\/media?parent=1931"}],"wp:term":[{"taxonomy":"category","embeddable":true,"href":"https:\/\/www.stilartmoebel.de\/zuhause-bei-sam\/wp-json\/wp\/v2\/categories?post=1931"},{"taxonomy":"post_tag","embeddable":true,"href":"https:\/\/www.stilartmoebel.de\/zuhause-bei-sam\/wp-json\/wp\/v2\/tags?post=1931"}],"curies":[{"name":"wp","href":"https:\/\/api.w.org\/{rel}","templated":true}]}}