{"id":1848,"date":"2015-05-13T12:20:21","date_gmt":"2015-05-13T10:20:21","guid":{"rendered":"http:\/\/www.stilartmoebel.de\/magazin\/?p=1848"},"modified":"2025-08-12T15:20:25","modified_gmt":"2025-08-12T13:20:25","slug":"gartenmoebel-abdeckung","status":"publish","type":"post","link":"https:\/\/www.stilartmoebel.de\/zuhause-bei-sam\/gartenmoebel-abdeckung\/","title":{"rendered":"Gartenm\u00f6bel-Abdeckung &#8211; so sch\u00fctzen Sie Ihre wertvollen Gartenm\u00f6bel"},"content":{"rendered":"<p>Die Temperaturen sind angenehm, die Sonne scheint und der Wind weht leicht &#8211; ideale Bedingungen, seine Freizeit auf seinen Gartenm\u00f6beln auf der Terrasse, dem Balkon oder im Garten zu verbringen. Doch diese idealen Bedingungen sind nicht die Regel. Auch im Sommer kann das Wetter launisch werden. Insbesondere aber im Herbst, wenn die Temperaturen sinken, k\u00fcndigt sich der eine oder andere Regenschauer h\u00e4ufiger als gew\u00fcnscht an. Die eigenen <a href=\"https:\/\/www.moebelliebling.de\/Garten-Balkon\/\" target=\"_blank\" rel=\"noopener\">Gartenm\u00f6bel<\/a> m\u00f6chte man in diesem Fall nicht st\u00e4ndig wegr\u00e4umen. Wie aber kann man sie vor launischem Wetter an Ort und Stelle sch\u00fctzen?<!--more--><\/p>\n<h2>Die wetterbedingten Feinde der Gartenm\u00f6bel<\/h2>\n<p>Die Zeiten der billigen Gartenm\u00f6bel aus Plastik sind l\u00e4ngst vorbei. Verbraucher haben erkannt, dass es sich nicht lohnt, jedes Jahr neue Gartenm\u00f6bel zu kaufen. Einerseits verschwenden sie ihr Geld, andererseits belasten sie durch den entstehenden M\u00fcll auch die Umwelt. Moderne Verbraucher erwerben hochwertige Gartenm\u00f6bel aus Materialien wie Teak oder Akazie. Auch wenn diese Gartenm\u00f6bel hochwertig, pflegeleicht und robust sind, m\u00fcssen sie dennoch vor \u00e4u\u00dferen Einwirkungen gesch\u00fctzt werden. Die gr\u00f6\u00dften Feinde der Gartenm\u00f6bel sind \u00e4u\u00dfere Einwirkungen wie zum Beispiel:<\/p>\n<ul>\n<li><strong>Sonne<\/strong>: Die Sonne ist aus mehreren Gr\u00fcnden sch\u00e4dlich. Einerseits verf\u00e4rbt sie das Material, andererseits kann es aufgrund der W\u00e4rmeentwicklung dieses besch\u00e4digen.<\/li>\n<li><strong>Regen<\/strong>: Die durch Regen entstehende N\u00e4sse sorgt bei Metall f\u00fcr Rost. Holz hingegen kann aufquellen. Besitzt es zus\u00e4tzlich kleine Risse, k\u00f6nnen Regen und Feuchte besonders leicht eindringen und Sch\u00e4den verursachen.<\/li>\n<li><strong>Schnee<\/strong>: Er verursacht in etwa dieselben Probleme wie Regen. Der Faktor K\u00e4lte bringt zus\u00e4tzliche Probleme mit sich.<\/li>\n<\/ul>\n<p>Ein eher seltenes Ph\u00e4nomen ist Hagel, welcher aber f\u00fcr Gartenm\u00f6bel fatal sein kann. Die gro\u00dfen Hagelk\u00f6rner treffen mit einer gro\u00dfen Geschwindigkeit auf die Gartenm\u00f6bel und k\u00f6nnen diesen ernsthafte Sch\u00e4den zuf\u00fcgen. Die Hausratversicherung kommt f\u00fcr solche Sch\u00e4den nicht auf.<\/p>\n<figure id=\"attachment_4411\" aria-labelledby=\"figcaption_attachment_4411\" class=\"wp-caption alignnone\" style=\"width: 910px\"><img loading=\"lazy\" decoding=\"async\" class=\"wp-image-4411 size-full\" title=\"Bildquelle: \u00a9 Sugarless\/shutterstock.com\" src=\"https:\/\/www.stilartmoebel.de\/zuhause-bei-sam\/wp-content\/uploads\/2015\/05\/gartenmoebel-abdeckung-huellen.jpg\" alt=\"Gartenm\u00f6bel aus Holz und Metall sind zwar weitgehend resistent gegen Regen und Schnee, mit der Zeit leiden sie trotzdem\" width=\"900\" height=\"354\" srcset=\"https:\/\/www.stilartmoebel.de\/zuhause-bei-sam\/wp-content\/uploads\/2015\/05\/gartenmoebel-abdeckung-huellen.jpg 900w, https:\/\/www.stilartmoebel.de\/zuhause-bei-sam\/wp-content\/uploads\/2015\/05\/gartenmoebel-abdeckung-huellen-300x118.jpg 300w, https:\/\/www.stilartmoebel.de\/zuhause-bei-sam\/wp-content\/uploads\/2015\/05\/gartenmoebel-abdeckung-huellen-730x287.jpg 730w\" sizes=\"auto, (max-width: 900px) 100vw, 900px\" \/><figcaption id=\"figcaption_attachment_4411\" class=\"wp-caption-text\">Gartenm\u00f6bel aus Holz und Metall sind zwar weitgehend resistent gegen Regen und Schnee, mit der Zeit leiden sie trotzdem<\/figcaption><\/figure>\n<h2>Wenn Insekten und Pilze Gartenm\u00f6bel befallen<\/h2>\n<p>Insekten im Garten sind grunds\u00e4tzlich n\u00fctzliche Gartenhelfer. Eine ausgewogene Anzahl an Insekten und Tieren halten ungebetene G\u00e4ste vom eigenen Garten fern. Dennoch gibt es einige Insekten, die die eigenen Gartenm\u00f6bel zum Fressen gern haben. Diese k\u00fcndigen im Fr\u00fchling ihre Pr\u00e4senz an. Sch\u00e4dlinge im Garten sind nur f\u00fcr M\u00f6bel problematisch, die aus Holz bestehen. Dieses Material kann man zun\u00e4chst mit einem speziellen Holzschutz (Lasur) bearbeiten. Die Lasur muss regelm\u00e4\u00dfig, meist j\u00e4hrlich, aufgetragen werden, weil sie mit der Zeit an Effektivit\u00e4t verliert. Insekten sind aber nicht die einzigen Probleme f\u00fcr Gartenm\u00f6bel aus Holz. In warmen, feuchten Regionen des Landes gedeihen Pilze besonders gut. Ist das Holz sehr feucht, dann ist es ideal f\u00fcr das Pilzwachstum geeignet. Pilze sch\u00e4digen das Holz \u00fcber eine l\u00e4ngere Zeit. Zus\u00e4tzlich bereiten sie aber auch Insekten einen leichten Weg, in das Holz einzudringen. Auch in diesem Fall sch\u00fctzen Lasuren.<\/p>\n<h2>Die Abdeckh\u00fclle: Gartenm\u00f6bel vor Sch\u00e4den sch\u00fctzen<\/h2>\n<p>Ob f\u00fcr Wind und Wetter, Insekten oder Pilze &#8211; die Abdeckh\u00fclle ist ein praktisches Utensil, welches Gartenm\u00f6beln einen zus\u00e4tzlichen Schutz bietet. Durch den Einsatz einer Abdeckung werden die Outdoorm\u00f6bel effektiv vor \u00e4u\u00dferen Einwirkungen und Sch\u00e4dlingen bewahrt und somit auch ihre Lebensdauer verl\u00e4ngert. Hei\u00dft: Sie bleiben l\u00e4nger sauber, sch\u00f6n und ansehnlich. Nat\u00fcrlich verringert sich auch der Pflegeaufwand f\u00fcr den Besitzer. Die Abdeckungen sind in verschiedenen Gr\u00f6\u00dfen aus verschiedenen Materialien erh\u00e4ltlich. Mit ihnen kann man <a href=\"https:\/\/www.moebelliebling.de\/Garten-und-Balkongruppen\/\" target=\"_blank\" rel=\"noopener\">ganze Gartengruppen<\/a> und Balkonm\u00f6bel oder einzelne Gartenst\u00fchle, Gartentische beziehungsweise Gartenb\u00e4nke abdecken und sch\u00fctzen. Beim Kauf ist darauf zu achten, dass das Material robust und rei\u00dffest ist. Sowohl Polyestergewebe als auch PVC erf\u00fcllen diese Bedingungen. Neben der Robustheit der Schutzh\u00fcllen m\u00fcssen sie nat\u00fcrlich auch wetterfest sein. Das bedeutet: Sie d\u00fcrfen weder UV-Strahlen noch K\u00e4lte und N\u00e4sse eindringen lassen. Die Kombination aus W\u00e4rme und N\u00e4sse w\u00fcrde das Pilzwachstum beg\u00fcnstigen. Moderne Schutzh\u00fcllen sind jedoch offen und sorgen so daf\u00fcr, dass die M\u00f6bel bel\u00fcftet sind. Eine Schimmelbildung oder ein Pilzbefall kann somit ausgeschlossen werden. <small><br \/>\n<\/small><\/p>\n","protected":false},"excerpt":{"rendered":"<p>Die Temperaturen sind angenehm, die Sonne scheint und der Wind weht leicht &#8211; ideale Bedingungen, seine Freizeit auf seinen Gartenm\u00f6beln auf der Terrasse, dem Balkon oder im Garten zu verbringen. Doch diese idealen Bedingungen sind nicht die Regel. Auch im Sommer kann das Wetter launisch werden. Insbesondere aber im Herbst, wenn die Temperaturen sinken, k\u00fcndigt [&hellip;]<\/p>\n","protected":false},"author":6,"featured_media":1849,"comment_status":"closed","ping_status":"closed","sticky":false,"template":"","format":"standard","meta":{"footnotes":""},"categories":[596,20],"tags":[2455,422,463,2458,2459,2456,2457],"class_list":["post-1848","post","type-post","status-publish","format-standard","has-post-thumbnail","hentry","category-gartenmoebel","category-mein-garten","tag-abdeckungen","tag-balkonmoebel","tag-gartenmoebel","tag-schutz-vor-insekten","tag-schutz-vor-pilzen","tag-schutzhuellen","tag-wetterschutz"],"amp_enabled":true,"_links":{"self":[{"href":"https:\/\/www.stilartmoebel.de\/zuhause-bei-sam\/wp-json\/wp\/v2\/posts\/1848","targetHints":{"allow":["GET"]}}],"collection":[{"href":"https:\/\/www.stilartmoebel.de\/zuhause-bei-sam\/wp-json\/wp\/v2\/posts"}],"about":[{"href":"https:\/\/www.stilartmoebel.de\/zuhause-bei-sam\/wp-json\/wp\/v2\/types\/post"}],"author":[{"embeddable":true,"href":"https:\/\/www.stilartmoebel.de\/zuhause-bei-sam\/wp-json\/wp\/v2\/users\/6"}],"replies":[{"embeddable":true,"href":"https:\/\/www.stilartmoebel.de\/zuhause-bei-sam\/wp-json\/wp\/v2\/comments?post=1848"}],"version-history":[{"count":12,"href":"https:\/\/www.stilartmoebel.de\/zuhause-bei-sam\/wp-json\/wp\/v2\/posts\/1848\/revisions"}],"predecessor-version":[{"id":16525,"href":"https:\/\/www.stilartmoebel.de\/zuhause-bei-sam\/wp-json\/wp\/v2\/posts\/1848\/revisions\/16525"}],"wp:featuredmedia":[{"embeddable":true,"href":"https:\/\/www.stilartmoebel.de\/zuhause-bei-sam\/wp-json\/wp\/v2\/media\/1849"}],"wp:attachment":[{"href":"https:\/\/www.stilartmoebel.de\/zuhause-bei-sam\/wp-json\/wp\/v2\/media?parent=1848"}],"wp:term":[{"taxonomy":"category","embeddable":true,"href":"https:\/\/www.stilartmoebel.de\/zuhause-bei-sam\/wp-json\/wp\/v2\/categories?post=1848"},{"taxonomy":"post_tag","embeddable":true,"href":"https:\/\/www.stilartmoebel.de\/zuhause-bei-sam\/wp-json\/wp\/v2\/tags?post=1848"}],"curies":[{"name":"wp","href":"https:\/\/api.w.org\/{rel}","templated":true}]}}