{"id":1842,"date":"2015-05-12T17:20:26","date_gmt":"2015-05-12T15:20:26","guid":{"rendered":"http:\/\/www.stilartmoebel.de\/magazin\/?p=1842"},"modified":"2025-10-24T14:23:54","modified_gmt":"2025-10-24T12:23:54","slug":"balkon-verschoenern-gewusst-wie","status":"publish","type":"post","link":"https:\/\/www.stilartmoebel.de\/zuhause-bei-sam\/balkon-verschoenern-gewusst-wie\/","title":{"rendered":"Balkon versch\u00f6nern &#8211; gewusst wie!"},"content":{"rendered":"<p>Wenn die Sonnenstrahlen w\u00e4rmer sind, die Tage l\u00e4nger werden und das laue L\u00fcftchen wieder weht \u2013 dann ist die Outdoor-Saison er\u00f6ffnet. Nur einen Schritt bis ins Freie erm\u00f6glicht der Balkon innerhalb der eigenen vier W\u00e4nde: drau\u00dfen und doch zu Hause. Aber nur eine sch\u00f6n gestaltete Oase lockt auch an die frische Luft.<!--more--><\/p>\n<p>Wo Ger\u00fcmpel sich stapelt, mag sich keiner erholen. Dabei ist es ziemlich einfach, seinen Balkon zu versch\u00f6nern. Vielf\u00e4ltige Elemente stehen dabei zur Auswahl, unter anderem:<\/p>\n<ul>\n<li>M\u00f6bel<\/li>\n<li>Pflanzen<\/li>\n<li>Beleuchtung<\/li>\n<li>Dekoration<\/li>\n<li>Bodenbelag<\/li>\n<\/ul>\n<p>Die Einrichtung h\u00e4ngt aber ebenso von den Gegebenheiten des Balkons ab. Wie ist er gelegen? Wichtig sind dabei:<\/p>\n<ul>\n<li>Himmelsrichtung<\/li>\n<li>Gr\u00f6\u00dfe<\/li>\n<li>\u00dcberdachung<\/li>\n<\/ul>\n<p>Wer einige Tipps beachtet, kann leicht seinen Balkon mit vielen Ideen versch\u00f6nern und zur Wohlf\u00fchloase gestalten.<\/p>\n<h2>Die richtigen M\u00f6bel<\/h2>\n<p>Material und Form der passenden M\u00f6bel eines Balkons h\u00e4ngen vor allem von der Himmelsrichtung ab. <a href=\"https:\/\/www.moebelliebling.de\/Garten-Balkon\/\" target=\"_blank\" rel=\"noopener\">Holzbalkonm\u00f6bel<\/a> beispielsweise eignen sich nur f\u00fcr den S\u00fcdbalkon \u2013 da sie hier schnell trocknen. Ebenso braucht es hier unbedingt Sonnenliege und Sonnenschirm oder -segel, da dieser Balkon sehr viel Licht von Helios abbekommt. Der Nordbalkon hingegen ist sehr schattig und braucht daher M\u00f6bel, die weder verwittern noch vermoosen. Hochwertiger Kunststoff gepaart mit gem\u00fctlichen Polstern und w\u00e4rmenden Decken k\u00f6nnen hier zum Verweilen einladen. Helle Farben sind auf dem Nordbalkon von Vorteil \u2013 sie reflektieren das wenige Licht. Auf dem Ostbalkon sollte unbedingt ein Tisch f\u00fcr zwei stehen, denn dieser ist hervorragend f\u00fcr das Fr\u00fchst\u00fcck im Freien geeignet. Auf dem Westbalkon kann der Besitzer nach Feierabend die letzten Sonnenstrahlen genie\u00dfen. Hier bieten sich Lounge-M\u00f6bel an. Egal in welcher Richtung \u2013 ist der Balkon klein, braucht es besondere Tricks. Hier eignen sich Klappm\u00f6bel, die bei Bedarf Platz freigeben.<\/p>\n<figure id=\"attachment_4248\" aria-labelledby=\"figcaption_attachment_4248\" class=\"wp-caption aligncenter\" style=\"width: 888px\"><img loading=\"lazy\" decoding=\"async\" class=\"wp-image-4248 size-full\" title=\"Bildquelle: \u00a9 liatris\/shutterstock.com\" src=\"https:\/\/www.stilartmoebel.de\/zuhause-bei-sam\/wp-content\/uploads\/2015\/05\/moebel-balkon-platzsparend-weiss.jpg\" alt=\"Wei\u00dfe Holzm\u00f6bel sorgen f\u00fcr eine freundliche Atmosph\u00e4re auf dem Balkon und lassen sich vielfach kombinieren\" width=\"878\" height=\"357\" srcset=\"https:\/\/www.stilartmoebel.de\/zuhause-bei-sam\/wp-content\/uploads\/2015\/05\/moebel-balkon-platzsparend-weiss.jpg 878w, https:\/\/www.stilartmoebel.de\/zuhause-bei-sam\/wp-content\/uploads\/2015\/05\/moebel-balkon-platzsparend-weiss-300x122.jpg 300w, https:\/\/www.stilartmoebel.de\/zuhause-bei-sam\/wp-content\/uploads\/2015\/05\/moebel-balkon-platzsparend-weiss-730x297.jpg 730w\" sizes=\"auto, (max-width: 878px) 100vw, 878px\" \/><figcaption id=\"figcaption_attachment_4248\" class=\"wp-caption-text\">Wei\u00dfe Holzm\u00f6bel sorgen f\u00fcr eine freundliche Atmosph\u00e4re auf dem Balkon und lassen sich vielfach kombinieren<\/figcaption><\/figure>\n<h2>Passende Bepflanzung f\u00fcr den Balkon<\/h2>\n<p>Gr\u00fcnes macht den Vorbau zu einer Naturoase. Gerade wer keinen eigenen Garten besitzt, kann hier seinen gr\u00fcnen Daumen beweisen &#8211; ob an einer Pflanzenwand in mehreren K\u00fcbeln, in Br\u00fcstungsk\u00f6rben oder Wasserspeicherk\u00e4sten. Aber nicht auf jedem Erker gedeihen alle <a href=\"https:\/\/www.nabu.de\/umwelt-und-ressourcen\/oekologisch-leben\/balkon-und-garten\/grundlagen\/balkon\/26158.html\" target=\"_blank\" rel=\"noopener\">Balkon-Pflanzen<\/a> gleich. Hier spielt erneut die Himmelsrichtung eine wichtige Rolle: Im S\u00fcden gibt es mehr Sonne als im Norden. Daher f\u00fchlen sich hier Pflanzen wohl, die sehr viel Sonne vertragen k\u00f6nnen: Hibiskus und Lavendel beispielsweise. In der entgegengesetzten, schattigen Richtung florieren Gr\u00e4ser und Farne, Hortensien, Begonien, Lobelien und Fuchsien. Der Westbalkon bietet Pflanzen optimale Voraussetzungen, die erst abends zur H\u00f6chstform auflaufen: Wunderblumen, Nachtkerzen und Engelstrompeten. Lilien und Petunien bieten gro\u00dfe Bl\u00fcten, die abends das Licht sehr stark reflektieren.<\/p>\n<p>Pflanzen auf dem Ost-Balkon sollten Halbschatten m\u00f6gen. Hier eignen sich Buchsbaum, Margeriten und Zierahorn. Ist der Balkon im obersten Stockwerk gelegen, k\u00f6nnen ohne Dach auch Pflanzen integriert werden, die mediterranes Klima m\u00f6gen: Zitrusb\u00e4ume, Dattelpalmen, Lavendel und Oleander. Sie kommen auch mit viel Sonne und einigen Tagen ohne Wasser aus. Die Yucca-Palme ist ebenfalls ein geeigneter Kandidat f\u00fcr einen Balkon ohne Dach. Ganz faule G\u00e4rtner k\u00f6nnen aber auch auf mehrj\u00e4hrige Pflanzen zur\u00fcckgreifen: Wacholder, Vergissmeinnicht, Hyazinthen und G\u00e4nsebl\u00fcmchen sind sogar winterfest und m\u00fcssen weder im Fr\u00fchling neu gepflanzt noch im Herbst entsorgt werden.<\/p>\n<figure id=\"attachment_4245\" aria-labelledby=\"figcaption_attachment_4245\" class=\"wp-caption aligncenter\" style=\"width: 888px\"><img loading=\"lazy\" decoding=\"async\" class=\"wp-image-4245 size-full\" title=\"Bildquelle: \u00a9 Yulia Grigoryeva\/shutterstock.com\" src=\"https:\/\/www.stilartmoebel.de\/zuhause-bei-sam\/wp-content\/uploads\/2015\/05\/pflanzen-balkon-platz.jpg\" alt=\"Blumen und Kr\u00e4uter in Balkonk\u00e4sten und Terrakotta-T\u00f6pfen sind farbenfrohe Tupfer auf dem Balkon\" width=\"878\" height=\"356\" srcset=\"https:\/\/www.stilartmoebel.de\/zuhause-bei-sam\/wp-content\/uploads\/2015\/05\/pflanzen-balkon-platz.jpg 878w, https:\/\/www.stilartmoebel.de\/zuhause-bei-sam\/wp-content\/uploads\/2015\/05\/pflanzen-balkon-platz-300x122.jpg 300w, https:\/\/www.stilartmoebel.de\/zuhause-bei-sam\/wp-content\/uploads\/2015\/05\/pflanzen-balkon-platz-730x296.jpg 730w\" sizes=\"auto, (max-width: 878px) 100vw, 878px\" \/><figcaption id=\"figcaption_attachment_4245\" class=\"wp-caption-text\">Blumen und Kr\u00e4uter in Balkonk\u00e4sten und Terrakotta-T\u00f6pfen sind farbenfrohe Tupfer auf dem Balkon<\/figcaption><\/figure>\n<h2>Dekoration und Stile<\/h2>\n<p>Aber nicht nur Pflanzen bereichern den Balkon. Auch Dekoration ist fast ein Muss. Hier k\u00f6nnen verschiedene Stile gew\u00e4hlt werden. Der eine mag den Landhausstil mit rustikalen Dekorationselementen und einem Tischgrill, der anderen liebt es orientalisch und greift auf einen Mosaiktisch zur\u00fcck. Der mediterrane Stil eignet sich vor allen f\u00fcr kleine Fl\u00e4chen: Dunkle Metallm\u00f6bel, pastellfarbene Polster und Kr\u00e4uterk\u00fcbel aus Terrakotta sind nur einige Dekorationselemente. Maritime Vorlieben? Dann sollten die Accessoires in Blau-wei\u00df gehalten sein und die Muscheln des letzten Urlaubs finden auf dem Balkon einen neuen Platz. Manch anderer mag hingegen moderne Designs: Kunststoffm\u00f6bel und schwarzer Bodenbelag sind hier die wichtigsten Elemente.<\/p>\n<h2>Der Boden<\/h2>\n<p>Apropos Boden: Auch dieser darf nicht vernachl\u00e4ssigt werden, denn auch die F\u00fc\u00dfe wollen sich auf der Au\u00dfenoase wohlf\u00fchlen. Alte Fliesen und h\u00e4sslicher Beton k\u00f6nnen jegliche Gestaltung optisch zerst\u00f6ren. Hier bieten sich Outdoor-Teppiche, Holzdecken, <a href=\"https:\/\/www.moebelliebling.de\/Klickfliesen-Terrasse-Balkon\/\" target=\"_blank\" rel=\"noopener\">Klickfliesen<\/a> oder Steinplatten an. Achtung: Auf dem S\u00fcdbalkon kann sich ein Steinboden im Sommer extrem stark erhitzen und sollte daher lieber in schattigen Regionen zum Einsatz kommen.<\/p>\n<figure id=\"attachment_4246\" aria-labelledby=\"figcaption_attachment_4246\" class=\"wp-caption aligncenter\" style=\"width: 888px\"><img loading=\"lazy\" decoding=\"async\" class=\"wp-image-4246 size-full\" title=\"Bildquelle: \u00a9 AVN Photo Lab\/shutterstock.com\" src=\"https:\/\/www.stilartmoebel.de\/zuhause-bei-sam\/wp-content\/uploads\/2015\/05\/balkon-gestaltung-stil.jpg\" alt=\"Inspiration: Ein florales Metallgel\u00e4nder, \u00fcppige Pflanzenpracht und eine leuchtend gelbe Wand zeichnen den Stil dieses Balkons aus\" width=\"878\" height=\"357\" srcset=\"https:\/\/www.stilartmoebel.de\/zuhause-bei-sam\/wp-content\/uploads\/2015\/05\/balkon-gestaltung-stil.jpg 878w, https:\/\/www.stilartmoebel.de\/zuhause-bei-sam\/wp-content\/uploads\/2015\/05\/balkon-gestaltung-stil-300x122.jpg 300w, https:\/\/www.stilartmoebel.de\/zuhause-bei-sam\/wp-content\/uploads\/2015\/05\/balkon-gestaltung-stil-730x297.jpg 730w\" sizes=\"auto, (max-width: 878px) 100vw, 878px\" \/><figcaption id=\"figcaption_attachment_4246\" class=\"wp-caption-text\">Inspiration: Ein florales Metallgel\u00e4nder, \u00fcppige Pflanzenpracht und eine leuchtend gelbe Wand zeichnen den Stil dieses Balkons aus<\/figcaption><\/figure>\n<h2>Das Licht f\u00fcr Balkon<\/h2>\n<p>Die Beleuchtung spielt auf der Au\u00dfenoase ebenfalls eine wichtige Rolle. Ob mit modernen LED-Lampen oder romantischen \u00d6llampen \u2013 die richtige Wahl unterst\u00fctzt den ausgesuchten Gestaltungsstil. Kerzen, Feuerk\u00f6rbe und -schalen verbreiten auf gr\u00f6\u00dferen Balkonen Lagerfeuer-Atmosph\u00e4re, Solarlampen sind energiesparend. Spiegel auf dem Balkon reflektieren das Licht und k\u00f6nnen vor allem einen Sonnenuntergang zus\u00e4tzlich in Szene setzen.<\/p>\n<h2>Balkontrends<\/h2>\n<p>Auch bei der Gestaltung der Au\u00dfenoase gibt es in jedem Jahr Trends. Wer \u201eup to date\u201c sein will, sollte beispielsweise Bambus auf seinem Balkon integrieren. Dieses nat\u00fcrliche Material ist ein wahres Multitalent: als Sichtschutz, Bodenbelag, Wandverkleidung oder f\u00fcr M\u00f6bel kann es eingesetzt werden. Auch die \u201eVintage-Mode\u201c macht vor dem Balkon nicht halt. \u201eRetro-M\u00f6bel\u201c und der \u201eUsed-Look\u201c sind in diesem Jahr auch au\u00dferhalb der Wohnung angesagt.<\/p>\n","protected":false},"excerpt":{"rendered":"<p>Wenn die Sonnenstrahlen w\u00e4rmer sind, die Tage l\u00e4nger werden und das laue L\u00fcftchen wieder weht \u2013 dann ist die Outdoor-Saison er\u00f6ffnet. Nur einen Schritt bis ins Freie erm\u00f6glicht der Balkon innerhalb der eigenen vier W\u00e4nde: drau\u00dfen und doch zu Hause. Aber nur eine sch\u00f6n gestaltete Oase lockt auch an die frische Luft.<\/p>\n","protected":false},"author":8,"featured_media":1843,"comment_status":"closed","ping_status":"closed","sticky":false,"template":"","format":"standard","meta":{"footnotes":""},"categories":[595,20],"tags":[28,422,523,2460,804,794,2310],"class_list":["post-1842","post","type-post","status-publish","format-standard","has-post-thumbnail","hentry","category-dekorieren","category-mein-garten","tag-balkon","tag-balkonmoebel","tag-bodenbelag","tag-klappstuehle","tag-loungemoebel","tag-sonnenliege","tag-sonnenschutz"],"amp_enabled":true,"_links":{"self":[{"href":"https:\/\/www.stilartmoebel.de\/zuhause-bei-sam\/wp-json\/wp\/v2\/posts\/1842","targetHints":{"allow":["GET"]}}],"collection":[{"href":"https:\/\/www.stilartmoebel.de\/zuhause-bei-sam\/wp-json\/wp\/v2\/posts"}],"about":[{"href":"https:\/\/www.stilartmoebel.de\/zuhause-bei-sam\/wp-json\/wp\/v2\/types\/post"}],"author":[{"embeddable":true,"href":"https:\/\/www.stilartmoebel.de\/zuhause-bei-sam\/wp-json\/wp\/v2\/users\/8"}],"replies":[{"embeddable":true,"href":"https:\/\/www.stilartmoebel.de\/zuhause-bei-sam\/wp-json\/wp\/v2\/comments?post=1842"}],"version-history":[{"count":18,"href":"https:\/\/www.stilartmoebel.de\/zuhause-bei-sam\/wp-json\/wp\/v2\/posts\/1842\/revisions"}],"predecessor-version":[{"id":17000,"href":"https:\/\/www.stilartmoebel.de\/zuhause-bei-sam\/wp-json\/wp\/v2\/posts\/1842\/revisions\/17000"}],"wp:featuredmedia":[{"embeddable":true,"href":"https:\/\/www.stilartmoebel.de\/zuhause-bei-sam\/wp-json\/wp\/v2\/media\/1843"}],"wp:attachment":[{"href":"https:\/\/www.stilartmoebel.de\/zuhause-bei-sam\/wp-json\/wp\/v2\/media?parent=1842"}],"wp:term":[{"taxonomy":"category","embeddable":true,"href":"https:\/\/www.stilartmoebel.de\/zuhause-bei-sam\/wp-json\/wp\/v2\/categories?post=1842"},{"taxonomy":"post_tag","embeddable":true,"href":"https:\/\/www.stilartmoebel.de\/zuhause-bei-sam\/wp-json\/wp\/v2\/tags?post=1842"}],"curies":[{"name":"wp","href":"https:\/\/api.w.org\/{rel}","templated":true}]}}