{"id":17205,"date":"2026-04-23T14:26:05","date_gmt":"2026-04-23T12:26:05","guid":{"rendered":"https:\/\/www.stilartmoebel.de\/zuhause-bei-sam\/?p=17205"},"modified":"2026-04-23T14:30:05","modified_gmt":"2026-04-23T12:30:05","slug":"raeume-mit-geschichte-warum-erinnerungen-wichtiger-sind-als-deko","status":"publish","type":"post","link":"https:\/\/www.stilartmoebel.de\/zuhause-bei-sam\/raeume-mit-geschichte-warum-erinnerungen-wichtiger-sind-als-deko\/","title":{"rendered":"R\u00e4ume mit Geschichte: Warum Erinnerungen wichtiger sind als Deko"},"content":{"rendered":"<p>Ein Zuhause besteht nicht nur aus M\u00f6beln, Farben und Formen. Es lebt von den Dingen, die darin Platz finden \u2013<br \/>\nund vor allem von den Geschichten, die damit verbunden sind.<\/p>\n<p>W\u00e4hrend klassische Dekoration oft austauschbar wirkt, haben pers\u00f6nliche Gegenst\u00e4nde eine ganz andere Wirkung.<br \/>\nSie machen R\u00e4ume individueller, w\u00e4rmer und authentischer.<br \/>\nEin wirklich <strong>pers\u00f6nliches Zuhause<\/strong> entsteht nicht durch perfekte Inszenierung, sondern durch Erinnerungen.<\/p>\n<h2>Warum Deko allein oft nicht reicht<\/h2>\n<p>Dekoration hat eine klare Funktion: Sie soll R\u00e4ume gestalten und Atmosph\u00e4re schaffen.<br \/>\nDoch viele Dekoartikel erf\u00fcllen genau das nur oberfl\u00e4chlich, denn sie sind schnell gekauft, leicht austauschbar und oft ohne pers\u00f6nliche Bedeutung.<br \/>\nDas Ergebnis: R\u00e4ume wirken zwar fertig eingerichtet, aber gleichzeitig auch beliebig und eher wie aus einem M\u00f6belkatalog statt wie aus &#8222;dem richtigen Leben&#8220;.<\/p>\n<p>Genau hier liegt der Unterschied zu einem Zuhause, das mit Erinnerungen gestaltet ist.<\/p>\n<h2>Wohnen mit Erinnerungen statt mit Konzepten<\/h2>\n<p>Ein Raum wirkt besonders dann stimmig, wenn er nicht nur geplant, sondern gelebt ist.<\/p>\n<p><strong>Wohnen mit Erinnerungen<\/strong> bedeutet:<\/p>\n<ul>\n<li>Dinge bewusst ausw\u00e4hlen<\/li>\n<li>pers\u00f6nliche Gegenst\u00e4nde sichtbar machen<\/li>\n<li>Erlebtes in den Raum integrieren<\/li>\n<\/ul>\n<p>Das k\u00f6nnen ganz unterschiedliche Elemente sein wie Fotos, Mitbringsel von Reisen, kleine Alltagsgegenst\u00e4nde oder besondere Einzelst\u00fccke, die f\u00fcr Sie einen pers\u00f6nlichen emotionalen Wert haben.<\/p>\n<p>Diese Dinge haben oft keinen hohen materiellen Wert \u2013 aber eine gro\u00dfe emotionale Bedeutung.<\/p>\n<h2>M\u00f6bel als B\u00fchne f\u00fcr Erinnerungen<\/h2>\n<p>Damit pers\u00f6nliche Gegenst\u00e4nde ihre Wirkung entfalten k\u00f6nnen, brauchen sie den richtigen Rahmen.<\/p>\n<p>Hier spielen M\u00f6bel eine entscheidende Rolle.<\/p>\n<p>Besonders geeignet sind <strong>Sideboards<\/strong>, <strong>Vitrinen<\/strong> und <a href=\"https:\/\/www.moebelliebling.de\/Regale\/\" target=\"_blank\" rel=\"noopener\"><strong>Regale<\/strong><\/a>. Sie schaffen Struktur und bieten gleichzeitig Raum, um Erinnerungen sichtbar zu machen.<\/p>\n<p>Diese &#8222;<strong><a href=\"https:\/\/www.moebelliebling.de\/Wohnzimmer\/\" target=\"_blank\" rel=\"noopener\">Aufbewahrungsm\u00f6bel<\/a><\/strong>&#8220; sind kein nebens\u00e4chliches Produkt in einem Raum, sondern die &#8222;B\u00fchnen&#8220; f\u00fcr die darauf oder darin pr\u00e4sentierten Erinnerungsst\u00fccke.<br \/>\nAuf einem Sideboard k\u00f6nnen ausgew\u00e4hlte St\u00fccke bewusst platziert werden.<br \/>\nIn einer Vitrine lassen sich besondere Objekte gesch\u00fctzt pr\u00e4sentieren.<br \/>\nRegale bieten die M\u00f6glichkeit, pers\u00f6nliche Dinge flexibel zu kombinieren.<\/p>\n<p>Passende Inspirationen finden Sie beispielsweise bei <a class=\"internal-link\" href=\"https:\/\/www.moebelliebling.de\/Aufbewahrung\/\" target=\"_blank\" rel=\"noopener\">moebelliebling.de<\/a>.<\/p>\n<p><img loading=\"lazy\" decoding=\"async\" class=\"size-full\" src=\"https:\/\/www.stilartmoebel.de\/zuhause-bei-sam\/wp-content\/uploads\/2026\/04\/vitrine-als-aufbewahrungsmoebel.jpg\" alt=\"erinerungen statt deko\" width=\"1200\" height=\"765\" \/><\/p>\n<h2>Weniger zeigen, mehr Wirkung erzielen<\/h2>\n<p>Ein h\u00e4ufiger Fehler beim Gestalten mit pers\u00f6nlichen Gegenst\u00e4nden ist \u00dcberladung. Zu viele Dinge auf einmal f\u00fchren dazu, dass nichts mehr richtig wirkt.<\/p>\n<p>Besser ist es, bewusst auszuw\u00e4hlen, einzelne St\u00fccke durch eine prominente Platzierung hervorzuheben und freie Fl\u00e4chen zuzulassen. Ein einzelnes Erinnerungsst\u00fcck kann oft mehr Wirkung entfalten als viele kleine Elemente.<br \/>\nGerade in Kombination mit ruhigen M\u00f6beln entsteht so eine klare und moderne Atmosph\u00e4re.<\/p>\n<h2>Geschichten sichtbar machen<\/h2>\n<p>Ein Zuhause wird besonders, wenn es etwas erz\u00e4hlt.<br \/>\nDas muss nicht kompliziert sein sondern sollte vor allem authentisch sein.<\/p>\n<p>Schon kleine Details k\u00f6nnen eine Geschichte transportieren:<\/p>\n<ul>\n<li>ein altes Familienfoto<\/li>\n<li>ein Gegenstand aus der Kindheit<\/li>\n<li>ein Fundst\u00fcck aus dem Urlaub<\/li>\n<\/ul>\n<p>Wichtig ist nicht, wie wertvoll ein Objekt ist \u2013 sondern welche Bedeutung es f\u00fcr Sie hat. Diese pers\u00f6nliche Ebene macht R\u00e4ume lebendig.<\/p>\n<h2>Struktur statt Sammeln<\/h2>\n<p>Der Unterschied zwischen einem pers\u00f6nlichen Zuhause und Unordnung liegt oft in der Struktur.<br \/>\nErinnerungen sollten nicht einfach gesammelt, sondern bewusst platziert werden.<\/p>\n<p>Hilfreich ist eine thematische Gruppierung, klare Bereiche im Raum und eine Kombination mit ruhigen Fl\u00e4chen.<br \/>\nSo entsteht ein Gleichgewicht zwischen Pers\u00f6nlichkeit und Klarheit.<\/p>\n<h2>M\u00f6bel bewusst einsetzen<\/h2>\n<p>Damit Erinnerungen wirken k\u00f6nnen, sollten M\u00f6bel nicht zu dominant sein. Sie bilden den Rahmen \u2013 nicht den Mittelpunkt.<\/p>\n<p>Ein gutes M\u00f6belst\u00fcck wirkt ruhig, bietet dem Auge Struktur und unterst\u00fctzt den Gesamteindruck des Raumes.<br \/>\nGerade <a href=\"https:\/\/www.moebelliebling.de\/Sideboards\/\" target=\"_blank\" rel=\"noopener\">Sideboards<\/a> oder Regale mit klarer Formensprache helfen dabei, pers\u00f6nliche Gegenst\u00e4nde in Szene zu setzen, ohne den Raum zu \u00fcberladen.<\/p>\n<h2>R\u00e4ume, die sich entwickeln d\u00fcrfen<\/h2>\n<p>Ein Zuhause ist kein statisches Konzept. Erinnerungen kommen hinzu, ver\u00e4ndern sich oder verschwinden wieder.<br \/>\nGenau das macht den Charakter eines Raumes aus.<br \/>\nEin Raum darf wachsen, sich ver\u00e4ndern und neue Geschichten aufnehmen.<\/p>\n<p>So bleibt Ihr Zuhause lebendig \u2013 ohne st\u00e4ndig neu gestaltet werden zu m\u00fcssen.<\/p>\n<h2>Alltag statt Inszenierung<\/h2>\n<p>Viele Wohnungen zeigen perfekt gestylte R\u00e4ume. Im Alltag funktioniert das selten und man hat oft das Gef\u00fchl, dass hier keiner wirklich wohnt.<br \/>\nEin Zuhause mit Erinnerungen wirkt anders, n\u00e4mlich weniger perfekt, daf\u00fcr echter und n\u00e4her am eigenen Leben.<\/p>\n<p>Genau das macht den Unterschied.<\/p>\n<h2>Fazit: Pers\u00f6nlichkeit schl\u00e4gt Perfektion<\/h2>\n<p>Ein Raum wird nicht durch Dekoration besonders, sondern durch die Menschen, die darin leben.<br \/>\nEin <strong>pers\u00f6nliches Zuhause<\/strong> entsteht dann, wenn Erinnerungen sichtbar werden und Teil der Einrichtung sind.<\/p>\n<p><strong>Wohnen mit Erinnerungen<\/strong> bedeutet:<\/p>\n<ul>\n<li>bewusst ausw\u00e4hlen<\/li>\n<li>gezielt platzieren<\/li>\n<li>Raum f\u00fcr Geschichten schaffen<\/li>\n<\/ul>\n<p>M\u00f6bel wie Sideboards, Vitrinen und Regale helfen dabei, diese Erinnerungen zu strukturieren und sichtbar zu machen. So entsteht ein Zuhause, das nicht nur gut aussieht \u2013 sondern sich auch richtig anf\u00fchlt.<\/p>\n<h6>Hauptbild mit Hilfe von KI erstellt<\/h6>\n","protected":false},"excerpt":{"rendered":"<p>Ein Zuhause besteht nicht nur aus M\u00f6beln, Farben und Formen. Es lebt von den Dingen, die darin Platz finden \u2013 und vor allem von den Geschichten, die damit verbunden sind. W\u00e4hrend klassische Dekoration oft austauschbar wirkt, haben pers\u00f6nliche Gegenst\u00e4nde eine ganz andere Wirkung. Sie machen R\u00e4ume individueller, w\u00e4rmer und authentischer. Ein wirklich pers\u00f6nliches Zuhause entsteht [&hellip;]<\/p>\n","protected":false},"author":2,"featured_media":17213,"comment_status":"closed","ping_status":"closed","sticky":false,"template":"","format":"standard","meta":{"footnotes":""},"categories":[593,1,33],"tags":[2890,2892,2889,268,2891,704],"class_list":["post-17205","post","type-post","status-publish","format-standard","has-post-thumbnail","hentry","category-dekoration","category-mein-zuhause","category-wohnzimmer","tag-aufbewahrungsmoebel-2","tag-authentisch","tag-erinerungen-statt-deko","tag-regale","tag-sideboards","tag-vitrinen"],"amp_enabled":true,"_links":{"self":[{"href":"https:\/\/www.stilartmoebel.de\/zuhause-bei-sam\/wp-json\/wp\/v2\/posts\/17205","targetHints":{"allow":["GET"]}}],"collection":[{"href":"https:\/\/www.stilartmoebel.de\/zuhause-bei-sam\/wp-json\/wp\/v2\/posts"}],"about":[{"href":"https:\/\/www.stilartmoebel.de\/zuhause-bei-sam\/wp-json\/wp\/v2\/types\/post"}],"author":[{"embeddable":true,"href":"https:\/\/www.stilartmoebel.de\/zuhause-bei-sam\/wp-json\/wp\/v2\/users\/2"}],"replies":[{"embeddable":true,"href":"https:\/\/www.stilartmoebel.de\/zuhause-bei-sam\/wp-json\/wp\/v2\/comments?post=17205"}],"version-history":[{"count":6,"href":"https:\/\/www.stilartmoebel.de\/zuhause-bei-sam\/wp-json\/wp\/v2\/posts\/17205\/revisions"}],"predecessor-version":[{"id":17214,"href":"https:\/\/www.stilartmoebel.de\/zuhause-bei-sam\/wp-json\/wp\/v2\/posts\/17205\/revisions\/17214"}],"wp:featuredmedia":[{"embeddable":true,"href":"https:\/\/www.stilartmoebel.de\/zuhause-bei-sam\/wp-json\/wp\/v2\/media\/17213"}],"wp:attachment":[{"href":"https:\/\/www.stilartmoebel.de\/zuhause-bei-sam\/wp-json\/wp\/v2\/media?parent=17205"}],"wp:term":[{"taxonomy":"category","embeddable":true,"href":"https:\/\/www.stilartmoebel.de\/zuhause-bei-sam\/wp-json\/wp\/v2\/categories?post=17205"},{"taxonomy":"post_tag","embeddable":true,"href":"https:\/\/www.stilartmoebel.de\/zuhause-bei-sam\/wp-json\/wp\/v2\/tags?post=17205"}],"curies":[{"name":"wp","href":"https:\/\/api.w.org\/{rel}","templated":true}]}}