{"id":1579,"date":"2015-04-09T17:18:58","date_gmt":"2015-04-09T15:18:58","guid":{"rendered":"http:\/\/www.stilartmoebel.de\/magazin\/?p=1579"},"modified":"2025-08-15T15:21:37","modified_gmt":"2025-08-15T13:21:37","slug":"klassische-polstermoebel-auf-dem-balkon","status":"publish","type":"post","link":"https:\/\/www.stilartmoebel.de\/zuhause-bei-sam\/klassische-polstermoebel-auf-dem-balkon\/","title":{"rendered":"Klassische Polsterm\u00f6bel auf dem Balkon"},"content":{"rendered":"<p>In Gro\u00dfst\u00e4dten ist der Balkon oft die einzige M\u00f6glichkeit, nach Feierabend oder am Wochenende ein paar Momente im Freien zu verbringen. Selbstverst\u00e4ndlich m\u00f6chten Balkonbesitzer sich ihren Au\u00dfenbereich daher so sch\u00f6n und gem\u00fctlich wie m\u00f6glich einrichten. Der Balkon wird mit gr\u00fcnen und bl\u00fchenden Pflanzen ausgestattet, ansprechend dekoriert und nat\u00fcrlich mit <a href=\"https:\/\/www.moebelliebling.de\/Garten-Balkon\/\" target=\"_blank\" rel=\"noopener\">komfortablen M\u00f6beln<\/a> versehen. Wenn Sie auch auf Ihrem Balkon hohen Wert auf Sitzkomfort liegen, sollten Sie in Erw\u00e4gung ziehen, klassische Polsterm\u00f6bel darauf unterzubringen. Worauf Sie dabei achten sollten, verraten wir Ihnen im heutigen Ratgeber.<\/p>\n<p><!--more--><\/p>\n<h2>Polsterm\u00f6bel oder Gartenm\u00f6bel? Eine Frage des Komforts<\/h2>\n<p><a href=\"https:\/\/www.moebelliebling.de\/blog\/jetzt-beginnt-wieder-die-outdoorsaison-die-passenden-moebel-fuer-den-balkon\" target=\"_blank\" rel=\"noopener\">Gartenm\u00f6bel<\/a> haben den Vorteil, dass sie aus witterungsbest\u00e4ndigen Materialien bestehen, welche speziell f\u00fcr den Au\u00dfenbereich gedacht sind. Allerdings werden Sie zugeben m\u00fcssen, dass Sie auf Ihrem heimischen Sofa doch um Einiges bequemer sitzen k\u00f6nnen. Hinsichtlich des Komforts haben klassische Polsterm\u00f6bel daher die Nase vorn. Dar\u00fcber hinaus liegen Sie absolut im Trend, wenn Sie sich daf\u00fcr entscheiden, eine Sofagarnitur auf Ihrem Balkon unterzubringen. Denn Outdoor-Living ist auch in diesem Jahr \u00fcberaus angesagt. Wenn Sie diesem Trend folgen m\u00f6chten, bedeutet das f\u00fcr Sie, dass der Garten, die Terrasse oder der Balkon ebenso gem\u00fctlich eingerichtet wird wie das heimische <a href=\"https:\/\/www.moebelliebling.de\/Wohnzimmer\/\" target=\"_blank\" rel=\"noopener\">Wohnzimmer<\/a>. Das gelingt mit liebevollen Details, aber eben auch mit komfortablen Sitzecken, welche mit den passenden M\u00f6beln ausgestattet werden. Und welche M\u00f6belst\u00fccke bieten sich hierf\u00fcr besser an als klassische Polstergarnituren?<\/p>\n<figure id=\"attachment_4958\" aria-labelledby=\"figcaption_attachment_4958\" class=\"wp-caption alignright\" style=\"width: 353px\"><img loading=\"lazy\" decoding=\"async\" class=\"wp-image-4958 size-large\" title=\"Bildquelle: \u00a9 3523studio\/shutterstock.com\" src=\"https:\/\/www.stilartmoebel.de\/zuhause-bei-sam\/wp-content\/uploads\/2015\/04\/voraussetzungen-polstermoebel-balkon-343x480.jpg\" alt=\"Outdoor-Polsterm\u00f6bel auf Balkon\" width=\"343\" height=\"480\" srcset=\"https:\/\/www.stilartmoebel.de\/zuhause-bei-sam\/wp-content\/uploads\/2015\/04\/voraussetzungen-polstermoebel-balkon-343x480.jpg 343w, https:\/\/www.stilartmoebel.de\/zuhause-bei-sam\/wp-content\/uploads\/2015\/04\/voraussetzungen-polstermoebel-balkon-215x300.jpg 215w, https:\/\/www.stilartmoebel.de\/zuhause-bei-sam\/wp-content\/uploads\/2015\/04\/voraussetzungen-polstermoebel-balkon.jpg 400w\" sizes=\"auto, (max-width: 343px) 100vw, 343px\" \/><figcaption id=\"figcaption_attachment_4958\" class=\"wp-caption-text\">Outdoor-Polsterm\u00f6bel auf Balkon<\/figcaption><\/figure>\n<h2>Voraussetzungen f\u00fcr Polsterm\u00f6bel auf dem Balkon<\/h2>\n<p>Bevor Sie Sofa und Sessel f\u00fcr Ihren Balkon kaufen, sollten Sie zun\u00e4chst herausfinden, ob Ihr Au\u00dfenbereich \u00fcberhaupt daf\u00fcr geeignet ist. Da klassische Polsterm\u00f6bel nicht speziell f\u00fcr den Outdoor-Einsatz entwickelt wurden, ist ein gesch\u00fctzter Balkon die absolute Voraussetzung, um das Material zu schonen. Er sollte daher eine \u00dcberdachung besitzen, welche die M\u00f6bel vor Regen sch\u00fctzt. Falls Ihr Balkon nicht \u00fcberdacht ist, k\u00f6nnen Sie zum Beispiel eine Markise anbringen, um f\u00fcr Witterungsschutz zu sorgen. Zudem haben Sie die M\u00f6glichkeit, einen Teil der Balkonbr\u00fcstung mit Plexiglas zu versehen, um die Polsterm\u00f6bel auch von vorn vor Witterungseinfl\u00fcssen zu sch\u00fctzen. Dar\u00fcber hinaus kommt es darauf an, dass Ihr Balkon ausreichend gro\u00df ist, damit die M\u00f6belst\u00fccke \u00fcberhaupt darauf untergebracht werden k\u00f6nnen.<\/p>\n<h2>Welche Polsterm\u00f6bel eignen sich f\u00fcr den Balkon?<\/h2>\n<p>Nicht jedes Sofa ist f\u00fcr den Balkon geeignet. Achten Sie daher beim Kauf unbedingt auf die folgenden Aspekte:<\/p>\n<ul>\n<li>Gr\u00f6\u00dfe<\/li>\n<li>Material<\/li>\n<li>Qualit\u00e4t<\/li>\n<\/ul>\n<p>Nur so stellen Sie sicher, dass Sie sp\u00e4ter lange Freude an Ihrem Outdoor-Sofa haben.<\/p>\n<figure id=\"attachment_4959\" aria-labelledby=\"figcaption_attachment_4959\" class=\"wp-caption alignleft\" style=\"width: 310px\"><img loading=\"lazy\" decoding=\"async\" class=\"wp-image-4959 size-full\" title=\"Bildquelle: \u00a9 Ozgur Coskun\/shutterstock.com\" src=\"https:\/\/www.stilartmoebel.de\/zuhause-bei-sam\/wp-content\/uploads\/2015\/04\/pflege-balkon-couch-sofa.jpg\" alt=\"Dunkles Rattan f\u00fcr Outdoor-Polsterm\u00f6bel\" width=\"300\" height=\"355\" srcset=\"https:\/\/www.stilartmoebel.de\/zuhause-bei-sam\/wp-content\/uploads\/2015\/04\/pflege-balkon-couch-sofa.jpg 300w, https:\/\/www.stilartmoebel.de\/zuhause-bei-sam\/wp-content\/uploads\/2015\/04\/pflege-balkon-couch-sofa-254x300.jpg 254w\" sizes=\"auto, (max-width: 300px) 100vw, 300px\" \/><figcaption id=\"figcaption_attachment_4959\" class=\"wp-caption-text\">Dunkles Rattan f\u00fcr Outdoor-Polsterm\u00f6bel<\/figcaption><\/figure>\n<h3>Wie gro\u00df d\u00fcrfen die Polsterm\u00f6bel sein?<\/h3>\n<p>Eine gro\u00dfe Wohnlandschaft wird selbst auf dem gr\u00f6\u00dften Balkon keinen Platz finden. Besser geeignet sind daher zum Beispiel Couchgarnituren. Sie bestehen aus einem Sessel, einem Zweisitzer und einem Dreisitzer, sodass eine beliebige Aufteilung m\u00f6glich ist. So k\u00f6nnen Sie jede Ecke des Balkons optimal ausnutzen. F\u00fcr etwas kleinere Balkone sind Einzelsofas oder Liegen geeignet. Sie sind platzsparender und bieten Ihnen dennoch einen hohen Sitz- und Liegekomfort. Alternativ k\u00f6nnen Sie auch einzelne Sessel auf Ihrem Balkon platzieren. So entsteht mit Sicherheit ein tolles Lounge-Feeling, das regelrecht dazu einl\u00e4dt, laue Sommerabende im Freien zu verbringen. Wenn Sie diese Sessel mit passenden Hockern kombinieren, k\u00f6nnen Sie bei einem nachmitt\u00e4glichen Sonnenbad sogar die F\u00fc\u00dfe hochlegen und schaffen bei Bedarf schnell eine zus\u00e4tzliche Sitzgelegenheit.<\/p>\n<h3>Welches Material bietet sich am besten an?<\/h3>\n<p>Achten Sie bei der Auswahl der Polsterm\u00f6bel auch auf das Material. Sofas und Sessel mit Stoffbezug sind weniger geeignet als Varianten mit einem hochwertigem Kunstlederbezug. Das Material wird zum Beispiel f\u00fcr Fahrrad- und Motorradsitze verwendet und ist entsprechend robust. Wichtig ist jedoch, dass es sich um eine glatte Oberfl\u00e4che handelt, da sie ohne gro\u00dfen Aufwand gereinigt werden kann. Ein Bezug in Wildlederoptik hingegen ist meistens nicht gegen Feuchtigkeit impr\u00e4gniert und zudem sehr rau, sodass sich Schmutz leicht festsetzt. Dar\u00fcber hinaus gibt es mittlerweile auch <a href=\"https:\/\/www.moebelliebling.de\/blog\/rattanmoebel-ein-besonderer-stil\" target=\"_blank\" rel=\"noopener\">Sofas, die aus Rattan<\/a> bestehen. Auch sie sind im Au\u00dfenbereich einsetzbar, wenn f\u00fcr entsprechenden Schutz vor Witterungseinfl\u00fcssen gesorgt ist. Absolut witterungsbest\u00e4ndig ist Polyrattan, also eine Kunststoffnachbildung der nat\u00fcrlichen Rattanfaser.<\/p>\n<h3>Eine hohe Qualit\u00e4t gew\u00e4hrleistet eine lange Haltbarkeit<\/h3>\n<p>Sehen Sie am besten von vermeintlichen Schn\u00e4ppchen ab, denn oft m\u00fcssen sie dabei Abstriche bei der Qualit\u00e4t machen. Eine gute Verarbeitung ist aber wichtig, damit Sie lange Freude an Ihrem neuen Balkon-Sofa haben werden. Bei minderwertigen Polsterm\u00f6beln sind zum Beispiel die N\u00e4hte unsauber verarbeitet, sodass hier gut Feuchtigkeit eindringen kann. Dar\u00fcber hinaus ist es bei Kunstlederbez\u00fcgen sehr wichtig, dass es sich um eine hochwertige Variante handelt. Andernfalls bilden sich gerade bei starken Temperaturschwankungen schnell Risse.<\/p>\n<h2>Die richtige Pflege der Outdoor-Polsterm\u00f6bel<\/h2>\n<p>Behandeln Sie Ihre neuen Leder- oder Kunstleder-Polsterm\u00f6bel noch vor dem ersten Au\u00dfeneinsatz mit einem impr\u00e4gnierenden Lederschutzmittel. Dadurch wird die Oberfl\u00e4che versiegelt und ist besser vor der Witterung gesch\u00fctzt. Dieses Schutzmittel k\u00f6nnen Sie bei Polsterm\u00f6beln, die im Au\u00dfenbereich untergebracht werden, ruhig regelm\u00e4\u00dfig anwenden, um die Impr\u00e4gnierung aufrecht zu erhalten. Dar\u00fcber hinaus sollten Sie die Polsterm\u00f6bel bei anhaltenden Regenperioden mit einer stabilen wetterfesten Plane abdecken. Das empfiehlt sich auch, wenn die M\u00f6bel im Winter drau\u00dfen stehen bleiben m\u00fcssen. Sofern es m\u00f6glich ist, sollten Sie Sofa und Sessel aber w\u00e4hrend der Wintermonate im Keller oder auf dem Dachboden unterbringen, um sie gut vor N\u00e4sse und Frost zu sch\u00fctzen.<\/p>\n","protected":false},"excerpt":{"rendered":"<p>In Gro\u00dfst\u00e4dten ist der Balkon oft die einzige M\u00f6glichkeit, nach Feierabend oder am Wochenende ein paar Momente im Freien zu verbringen. Selbstverst\u00e4ndlich m\u00f6chten Balkonbesitzer sich ihren Au\u00dfenbereich daher so sch\u00f6n und gem\u00fctlich wie m\u00f6glich einrichten. Der Balkon wird mit gr\u00fcnen und bl\u00fchenden Pflanzen ausgestattet, ansprechend dekoriert und nat\u00fcrlich mit komfortablen M\u00f6beln versehen. Wenn Sie auch [&hellip;]<\/p>\n","protected":false},"author":10,"featured_media":1584,"comment_status":"closed","ping_status":"closed","sticky":false,"template":"","format":"standard","meta":{"footnotes":""},"categories":[596,20],"tags":[28,38,419,506,650,188,855,318,34],"class_list":["post-1579","post","type-post","status-publish","format-standard","has-post-thumbnail","hentry","category-gartenmoebel","category-mein-garten","tag-balkon","tag-material","tag-outdoor","tag-polstermoebel","tag-polyrattan","tag-qualitaet","tag-rattan","tag-sessel","tag-sofa"],"amp_enabled":true,"_links":{"self":[{"href":"https:\/\/www.stilartmoebel.de\/zuhause-bei-sam\/wp-json\/wp\/v2\/posts\/1579","targetHints":{"allow":["GET"]}}],"collection":[{"href":"https:\/\/www.stilartmoebel.de\/zuhause-bei-sam\/wp-json\/wp\/v2\/posts"}],"about":[{"href":"https:\/\/www.stilartmoebel.de\/zuhause-bei-sam\/wp-json\/wp\/v2\/types\/post"}],"author":[{"embeddable":true,"href":"https:\/\/www.stilartmoebel.de\/zuhause-bei-sam\/wp-json\/wp\/v2\/users\/10"}],"replies":[{"embeddable":true,"href":"https:\/\/www.stilartmoebel.de\/zuhause-bei-sam\/wp-json\/wp\/v2\/comments?post=1579"}],"version-history":[{"count":26,"href":"https:\/\/www.stilartmoebel.de\/zuhause-bei-sam\/wp-json\/wp\/v2\/posts\/1579\/revisions"}],"predecessor-version":[{"id":16591,"href":"https:\/\/www.stilartmoebel.de\/zuhause-bei-sam\/wp-json\/wp\/v2\/posts\/1579\/revisions\/16591"}],"wp:featuredmedia":[{"embeddable":true,"href":"https:\/\/www.stilartmoebel.de\/zuhause-bei-sam\/wp-json\/wp\/v2\/media\/1584"}],"wp:attachment":[{"href":"https:\/\/www.stilartmoebel.de\/zuhause-bei-sam\/wp-json\/wp\/v2\/media?parent=1579"}],"wp:term":[{"taxonomy":"category","embeddable":true,"href":"https:\/\/www.stilartmoebel.de\/zuhause-bei-sam\/wp-json\/wp\/v2\/categories?post=1579"},{"taxonomy":"post_tag","embeddable":true,"href":"https:\/\/www.stilartmoebel.de\/zuhause-bei-sam\/wp-json\/wp\/v2\/tags?post=1579"}],"curies":[{"name":"wp","href":"https:\/\/api.w.org\/{rel}","templated":true}]}}