{"id":1475,"date":"2015-03-27T19:49:19","date_gmt":"2015-03-27T17:49:19","guid":{"rendered":"http:\/\/www.stilartmoebel.de\/magazin\/?p=1475"},"modified":"2025-10-24T14:37:48","modified_gmt":"2025-10-24T12:37:48","slug":"garten-und-terrasse-gestalten-mit-farbe-bitte","status":"publish","type":"post","link":"https:\/\/www.stilartmoebel.de\/zuhause-bei-sam\/garten-und-terrasse-gestalten-mit-farbe-bitte\/","title":{"rendered":"Garten und Terrasse gestalten &#8211; mit Farbe bitte!"},"content":{"rendered":"<p>Die fr\u00fchlingshaften Temperaturen ziehen die Menschen wieder nach drau\u00dfen. In zahlreichen G\u00e4rten wird daher schon jetzt flei\u00dfig geg\u00e4rtnert. Auch wer nur einen Balkon oder eine Terrasse hat, besch\u00e4ftigt sich bereits mit der diesj\u00e4hrigen Bepflanzung. Daher wird es Zeit, den diesj\u00e4hrigen Gartentrends auf die Spur zu gehen. Und eines ist jetzt schon klar: In diesem Sommer d\u00fcrfen Sie bei der Gestaltung von Garten, Terrasse und Balkon gerne viel Farbe bekennen. Kaum war ein bunter Mix aus allen erdenklichen Farben jemals zuvor so angesagt wie jetzt! Mit farbenfrohen Accessoires schaffen Sie eine fr\u00f6hliche Atmosph\u00e4re, die mit der Sonne um die Wette leuchtet. Wir verraten Ihnen heute, wie Sie schnell und einfach Farbe in Ihre Terrassen- und Gartengestaltung bringen.<\/p>\n<p><!--more--><\/p>\n\n<h2>Diese Pflanzen bl\u00fchen in bunten Farben<\/h2>\n<p>Bepflanzen Sie Ihren Au\u00dfenbereich nicht mit Pflanzen in \u00e4hnlichen Farben, sondern w\u00e4hlen Sie bewusst Blumen aus, die in allen erdenklichen Farbt\u00f6nen bl\u00fchen. Geeignet sind zum Beispiel:<\/p>\n<ul>\n<li>Kamelien<\/li>\n<li>Hortensien<\/li>\n<li>Engelstrompete<\/li>\n<li>Petunie<\/li>\n<li>Enzianbaum<\/li>\n<li>Fuchsie<\/li>\n<li>Rhododendron<\/li>\n<\/ul>\n<p>Mit der richtigen Bepflanzung ist es sehr einfach, Farbe in Ihren Garten, auf den Balkon oder auf die Terrasse zu bringen.<\/p>\n<figure id=\"attachment_4378\" aria-labelledby=\"figcaption_attachment_4378\" class=\"wp-caption aligncenter\" style=\"width: 888px\"><img loading=\"lazy\" decoding=\"async\" class=\"wp-image-4378 size-full\" title=\"Bildquelle: \u00a9 parinyabinsuk\/shutterstock.com\" src=\"https:\/\/www.stilartmoebel.de\/zuhause-bei-sam\/wp-content\/uploads\/2015\/03\/garten-terrasse-farben-trends.jpg\" alt=\"Stilbr\u00fcche im Garten und auf der Terrasse: Farben k\u00f6nnen nach Belieben kombiniert werden\" width=\"878\" height=\"355\" srcset=\"https:\/\/www.stilartmoebel.de\/zuhause-bei-sam\/wp-content\/uploads\/2015\/03\/garten-terrasse-farben-trends.jpg 878w, https:\/\/www.stilartmoebel.de\/zuhause-bei-sam\/wp-content\/uploads\/2015\/03\/garten-terrasse-farben-trends-300x121.jpg 300w, https:\/\/www.stilartmoebel.de\/zuhause-bei-sam\/wp-content\/uploads\/2015\/03\/garten-terrasse-farben-trends-730x295.jpg 730w\" sizes=\"auto, (max-width: 878px) 100vw, 878px\" \/><figcaption id=\"figcaption_attachment_4378\" class=\"wp-caption-text\">Stilbr\u00fcche im Garten und auf der Terrasse: Farben k\u00f6nnen nach Belieben kombiniert werden<\/figcaption><\/figure>\n<h2>Stilbr\u00fcche bei Farbe, Muster und M\u00f6bel sind angesagt<\/h2>\n<p>In den letzten Jahren waren es vor allem Ton-in-Ton-Arrangements, die besonders angesagt waren. Mehrere Blau-, Rot- oder Gr\u00fcnnuancen wurden miteinander kombiniert, um f\u00fcr ein harmonisches Flair zu sorgen. Ein einheitliches Muster zog sich dabei meist durch die verschiedenen Farbt\u00f6ne. All das ist in diesem Sommer nicht mehr notwendig, denn bewusste Stilbr\u00fcche sind nicht nur m\u00f6glich, sondern sogar gew\u00fcnscht. W\u00e4hlen Sie einfach Ihre f\u00fcnf Lieblingsfarben und mixen Sie diese wild durcheinander. So entsteht eine kunterbunte Atmosph\u00e4re, die Ihnen automatisch ein L\u00e4cheln ins Gesicht zaubert.<\/p>\n<p>Die Tatsache, dass Stilbr\u00fcche gefragt sind, gilt \u00fcbrigens nicht nur f\u00fcr Farben, sondern auch f\u00fcr Muster und M\u00f6bel. Gerne k\u00f6nnen Sie daher auch <a href=\"https:\/\/www.moebelliebling.de\/Garten-Balkon\/\" target=\"_blank\" rel=\"noopener\">Tische und St\u00fchle<\/a> miteinander kombinieren, die auf den ersten Blick nicht unbedingt zusammenpassen. Es ist in diesem Sommer nicht unbedingt notwendig, eine Gartengruppe zu kaufen, bei der alles aufeinander abgestimmt ist. Stattdessen haben Sie die M\u00f6glichkeit, einzelne neue St\u00fchle zu Ihren bereits bestehenden Sitzm\u00f6beln dazu zu kaufen und diese wild miteinander zu kombinieren. Auch bei den Accessoires haben Sie freie Wahl. Wichtig ist in der aktuellen Saison nur, dass Ihnen Ihr neues individuelles Ensemble gef\u00e4llt und mit vielen bunten Farben f\u00fcr gute Laune sorgt!<\/p>\n<h2>Mit bunten Kissen wird alles gem\u00fctlicher<\/h2>\n<p>Um Farbe in Ihren Au\u00dfenbereich zu bekommen, m\u00fcssen Sie nicht unbedingt bunte Gartenm\u00f6bel kaufen oder Ihren bestehenden Balkonm\u00f6beln einen neuen Anstrich verpassen. Schlie\u00dflich wei\u00df man nie, ob der wilde Farb-Mix auch im n\u00e4chsten Sommer noch angesagt ist. Farbe bekennen k\u00f6nnen Sie auch mit bunten Accessoires. Insbesondere Kissen sind in der aktuellen Saison gefragt, wenn es um eine farbenfrohe Gestaltung geht. Dabei gilt: Je unterschiedlicher die Muster und je bunter die Farben, desto besser sind die Kissen f\u00fcr Ihren Balkon oder Garten geeignet! Nat\u00fcrlich erf\u00fcllen die Kissen nicht nur einen optischen Zweck, denn zugleich polstern sie die <a href=\"https:\/\/www.moebelliebling.de\/Garten-Balkon\/\" target=\"_blank\" rel=\"noopener\">B\u00e4nke, Gartenst\u00fchle<\/a> und Sonnenliegen. Dadurch sorgen sie auch f\u00fcr einen h\u00f6heren Komfort beim Relaxen.<\/p>\n<figure id=\"attachment_4386\" aria-labelledby=\"figcaption_attachment_4386\" class=\"wp-caption aligncenter\" style=\"width: 888px\"><img loading=\"lazy\" decoding=\"async\" class=\"wp-image-4386 size-full\" title=\"Bildquelle: \u00a9 Svetlana Iakusheva\/shutterstock.com\" src=\"https:\/\/www.stilartmoebel.de\/zuhause-bei-sam\/wp-content\/uploads\/2015\/03\/windlichter-kerzen-gemuetlich-garten.jpg\" alt=\"Windlichter verbreiten mit ihrem Feuerschein eine romantische und gem\u00fctliche Atmosph\u00e4re im Garten\" width=\"878\" height=\"355\" srcset=\"https:\/\/www.stilartmoebel.de\/zuhause-bei-sam\/wp-content\/uploads\/2015\/03\/windlichter-kerzen-gemuetlich-garten.jpg 878w, https:\/\/www.stilartmoebel.de\/zuhause-bei-sam\/wp-content\/uploads\/2015\/03\/windlichter-kerzen-gemuetlich-garten-300x121.jpg 300w, https:\/\/www.stilartmoebel.de\/zuhause-bei-sam\/wp-content\/uploads\/2015\/03\/windlichter-kerzen-gemuetlich-garten-730x295.jpg 730w\" sizes=\"auto, (max-width: 878px) 100vw, 878px\" \/><figcaption id=\"figcaption_attachment_4386\" class=\"wp-caption-text\">Windlichter verbreiten mit ihrem Feuerschein eine romantische und gem\u00fctliche Atmosph\u00e4re im Garten<\/figcaption><\/figure>\n<h2>Bunte LEDs schaffen am Abend ein fr\u00f6hliches Flair<\/h2>\n<p>Auch am Abend k\u00f6nnen Sie Balkon, Terrasse und Garten in eine fr\u00f6hliche Atmosph\u00e4re tauchen. Klassische Windlichter mit Kerzen, Fackeln und Laternen lassen es zwar gem\u00fctlich und romantisch werden, allerdings fehlt es dadurch am Abend oft an Farbe. Anl\u00e4sslich des Farbtrends gibt es derzeit aber viele bunte Teelichthalter zu kaufen, mit denen Sie Ihren Freisitz an lauen Sommerabenden ebenfalls in ein buntes Licht tauchen k\u00f6nnen. Dar\u00fcber hinaus sind LED-Lichterketten ganz hervorragend f\u00fcr diesen Zweck geeignet. Sie sind oft sogar mit Solar-Funktion erh\u00e4ltlich und so \u00fcberaus umweltfreundlich. Die bunten Lichterketten k\u00f6nnen an der Balkonbr\u00fcstung ebenso aufgeh\u00e4ngt werden wie in B\u00e4umen im Garten. Sehr gefragt in diesem Jahr sind auch LED-Lampions. Sie k\u00f6nnen als Eyecatcher auf den Tisch gestellt oder in einem Strauch aufgeh\u00e4ngt werden. Sie bewirken ein besonders sanftes und warmes Licht. Aus diesem Grund sind sie das ideale fr\u00f6hliche I-T\u00fcpfelchen bei der abendlichen Farbgestaltung.<\/p>\n<h2>Farbenfrohe Accessoires lassen Ihren Garten strahlen<\/h2>\n<p>Es gibt viele Deko-M\u00f6glichkeiten, die Ihren Garten in Handumdrehen zum Strahlen bringen. Oftmals ist die Anschaffung derartiger Accessoires nicht einmal teuer. Mit folgenden Tipps gelingt es Ihnen garantiert, f\u00fcr mehr Farbe im Garten oder auf der Terrasse zu sorgen:<\/p>\n<ul>\n<li>Ersetzen Sie den wei\u00dfen Plastik- oder Steinschirmst\u00e4nder durch eine buntgemusterte Variante &#8211; oder bemalen Sie Ihren bereits vorhandenen Sonnenschirmst\u00e4nder einfach in bunten Farben.<\/li>\n<li>Tauschen Sie einfarbige Blument\u00f6pfe mit farbenfrohen Modellen aus.<\/li>\n<li>Kaufen Sie einen neuen leuchtenden Sonnenschirmbezug oder f\u00e4rben Sie den bereits vorhandenen mit Textilfarbe ein.<\/li>\n<li>Setzen Sie Ihren kahlen Balkonboden mit farbigen Outdoor-Teppichen in Szene.<\/li>\n<li>Servieren Sie das Essen im Garten auf einem kunterbunten Geschirrset.<\/li>\n<li>Vielfarbige Stoffservietten und Vasen mit farbigen Sommerblumen bringen noch mehr Farbe auf Ihren Gartentisch.<\/li>\n<\/ul>\n<p>Diese Vorschl\u00e4ge bieten sich auch f\u00fcr enge Balkone und Terrassen sehr gut an.<\/p>\n","protected":false},"excerpt":{"rendered":"<p>Die fr\u00fchlingshaften Temperaturen ziehen die Menschen wieder nach drau\u00dfen. In zahlreichen G\u00e4rten wird daher schon jetzt flei\u00dfig geg\u00e4rtnert. Auch wer nur einen Balkon oder eine Terrasse hat, besch\u00e4ftigt sich bereits mit der diesj\u00e4hrigen Bepflanzung. Daher wird es Zeit, den diesj\u00e4hrigen Gartentrends auf die Spur zu gehen. Und eines ist jetzt schon klar: In diesem Sommer [&hellip;]<\/p>\n","protected":false},"author":8,"featured_media":1481,"comment_status":"closed","ping_status":"closed","sticky":false,"template":"","format":"standard","meta":{"footnotes":""},"categories":[599,20],"tags":[53,461,28,170,47,325,2545,192,274,2544,26],"class_list":["post-1475","post","type-post","status-publish","format-standard","has-post-thumbnail","hentry","category-inspiration","category-mein-garten","tag-accessoires","tag-atmosphaere","tag-balkon","tag-farbe","tag-farben","tag-garten","tag-mix","tag-muster","tag-sommer","tag-stilbruch","tag-terrasse"],"amp_enabled":true,"_links":{"self":[{"href":"https:\/\/www.stilartmoebel.de\/zuhause-bei-sam\/wp-json\/wp\/v2\/posts\/1475","targetHints":{"allow":["GET"]}}],"collection":[{"href":"https:\/\/www.stilartmoebel.de\/zuhause-bei-sam\/wp-json\/wp\/v2\/posts"}],"about":[{"href":"https:\/\/www.stilartmoebel.de\/zuhause-bei-sam\/wp-json\/wp\/v2\/types\/post"}],"author":[{"embeddable":true,"href":"https:\/\/www.stilartmoebel.de\/zuhause-bei-sam\/wp-json\/wp\/v2\/users\/8"}],"replies":[{"embeddable":true,"href":"https:\/\/www.stilartmoebel.de\/zuhause-bei-sam\/wp-json\/wp\/v2\/comments?post=1475"}],"version-history":[{"count":15,"href":"https:\/\/www.stilartmoebel.de\/zuhause-bei-sam\/wp-json\/wp\/v2\/posts\/1475\/revisions"}],"predecessor-version":[{"id":17011,"href":"https:\/\/www.stilartmoebel.de\/zuhause-bei-sam\/wp-json\/wp\/v2\/posts\/1475\/revisions\/17011"}],"wp:featuredmedia":[{"embeddable":true,"href":"https:\/\/www.stilartmoebel.de\/zuhause-bei-sam\/wp-json\/wp\/v2\/media\/1481"}],"wp:attachment":[{"href":"https:\/\/www.stilartmoebel.de\/zuhause-bei-sam\/wp-json\/wp\/v2\/media?parent=1475"}],"wp:term":[{"taxonomy":"category","embeddable":true,"href":"https:\/\/www.stilartmoebel.de\/zuhause-bei-sam\/wp-json\/wp\/v2\/categories?post=1475"},{"taxonomy":"post_tag","embeddable":true,"href":"https:\/\/www.stilartmoebel.de\/zuhause-bei-sam\/wp-json\/wp\/v2\/tags?post=1475"}],"curies":[{"name":"wp","href":"https:\/\/api.w.org\/{rel}","templated":true}]}}