{"id":13471,"date":"2019-01-20T08:00:25","date_gmt":"2019-01-20T06:00:25","guid":{"rendered":"https:\/\/www.stilartmoebel.de\/zuhause-bei-sam\/?p=13471"},"modified":"2025-06-20T13:43:41","modified_gmt":"2025-06-20T11:43:41","slug":"vitrinenschrank-die-schoensten-erinnerungen-mitbringsel-im-blick","status":"publish","type":"post","link":"https:\/\/www.stilartmoebel.de\/zuhause-bei-sam\/vitrinenschrank-die-schoensten-erinnerungen-mitbringsel-im-blick\/","title":{"rendered":"Vitrinenschrank \u2013 die sch\u00f6nsten Erinnerungen &#038; Mitbringsel im Blick"},"content":{"rendered":"<p>Das gute alte Porzellan-Service Ihrer Gro\u00dfmutter ist viel zu schade, um es in einem K\u00fcchenschrank zu verstecken. Dasselbe gilt f\u00fcr dekorative Mitbringsel aus dem Urlaub \u2013 wie etwa Vasen oder Figuren. F\u00fcr derartige dekorative Erinnerungsst\u00fccke ist ein <a href=\"https:\/\/www.moebelliebling.de\/Highboards\/\" target=\"_blank\" rel=\"noopener\">Vitrinenschrank<\/a> perfekt geeignet. Dort k\u00f6nnen Sie Teller, Tassen und andere Accessoires pr\u00e4sentieren und sie somit immer im Blick behalten. Erfahren Sie hier, welche Modelle angeboten werden und worauf Sie beim Kauf und bei der Pflege achten sollten.<!--more--><\/p>\n<h2 class=\"western\">Vitrinenschrank:\u00a0 Perfekt zum Pr\u00e4sentieren Ihrer Lieblingsst\u00fccke<\/h2>\n<p>Vitrinen sind Schr\u00e4nke, die nicht nur \u00fcber Schrankt\u00fcren und Schubladen verf\u00fcgen, sondern zus\u00e4tzlich \u00fcber Glaseins\u00e4tze und Glasfronten. Das bietet Ihnen die M\u00f6glichkeit, den Inhalt der Vitrine gekonnt in Szene zu setzen. Zudem bietet die Vitrine Stauraum f\u00fcr zus\u00e4tzliche Utensilien, die Sie lieber blickgesch\u00fctzt aufbewahren m\u00f6chten. Eine Vitrine ist perfekt, wenn Sie einige Lieblingsst\u00fccke haben, die Sie immer im Blick behalten m\u00f6chten. Gleichzeitig sind die Accessoires vor Feuchtigkeit, Schmutz und Staub gesch\u00fctzt \u2013 was in einem offenen Regal nicht der Fall w\u00e4re. Viele Vitrinen verf\u00fcgen au\u00dferdem \u00fcber eine Beleuchtung, sodass Ihre Deko-Gegenst\u00e4nde auch abends toll zur Geltung kommen.<\/p>\n<h2 class=\"western\">Vitrinenschr\u00e4nke f\u00fcr Ihr Zuhause \u2013 diese Modelle werden angeboten<\/h2>\n<p>Es gibt Vitrinen in vielen verschiedenen Varianten und Ausf\u00fchrungen, die jeweils eigene Vorteile bieten. Man unterscheidet Vitrinen, die komplett aus Glas bestehen, von jenen Modellen, die nur teilverglast sind. Letztere haben den Vorteil, dass sie eine gute Kombination aus Schau- und Stauraum bieten. Auch H\u00e4ngevitrinen sind im Handel erh\u00e4ltlich. Sie werden an der Wand montiert, sodass sie sehr platzsparend sind. Daf\u00fcr eignen sie sich aber nur f\u00fcr kleine und leichte Sammelgegenst\u00e4nde.<\/p>\n<h2 class=\"western\">Worauf es beim Kauf ankommt<\/h2>\n<p>Die Vielfalt an unterschiedlichen Vitrinen ist gro\u00df, weshalb Sie bei Ihrem Kauf auf ein paar Dinge achten sollten. Dabei spielen vor allem die Gr\u00f6\u00dfe, das Material und die Optik eine wichtige Rolle. Denken Sie vor dem Kauf dar\u00fcber nach, wo die Vitrine platziert werden soll und messen Sie den Aufstellplatz genau aus. Es gibt Vitrinen in vielen verschiedenen Gr\u00f6\u00dfen. So haben Standvitrinen mitunter eine H\u00f6he von 200 Zentimetern. Es gibt aber auch Modelle, die nur 150 Zentimeter hoch sind. Unterschiede gibt es auch in puncto Breite: Viele Buffetvitrinen sind 140 Zentimeter breit und einige viert\u00fcrige Modelle kommen sogar auf eine Breite von 190 Zentimetern.<\/p>\n<p>Eine wichtige Rolle spielt das Material. Es gibt <a href=\"https:\/\/www.moebelliebling.de\/Sideboards\/\" target=\"_blank\" rel=\"noopener\">Kommoden<\/a> und Hochschr\u00e4nke komplett aus Glas sowie Modelle, bei denen Holzelemente mit Glaseins\u00e4tzen kombiniert werden. Werfen Sie vor der Anschaffung zudem einen Blick auf die Ausstattung: Schubladen sorgen daf\u00fcr, dass die Vitrine optisch lockerer wirkt und bieten gleichzeitig zus\u00e4tzlichen Stauraum. Auch die Frage, ob Sie Ihre Lieblingsst\u00fccke beleuchten m\u00f6chten, sollten Sie vor dem Kauf kl\u00e4ren, um zu entscheiden, ob es ein Modell mit integrierter Beleuchtung sein soll.<\/p>\n<p>Schlussendlich ist nat\u00fcrlich die Optik entscheidend. Achten Sie darauf, dass Ihr neuer Vitrinenschrank nicht nur Ihrem pers\u00f6nlichen Geschmack entspricht, sondern auch zum Rest der Einrichtung passt. Es gibt zum Beispiel Vitrinen in nat\u00fcrlicher Holzoptik, die sich gut in rustikale Wohnzimmer einf\u00fcgen, aber auch moderne Varianten mit Hochglanzeffekt. Letztere strahlen Eleganz aus und sind perfekt f\u00fcr einen minimalistischen und zeitgem\u00e4\u00dfen Wohnstil geeignet.<\/p>\n<h2 class=\"western\">Pflegetipps \u2013 so bleiben Vitrinen lange sch\u00f6n<\/h2>\n<p>Vitrinen m\u00fcssen gerade wegen der Glaseins\u00e4tze regelm\u00e4\u00dfig gereinigt und gut gepflegt werden, um Fettspuren, Fingerabdr\u00fccke und Staub zu beseitigen. Dann strahlen die Schauk\u00e4sten wieder und der Inhalt wird ansprechend pr\u00e4sentiert. Mit einem Mikrofasertuch k\u00f6nnen Sie groben Staub von den Glasfl\u00e4chen entfernen. Um die Glaselemente gr\u00fcndlich zu reinigen, bietet es sich an, warmes Wasser und Sp\u00fclmittel zu mischen. Mit einem Leder- oder Mikrofasertuch wird die Glasfl\u00e4che anschlie\u00dfend abgetrocknet und poliert. Auch Glasreiniger ist f\u00fcr die Reinigung der Glaselemente geeignet. F\u00fcr die Bereiche aus Holz k\u00f6nnen Sie Ihre gew\u00f6hnliche M\u00f6belpflege verwenden.<\/p>\n","protected":false},"excerpt":{"rendered":"<p>Das gute alte Porzellan-Service Ihrer Gro\u00dfmutter ist viel zu schade, um es in einem K\u00fcchenschrank zu verstecken. Dasselbe gilt f\u00fcr dekorative Mitbringsel aus dem Urlaub \u2013 wie etwa Vasen oder Figuren. F\u00fcr derartige dekorative Erinnerungsst\u00fccke ist ein Vitrinenschrank perfekt geeignet. Dort k\u00f6nnen Sie Teller, Tassen und andere Accessoires pr\u00e4sentieren und sie somit immer im Blick [&hellip;]<\/p>\n","protected":false},"author":7,"featured_media":13475,"comment_status":"closed","ping_status":"closed","sticky":false,"template":"","format":"standard","meta":{"footnotes":""},"categories":[593,595,1,33],"tags":[136,1371,694,35,1372,1373,417,443,639,1369,111,579,1370,777],"class_list":["post-13471","post","type-post","status-publish","format-standard","has-post-thumbnail","hentry","category-dekoration","category-dekorieren","category-mein-zuhause","category-wohnzimmer","tag-dekoration","tag-erinnerungen","tag-esszimmer","tag-glas","tag-mitbringsel","tag-praesentieren","tag-schrank","tag-urlaub","tag-vitrine","tag-vitrinenschrank","tag-wohnung","tag-wohnzimmer","tag-zeigen","tag-zuhause"],"amp_enabled":true,"_links":{"self":[{"href":"https:\/\/www.stilartmoebel.de\/zuhause-bei-sam\/wp-json\/wp\/v2\/posts\/13471","targetHints":{"allow":["GET"]}}],"collection":[{"href":"https:\/\/www.stilartmoebel.de\/zuhause-bei-sam\/wp-json\/wp\/v2\/posts"}],"about":[{"href":"https:\/\/www.stilartmoebel.de\/zuhause-bei-sam\/wp-json\/wp\/v2\/types\/post"}],"author":[{"embeddable":true,"href":"https:\/\/www.stilartmoebel.de\/zuhause-bei-sam\/wp-json\/wp\/v2\/users\/7"}],"replies":[{"embeddable":true,"href":"https:\/\/www.stilartmoebel.de\/zuhause-bei-sam\/wp-json\/wp\/v2\/comments?post=13471"}],"version-history":[{"count":6,"href":"https:\/\/www.stilartmoebel.de\/zuhause-bei-sam\/wp-json\/wp\/v2\/posts\/13471\/revisions"}],"predecessor-version":[{"id":15762,"href":"https:\/\/www.stilartmoebel.de\/zuhause-bei-sam\/wp-json\/wp\/v2\/posts\/13471\/revisions\/15762"}],"wp:featuredmedia":[{"embeddable":true,"href":"https:\/\/www.stilartmoebel.de\/zuhause-bei-sam\/wp-json\/wp\/v2\/media\/13475"}],"wp:attachment":[{"href":"https:\/\/www.stilartmoebel.de\/zuhause-bei-sam\/wp-json\/wp\/v2\/media?parent=13471"}],"wp:term":[{"taxonomy":"category","embeddable":true,"href":"https:\/\/www.stilartmoebel.de\/zuhause-bei-sam\/wp-json\/wp\/v2\/categories?post=13471"},{"taxonomy":"post_tag","embeddable":true,"href":"https:\/\/www.stilartmoebel.de\/zuhause-bei-sam\/wp-json\/wp\/v2\/tags?post=13471"}],"curies":[{"name":"wp","href":"https:\/\/api.w.org\/{rel}","templated":true}]}}