{"id":13444,"date":"2019-01-12T08:00:41","date_gmt":"2019-01-12T06:00:41","guid":{"rendered":"https:\/\/www.stilartmoebel.de\/zuhause-bei-sam\/?p=13444"},"modified":"2025-06-20T14:12:51","modified_gmt":"2025-06-20T12:12:51","slug":"die-schoensten-badmoebel-fuer-ihr-gaeste-wc","status":"publish","type":"post","link":"https:\/\/www.stilartmoebel.de\/zuhause-bei-sam\/die-schoensten-badmoebel-fuer-ihr-gaeste-wc\/","title":{"rendered":"Die sch\u00f6nsten Badm\u00f6bel f\u00fcr Ihr G\u00e4ste-WC!"},"content":{"rendered":"<p align=\"JUSTIFY\"><span style=\"font-size: medium;\">Das G\u00e4ste-WC hat aufgeholt: war es fr\u00fcher oft das versteckte \u201estille \u00d6rtchen\u201c im Haus, geh\u00f6rt es mittlerweile zu den kleinen Schmuckst\u00fccken, die man gern aufsucht und die nicht selten auch eine positive Visitenkarte \u00fcbermitteln, denn aus dem vormaligen Bed\u00fcrfnisort, der etwas stiefm\u00fctterlich behandelt wurde, ist ein Lebensraum geworden. <\/span><!--more--><\/p>\n<p align=\"JUSTIFY\"><span style=\"font-size: medium;\">Diese Renaissance des G\u00e4ste-WCs ist auf die neuen Badm\u00f6bel zur\u00fcckzuf\u00fchren, die aus dem einst eher vernachl\u00e4ssigten Ort einen wunderbaren und komfortablen Extra-Raum gestalten. In dieser \u00d6rtlichkeit sollen sich auch \u2013 aber bitte nicht weitersagen \u2013 die Dame oder der Herr des Hauses zuweilen gern aufhalten. Die neuen M\u00f6bel f\u00fcrs G\u00e4ste-WC verleihen dem \u201e\u00d6rtchens\u201c nun erst recht neuen Glanz und einen zus\u00e4tzlichen Anziehungsfaktor.<\/span><\/p>\n<h2 class=\"western\">Der Waschtisch, Zentrum des Geschehens<\/h2>\n<p align=\"JUSTIFY\"><span style=\"font-size: medium;\">Der Waschtisch im <a href=\"https:\/\/www.moebelliebling.de\/Gaeste-WC\/\" target=\"_blank\" rel=\"noopener\">G\u00e4ste-WC<\/a>, \u00e4hnlich wie auch in Ihrem \u201egro\u00dfen\u201c Bad, ist ein zentraler Platz im Nass-Raum, denn hier waschen Sie oder Ihre G\u00e4ste sich nicht nur die H\u00e4nde. Das M\u00f6belst\u00fcck dominiert auch oft den ersten Eindruck, den man beim Betreten des Raums erh\u00e4lt. Umso wichtiger ist es deshalb, dass der Waschtisch von guter Qualit\u00e4t ist und auf dem neuesten Stand, was das Design angeht. Hier hat sich in den letzten Jahren sehr viel zum Positiven ver\u00e4ndert. <\/span><\/p>\n<p align=\"JUSTIFY\"><span style=\"font-size: medium;\">Was das Material angeht, finden sich Waschtische aus handels\u00fcblichem Porzellan oder auch Granit oder Marmor, eingebettet in eine Umrandung aus Holz. <a href=\"https:\/\/www.moebelliebling.de\/blog\/badmoebel-aus-holz-ein-einkaufsratgeber\" target=\"_blank\" rel=\"noopener\">Holz im Badezimmer<\/a> ist gerade sehr modern und verliert auch im Laufe der Zeit nichts von seinem wertigen Charme.<\/span><\/p>\n<h2 class=\"western\">Spiegelschr\u00e4nke in allen Preislagen<\/h2>\n<p align=\"JUSTIFY\"><span style=\"font-size: medium;\">Wer denkt beim Thema \u201eSpiegelschrank\u201c nicht sofort an einen Hollywood-Star, der sich sorgf\u00e4ltig zurechtmacht im Schein von diskreten Lampen? Die neuen Spiegelschr\u00e4nke f\u00fcrs G\u00e4ste-WC sind tats\u00e4chlich eine Klasse f\u00fcr sich, denn sie sind formsch\u00f6n, praktisch und durchaus luxuri\u00f6s &#8211; und das zu einem vern\u00fcnftigen Preis. Im Spiegelschrank k\u00f6nnen Sie Utensilien aufbewahren wie Kosmetik und einige Dinge, die nicht im t\u00e4glichen Bedarf vonn\u00f6ten sind, aber dennoch ihre besondere Aufbewahrung brauchen. <\/span><\/p>\n<p align=\"JUSTIFY\"><span style=\"font-size: medium;\">Sehr gute und dennoch g\u00fcnstige Modelle vom verspiegelten Schrank \u00fcber dem Waschtisch gibt es schon zum kleinen Preis aufw\u00e4rts und was fr\u00fcher noch Luxus f\u00fcr wenige war, geh\u00f6rt heute schon fast zum Standard. Tipp: ein beleuchteter Badspiegel, auch im G\u00e4ste-WC, zaubert eine freundlichere Atmosph\u00e4re \u2013 und hat zudem den Vorteil, kleine R\u00e4ume optisch gr\u00f6\u00dfer erscheinen zu lassen, was immer ein Plus ist.<\/span><\/p>\n<h2 class=\"western\">Die Bad-Kombination \u2013 ein Helfer f\u00fcr alle F\u00e4lle<\/h2>\n<p align=\"JUSTIFY\"><span style=\"font-size: medium;\">Wer kein ganz individuelles neues G\u00e4ste-WC mit Einzelm\u00f6beln zusammenstellen will, sondern lieber ein fertiges Set kauft, das harmonisch zusammenpasst, wird mit den neuen Bad-Kombinationen seine helle Freude haben. Eine solche Badm\u00f6bel-Kombination besteht in der Regel aus einem formsch\u00f6nen Waschbecken-Unterschrank, einem passenden Spiegel sowie passenden Konsolen im gleichen Stil. Dabei gibt es Kombinationen mit hohen Schr\u00e4nken oder mit niedrigen Schr\u00e4nken im Mix, die individuell nach dem verf\u00fcgbaren Raum angepasst werden sollten. <\/span><\/p>\n<p align=\"JUSTIFY\"><span style=\"font-size: medium;\">Sehr beliebt sind derzeit die klassischen Badm\u00f6bel-Kombinationen im Stil Landhaus, shabby chic oder auch italienisches Design, wobei leichte Nussbaum- oder Akazienfarben oder H\u00f6lzer die Umrandung abgeben. Doch auch die modernen Metallumrandungen aus Chrom oder Stahl k\u00f6nnen die Bad-Kombination frisch und gepflegt aussehen lassen und sind sicher einen Kauf wert.<\/span><\/p>\n<h2 class=\"western\">Das kleine, feine G\u00e4ste-WC mit Bad-Accessoires<\/h2>\n<p align=\"JUSTIFY\"><span style=\"font-size: medium;\">Nicht vergessen sollten Sie, wenn Sie Ihr G\u00e4ste-WC zum Schmuckst\u00fcck ausstaffieren, dass es neben den Grundbed\u00fcrfnissen des Wohnens auch auf kleinem Raum immer gewisse Extra-Bed\u00fcrfnisse gibt. Die werden sehr schnell \u00fcbersehen, wenn man nicht rechtzeitig daran denkt. Mit den kleinen Extras, die Ihr WC erst richtig wohnlich und gebrauchsfertig machen, ist zum Beispiel der richtige Kleiderhaken oder Garderobenhalter gemeint, oder die beheizbare Stange f\u00fcrs G\u00e4ste-Handtuch. <\/span><\/p>\n<p align=\"JUSTIFY\"><span style=\"font-size: medium;\">Ebenfalls geh\u00f6ren sanfte Frottier-T\u00fccher dazu und verchromte Seifenspender sowie die neuen WC-B\u00fcrstenbeh\u00e4lter. F\u00fcr alles ist gedacht, denkt sich Ihr Gast, wenn er wohntechnisch so umsorgt wird \u2013 und das auf dem Ort, der als \u201eprivatissimum\u201c im Hause gilt.<\/span><\/p>\n","protected":false},"excerpt":{"rendered":"<p>Das G\u00e4ste-WC hat aufgeholt: war es fr\u00fcher oft das versteckte \u201estille \u00d6rtchen\u201c im Haus, geh\u00f6rt es mittlerweile zu den kleinen Schmuckst\u00fccken, die man gern aufsucht und die nicht selten auch eine positive Visitenkarte \u00fcbermitteln, denn aus dem vormaligen Bed\u00fcrfnisort, der etwas stiefm\u00fctterlich behandelt wurde, ist ein Lebensraum geworden.<\/p>\n","protected":false},"author":7,"featured_media":13448,"comment_status":"closed","ping_status":"closed","sticky":false,"template":"","format":"standard","meta":{"footnotes":""},"categories":[7],"tags":[53,60,1346,577,947,770,575,638,1347,1348,1349],"class_list":["post-13444","post","type-post","status-publish","format-standard","has-post-thumbnail","hentry","category-badezimmer","tag-accessoires","tag-bad","tag-bad-kombination","tag-badezimmer","tag-badmoebel","tag-gaeste-wc","tag-moebel","tag-sanitaer","tag-set","tag-spiegelschrank","tag-waschtisch"],"amp_enabled":true,"_links":{"self":[{"href":"https:\/\/www.stilartmoebel.de\/zuhause-bei-sam\/wp-json\/wp\/v2\/posts\/13444","targetHints":{"allow":["GET"]}}],"collection":[{"href":"https:\/\/www.stilartmoebel.de\/zuhause-bei-sam\/wp-json\/wp\/v2\/posts"}],"about":[{"href":"https:\/\/www.stilartmoebel.de\/zuhause-bei-sam\/wp-json\/wp\/v2\/types\/post"}],"author":[{"embeddable":true,"href":"https:\/\/www.stilartmoebel.de\/zuhause-bei-sam\/wp-json\/wp\/v2\/users\/7"}],"replies":[{"embeddable":true,"href":"https:\/\/www.stilartmoebel.de\/zuhause-bei-sam\/wp-json\/wp\/v2\/comments?post=13444"}],"version-history":[{"count":5,"href":"https:\/\/www.stilartmoebel.de\/zuhause-bei-sam\/wp-json\/wp\/v2\/posts\/13444\/revisions"}],"predecessor-version":[{"id":15770,"href":"https:\/\/www.stilartmoebel.de\/zuhause-bei-sam\/wp-json\/wp\/v2\/posts\/13444\/revisions\/15770"}],"wp:featuredmedia":[{"embeddable":true,"href":"https:\/\/www.stilartmoebel.de\/zuhause-bei-sam\/wp-json\/wp\/v2\/media\/13448"}],"wp:attachment":[{"href":"https:\/\/www.stilartmoebel.de\/zuhause-bei-sam\/wp-json\/wp\/v2\/media?parent=13444"}],"wp:term":[{"taxonomy":"category","embeddable":true,"href":"https:\/\/www.stilartmoebel.de\/zuhause-bei-sam\/wp-json\/wp\/v2\/categories?post=13444"},{"taxonomy":"post_tag","embeddable":true,"href":"https:\/\/www.stilartmoebel.de\/zuhause-bei-sam\/wp-json\/wp\/v2\/tags?post=13444"}],"curies":[{"name":"wp","href":"https:\/\/api.w.org\/{rel}","templated":true}]}}