{"id":13435,"date":"2019-01-04T08:00:35","date_gmt":"2019-01-04T06:00:35","guid":{"rendered":"https:\/\/www.stilartmoebel.de\/zuhause-bei-sam\/?p=13435"},"modified":"2025-06-23T11:12:31","modified_gmt":"2025-06-23T09:12:31","slug":"die-neuen-wohntrends-2019","status":"publish","type":"post","link":"https:\/\/www.stilartmoebel.de\/zuhause-bei-sam\/die-neuen-wohntrends-2019\/","title":{"rendered":"Die neuen Wohntrends"},"content":{"rendered":"<p align=\"JUSTIFY\">Nicht nur Trendforscher interessiert, wie die Einrichtung der Zukunft aussieht. Diese Frage besch\u00e4ftigt Sie bestimmt auch schon eine geraume Zeit. Ganz klar ist das Wohnen eine individuelle Angelegenheit und Ausdruck der eigenen Pers\u00f6nlichkeit. Zurzeit haben sich 3 Wohntrends herauskristallisiert.<!--more--><\/p>\n<h2 class=\"western\">Der Wohntrend Aura<\/h2>\n<p align=\"JUSTIFY\">Dieser Wohntrend geht zur\u00fcck zur Natur und damit auch zu sich selbst. Gestalten Sie die Inneneinrichtung Ihres Heims mit Stein, Bambus, Holz und Wasser. Dabei verbinden sich die Materialien und die Farben zu einer Symbiose, welche nat\u00fcrlich und mit frischen Farbakzenten unterbrochen ist. Der Trend Aura steht dabei f\u00fcr die Generation Menschen mit einer Portion Spiritualit\u00e4t oder anders ausgedr\u00fcckt f\u00fcr Menschen, die an die Energie im Universum glauben. Damit Sie sich in Ihrem neuen <a href=\"https:\/\/www.moebelliebling.de\/Moebel\/\" target=\"_blank\" rel=\"noopener\">Wohnbereich<\/a> wohlf\u00fchlen, setzen Sie bei diesen Wohntrends auf die Farben sanftes Gr\u00fcn, Hellgelb und Apricot. Dies sorgt nicht nur f\u00fcr positive Gedanken, sondern auch f\u00fcr eine mitf\u00fchlende Lebenseinstellung. Sollten Sie sich wie die meisten Menschen knapp drei Viertel Ihrer Zeit innerhalb der R\u00e4ume aufhalten, dann sollten Sie die Einrichtung geschickt w\u00e4hlen, sodass hier auch eine Form der therapeutischen Wirkung erfolgt.<\/p>\n<h2 class=\"western\">Der Wohntrend Reflektion<\/h2>\n<p align=\"JUSTIFY\">Sie wissen, dass rund 70 % der Erdoberfl\u00e4che von Wasser bedeckt sind. Erschreckend hierbei ist jedoch, dass in jedem Quadratkilometer Wasser auch Millionen Teile von Plastikm\u00fcll schwimmen. Somit wird die Verschmutzung der Weltmeere auch zu einem Thema, das Sie interessieren k\u00f6nnte. Aus diesem Grund k\u00f6nnen Sie auch bei der Inneneinrichtung Ihrer Wohnung nicht einfach wegsehen. Machen Sie aus Nachhaltigkeit Sch\u00f6nheit f\u00fcr Ihr Zuhause. Der Wohntrend Reflektion wird sehr oft auch mit Urban Gardening kombiniert und hat sich mittlerweile zu einem Makrotrend manifestiert, der fest auf Pflanzen setzt. Verwenden Sie f\u00fcr die Einrichtung Ihrer Wohnung mehr und mehr recycelte Materialien. Mit Akzentfarben in Blau geben Sie dem Ganzen den letzten optischen Schliff. Ihr Wohnstil wird so individuell auf Sie abgestimmt. Sehr h\u00fcbsch sehen hier blaue Farbtupfer als Teppich, als Polsterbezug oder einfach nur als Beleuchtung einer Vitrine aus.<\/p>\n<h2 class=\"western\">Der Wohntrend Faszination<\/h2>\n<p align=\"JUSTIFY\">Der dritte Wohntrend nimmt die Faszination und die Freude am Experimentieren auf. Feiern Sie Ihr Leben sowohl innerhalb der eigenen vier W\u00e4nde wie auch au\u00dferhalb. Dank einer positiven Einstellung und den entsprechenden Farben an den W\u00e4nden wird das Interieur in Ihrem zu Hause gepr\u00e4gt. Bei diesem Wohntrend k\u00f6nnen Sie auch Kunst und Technik perfekt miteinander kombinieren. Zu den typischen Elementen dieses Wohntrends z\u00e4hlen gemusterte Teppiche, Colour-Blocking und knallige Dekorationen. Sehr h\u00fcbsch sind auch Farbfilme \u00fcber M\u00f6beln oder Bildern, die je nach Lichteinfall anders changieren. Die entsprechenden Farben f\u00fcr diesen Wohntrend sind Lila, T\u00fcrkis, Butterblumengelb und auch Pink. Verbreiten Sie mit diesen Farben gute Laune.<\/p>\n<h2 class=\"western\" align=\"JUSTIFY\">Ihr eigener Wohnstil<\/h2>\n<p align=\"JUSTIFY\">Wenn Ihnen die erw\u00e4hnten Trends zu knallig und zu angesagt sind, dann kreieren Sie Ihren eigenen Stil. Zeitlos sch\u00f6n wirken zum Beispiel nat\u00fcrliche Materialien aus Holz, Leder und Baumwolle in nat\u00fcrlichen Formen und hellen Naturt\u00f6nen. Die Erdfarben liegen ebenfalls voll im Trend, wirken aber in Kombination mit k\u00fchlen T\u00f6nen erfrischend. Ganz weit oben liegt der rustikale Trend mit der perfekten Harmonie zwischen Hell und Dunkel. Einer der ungebrochenen Trends sind die fugenlosen B\u00f6den, die zu einem flie\u00dfenden Wohngef\u00fchl beitragen. Lichter in den Innenr\u00e4umen setzen gefragte Lichtinseln, die gar nicht ausgefallen genug sein k\u00f6nnen. Mit ausgefallenen LED-Leuchten aus nat\u00fcrlichen Materialien k\u00f6nnen Sie in jedem Raum h\u00fcbsche Akzente setzen.<\/p>\n","protected":false},"excerpt":{"rendered":"<p>Nicht nur Trendforscher interessiert, wie die Einrichtung der Zukunft aussieht. Diese Frage besch\u00e4ftigt Sie bestimmt auch schon eine geraume Zeit. Ganz klar ist das Wohnen eine individuelle Angelegenheit und Ausdruck der eigenen Pers\u00f6nlichkeit. Zurzeit haben sich 3 Wohntrends herauskristallisiert.<\/p>\n","protected":false},"author":10,"featured_media":13529,"comment_status":"closed","ping_status":"closed","sticky":false,"template":"","format":"standard","meta":{"footnotes":""},"categories":[600],"tags":[61,1291,1330,575,1333,353,1296,1332],"class_list":["post-13435","post","type-post","status-publish","format-standard","has-post-thumbnail","hentry","category-einrichtungs-trends","tag-einrichtung","tag-einrichtungstrend","tag-interior","tag-moebel","tag-moebeltrend","tag-trend","tag-wohnen","tag-wohntrends"],"amp_enabled":true,"_links":{"self":[{"href":"https:\/\/www.stilartmoebel.de\/zuhause-bei-sam\/wp-json\/wp\/v2\/posts\/13435","targetHints":{"allow":["GET"]}}],"collection":[{"href":"https:\/\/www.stilartmoebel.de\/zuhause-bei-sam\/wp-json\/wp\/v2\/posts"}],"about":[{"href":"https:\/\/www.stilartmoebel.de\/zuhause-bei-sam\/wp-json\/wp\/v2\/types\/post"}],"author":[{"embeddable":true,"href":"https:\/\/www.stilartmoebel.de\/zuhause-bei-sam\/wp-json\/wp\/v2\/users\/10"}],"replies":[{"embeddable":true,"href":"https:\/\/www.stilartmoebel.de\/zuhause-bei-sam\/wp-json\/wp\/v2\/comments?post=13435"}],"version-history":[{"count":3,"href":"https:\/\/www.stilartmoebel.de\/zuhause-bei-sam\/wp-json\/wp\/v2\/posts\/13435\/revisions"}],"predecessor-version":[{"id":15778,"href":"https:\/\/www.stilartmoebel.de\/zuhause-bei-sam\/wp-json\/wp\/v2\/posts\/13435\/revisions\/15778"}],"wp:featuredmedia":[{"embeddable":true,"href":"https:\/\/www.stilartmoebel.de\/zuhause-bei-sam\/wp-json\/wp\/v2\/media\/13529"}],"wp:attachment":[{"href":"https:\/\/www.stilartmoebel.de\/zuhause-bei-sam\/wp-json\/wp\/v2\/media?parent=13435"}],"wp:term":[{"taxonomy":"category","embeddable":true,"href":"https:\/\/www.stilartmoebel.de\/zuhause-bei-sam\/wp-json\/wp\/v2\/categories?post=13435"},{"taxonomy":"post_tag","embeddable":true,"href":"https:\/\/www.stilartmoebel.de\/zuhause-bei-sam\/wp-json\/wp\/v2\/tags?post=13435"}],"curies":[{"name":"wp","href":"https:\/\/api.w.org\/{rel}","templated":true}]}}