{"id":13248,"date":"2018-12-09T08:00:40","date_gmt":"2018-12-09T06:00:40","guid":{"rendered":"https:\/\/www.stilartmoebel.de\/zuhause-bei-sam\/?p=13248"},"modified":"2025-06-24T10:24:41","modified_gmt":"2025-06-24T08:24:41","slug":"mit-tagesdecken-und-plaids-in-die-kalte-jahreszeit-starten","status":"publish","type":"post","link":"https:\/\/www.stilartmoebel.de\/zuhause-bei-sam\/mit-tagesdecken-und-plaids-in-die-kalte-jahreszeit-starten\/","title":{"rendered":"Mit Tagesdecke und Plaid in die kalte Jahreszeit starten!"},"content":{"rendered":"<p align=\"JUSTIFY\">Ohne eine schicke Tagesdecke oder ein Plaid geht es in der kalten Jahreszeit einfach nicht. Eine Tagesdecke muss nicht zwingend nur auf dem Bett liegen, sondern kann auch in der Nacht zu einer kuscheligen Alternative zur Bettdecke werden. Gleiches gilt f\u00fcr das Plaid, das sowohl als Tagesdecke dient, wie auch zum Einkuscheln auf dem Sofa verwendet werden kann. Somit wird jede Tagesdecke oder das Plaid zu einem attraktiven und praktischen Wohnaccessoires f\u00fcr Ihr Heim. Zusammen mit einem Kissen bekommen Sie ein ansprechendes Deko-Paar, das zudem noch n\u00fctzlich ist. <!--more--><\/p>\n<h2 class=\"western\" align=\"JUSTIFY\">Tagesdecke und Plaid als Wohnaccessoires<\/h2>\n<p align=\"JUSTIFY\">Decken bekommen Sie in allen m\u00f6glichen Gr\u00f6\u00dfen, Farben und den unterschiedlichsten Materialien. Gerade als Wohnaccessoires eingesetzt, kann das Plaid den individuellen Wohnstil erg\u00e4nzen und auch zu einem Farbklecks auf dem Sofa werden. Gleichzeitig sorgt das Plaid nat\u00fcrlich f\u00fcr W\u00e4rme und Gem\u00fctlichkeit beim Fernsehen, lesen oder einfach Entspannen. Eine Tagesdecke bietet Ihnen viele Einsatzm\u00f6glichkeiten. Sie dient zum Schutz der Bettw\u00e4sche, als farbliches Highlight oder als Decke zum Kuscheln in kalten N\u00e4chten. Im Vergleich mit einem Plaid ist eine Tagesdecke nat\u00fcrlich viel gr\u00f6\u00dfer, denn Sie k\u00f6nnen damit je nach Gr\u00f6\u00dfe das Einzelbett oder auch das <a href=\"https:\/\/www.moebelliebling.de\/Schlafzimmer\/\" target=\"_blank\" rel=\"noopener\">Doppelbett<\/a> komplett abdecken.<\/p>\n<h2 class=\"western\" align=\"JUSTIFY\">Moderne und praktische Tagesdecke \u2013 der Quilt<\/h2>\n<p align=\"JUSTIFY\">Bei der Auswahl Ihrer neuen Tagesdecke werden Sie immer \u00f6fter auf den Quilt sto\u00dfen. Es handelt sich hier um eine besondere Form der Tagesdecke, die meist aus zwei oder auch aus drei Lagen besteht. Die obere Lage ist die Seite, die Sie sehen und die in der Optik Ihren W\u00fcnschen angepasst ist. Die Zwischenlage besteht in der Regel aus einem w\u00e4rmenden Vlies aus Baumwolle, Wolle, Seide oder einem anderen Material. Die dritte Lage ist dabei die Unterseite, die meist aus einem einfarbigen einfachen Baumwollstoff besteht. Sein typisches Aussehen bekommt der Quilt durch die kleinen Quadrate, die beim Steppen entstehen.<\/p>\n<h2 class=\"western\" align=\"JUSTIFY\">Das Plaid oder die Wolldecke<\/h2>\n<p align=\"JUSTIFY\">Beim Plaid handelt es sich meist um eine Wolldecke. Das Plaid ist sinnvoll und in nahezu jedem Haushalt zumindest in einer Ausf\u00fchrung zu finden. Gerade durch seine besonderen Eigenschaften wird das Plaid von allen geliebt. Man kann sich damit w\u00e4rmen und auch einkuscheln. Idealerweise k\u00f6nnen Sie die Temperatur dabei selbst regulieren, indem Sie sich mehr oder weniger fest zudecken. Die klassische Wolldecke besteht zumeist aus reiner Schafwolle. Es gibt jedoch auch Plaids aus hochwertiger Merinowolle. Diese ist im Vergleich mit der Schafwolle leichter, weicher und auch gleichm\u00e4\u00dfiger. Sehr beliebt ist auch die Wolldecke aus Kamelhaar oder aus Kaschmir. Beim Kauf einer Wolldecke haben Sie die Wahl zwischen einem gewebten, gestrickten oder gefilzten Modell. Billigere Plaids sind meist mit Kunstfaserbestandteilen versehen, was nicht weiter schlimm ist, wenn Sie nicht unter Allergien gegen bestimmte Stoffe leiden.<\/p>\n<h2 class=\"western\" align=\"JUSTIFY\">Pflege der Tagesdecke oder des Plaids<\/h2>\n<p align=\"JUSTIFY\">Beim Kauf einer Tagesdecke oder eines Plaids sollten Sie immer auf die Pflegehinweise achten. Die Decken werden nicht nur gewaschen, weil sie schmutzig sind, sondern weil Sie damit auch Allergie-Erreger und die Hausstaubmilbe reduzieren k\u00f6nnen. Je nach Material k\u00f6nnen Sie die Decke in der Waschmaschine bei den angegebenen niedrigen Temperaturen waschen. Problematischer wird es jedoch bei einer sehr schweren und wuchtigen Decke, da diese beim Waschen sehr viel Wasser aufnimmt und somit zum Problem f\u00fcr eine normale Waschmaschine wird. Als Alternative k\u00f6nnen Sie eine solche Decke in der Badewanne waschen oder sie aber in die Reinigung bringen. Waschen Sie die Decke selbst, dann sollten Sie dies mit Vorsicht tun, damit die Decke nicht aus der Form ger\u00e4t.<\/p>\n<p align=\"JUSTIFY\">Dies gilt insbesondere beim Trocknen. Wechseln Sie mehrmals die Position, sodass die Decke gleichm\u00e4\u00dfig trocknet und sich nicht verzieht. M\u00f6chten sie die Decke nach dem Waschen im Trockner trocknen, dann sollten Sie sich vergewissern, ob dies laut Pflegehinweis m\u00f6glich ist. Gerade Naturfasern verfilzen durch die W\u00e4rme und die st\u00e4ndigen Bewegungen sehr leicht. In jedem Fall sollten Sie beim Trocknen mit dem Trockner immer die niedrigste Temperatur w\u00e4hlen, denn dies sch\u00fctzt Ihre Decke vor Kn\u00f6tchenbildung. Genauso wichtig wie das regelm\u00e4\u00dfige Waschen der Decke ist das L\u00fcften. L\u00fcften Sie die Decke an einem trocknen und sonnigen Tag m\u00f6glichst an der frischen Luft. Das UV-Licht wirkt dabei desinfizierend. Allerdings sollten Sie weder die Tagesdecke noch das Plaid zu lange der prallen Sonne aussetzen, denn darunter leiden im Laufe der Zeit die Farben.<\/p>\n","protected":false},"excerpt":{"rendered":"<p>Ohne eine schicke Tagesdecke oder ein Plaid geht es in der kalten Jahreszeit einfach nicht. Eine Tagesdecke muss nicht zwingend nur auf dem Bett liegen, sondern kann auch in der Nacht zu einer kuscheligen Alternative zur Bettdecke werden. Gleiches gilt f\u00fcr das Plaid, das sowohl als Tagesdecke dient, wie auch zum Einkuscheln auf dem Sofa [&hellip;]<\/p>\n","protected":false},"author":8,"featured_media":13261,"comment_status":"closed","ping_status":"closed","sticky":false,"template":"","format":"standard","meta":{"footnotes":""},"categories":[1,8,33],"tags":[737,266,712,771,145,1271,1270,34,708,1272,225],"class_list":["post-13248","post","type-post","status-publish","format-standard","has-post-thumbnail","hentry","category-mein-zuhause","category-schlafzimmer","category-wohnzimmer","tag-baumwolle","tag-bett","tag-decke","tag-gemuetlich","tag-jahreszeit","tag-kalt","tag-plaids","tag-sofa","tag-tagesdecken","tag-weich","tag-winter"],"amp_enabled":true,"_links":{"self":[{"href":"https:\/\/www.stilartmoebel.de\/zuhause-bei-sam\/wp-json\/wp\/v2\/posts\/13248","targetHints":{"allow":["GET"]}}],"collection":[{"href":"https:\/\/www.stilartmoebel.de\/zuhause-bei-sam\/wp-json\/wp\/v2\/posts"}],"about":[{"href":"https:\/\/www.stilartmoebel.de\/zuhause-bei-sam\/wp-json\/wp\/v2\/types\/post"}],"author":[{"embeddable":true,"href":"https:\/\/www.stilartmoebel.de\/zuhause-bei-sam\/wp-json\/wp\/v2\/users\/8"}],"replies":[{"embeddable":true,"href":"https:\/\/www.stilartmoebel.de\/zuhause-bei-sam\/wp-json\/wp\/v2\/comments?post=13248"}],"version-history":[{"count":5,"href":"https:\/\/www.stilartmoebel.de\/zuhause-bei-sam\/wp-json\/wp\/v2\/posts\/13248\/revisions"}],"predecessor-version":[{"id":15797,"href":"https:\/\/www.stilartmoebel.de\/zuhause-bei-sam\/wp-json\/wp\/v2\/posts\/13248\/revisions\/15797"}],"wp:featuredmedia":[{"embeddable":true,"href":"https:\/\/www.stilartmoebel.de\/zuhause-bei-sam\/wp-json\/wp\/v2\/media\/13261"}],"wp:attachment":[{"href":"https:\/\/www.stilartmoebel.de\/zuhause-bei-sam\/wp-json\/wp\/v2\/media?parent=13248"}],"wp:term":[{"taxonomy":"category","embeddable":true,"href":"https:\/\/www.stilartmoebel.de\/zuhause-bei-sam\/wp-json\/wp\/v2\/categories?post=13248"},{"taxonomy":"post_tag","embeddable":true,"href":"https:\/\/www.stilartmoebel.de\/zuhause-bei-sam\/wp-json\/wp\/v2\/tags?post=13248"}],"curies":[{"name":"wp","href":"https:\/\/api.w.org\/{rel}","templated":true}]}}