{"id":13226,"date":"2023-10-26T17:12:00","date_gmt":"2023-10-26T15:12:00","guid":{"rendered":"https:\/\/www.stilartmoebel.de\/zuhause-bei-sam\/?p=13226"},"modified":"2024-07-22T12:11:10","modified_gmt":"2024-07-22T10:11:10","slug":"fransen-look-ist-zurueck","status":"publish","type":"post","link":"https:\/\/www.stilartmoebel.de\/zuhause-bei-sam\/fransen-look-ist-zurueck\/","title":{"rendered":"Mode-Alarm: Der Fransen-Look ist zur\u00fcck!"},"content":{"rendered":"<p><span style=\"font-size: medium;\">Erinnern Sie sich noch an die wild-romantischen Siebziger? Es war praktisch unm\u00f6glich, irgendein trendiges Kleidungsst\u00fcck ohne Fransen zu finden: ob Hemd, Bluse, Hose, Rock und sogar Accessoires wie Taschen und G\u00fcrtel, alles war damit geschm\u00fcckt. Dieses modische Detail, das aus der Ethno-Mode stammt, entsprach dem Geschmack der Zeit mit ihrer Vorliebe f\u00fcr exotische Kulturen, die Hippie-Kultur mit ihrem Aussteiger und Zur\u00fcck-zur-Natur-Trend und nat\u00fcrlich dem Sehnsuchtsziel Indien. In den \u201ecoolen\u201c Achtzigern und den modetechnisch eher minimalistischen Neunzigern waren die liebensw\u00fcrdigen Fransen, als Relikte einer vergangenen Mode-\u00c4ra, dann v\u00f6llig verschwunden.<\/span><\/p>\n<p><span style=\"font-size: medium;\">Heute ist der verspielte Trend wieder aktuell. Auf den Laufstegen aller gro\u00dfen Designer sind Kleider und Acceeesoires mit Fransen zu finden. Sehen wir uns den neuen, alten Trend genauer an und helfen wir Ihnen im Folgenden, die Mode f\u00fcr Ihren Typ herauszufinden, damit Sie v\u00f6llig im Trend sind und dennoch das Optimale f\u00fcr Ihre Individualit\u00e4t herausholen k\u00f6nnen\u2026 <\/span><\/p>\n<p><!--more--><\/p>\n<h2 class=\"western\">Was Fransen eigentlich sind: Kleiner Mode-Exkurs<\/h2>\n<p><span style=\"font-size: medium;\">Bei Fransen handelt es sich technisch gesehen um gesplittete Teile eines Stoffs, in der Regel am Stoff-Saum. Wenn der Schuss von der Kette des Stoffs getrennt wird, entsteht ein lose gewirkter Teil, der unregelm\u00e4\u00dfig und ausgefranst aussieht. Ggerade das ist in den Augen vieler Modemacher etwas sehr Charmantes und Nat\u00fcrliches, weshalb dieses Modelelement wieder \u00fcberall in der Bekleidungsindustrie eingesetzt wird. Mit Fransen kann n\u00e4mlich jedes beliebige Kleidungsst\u00fcck versehen werden, sei es Hemd, Hose, Rock oder Bluse, ja die modischen Details k\u00f6nnen sogar auf Unterw\u00e4sche und bei Bikinis aufgesetzt werden, wo sie einen unerwartet ideenreichen Look kreieren.<\/span><\/p>\n<p><span style=\"font-size: medium;\">Der Vorteil dieser Mode ist, dass ein jedes Outfit, das mit diesen Details aufgepeppt wird, sogleich jugendlicher und beschwingter wirkt, was vor allem bei den Damen ein gro\u00dfes Plus ist. Zehn Jahre j\u00fcnger aussehen ist doch ein unschlagbares Argument, oder? Doch auch die Herren entdecken, wenn auch etwas z\u00f6gerlich, die neue Mode. Nicht nur beim Cowboy-Hemd sind sie obligatorisch, sondern auch beim Strand-Look mit Hemd und Bermuda-Shorts f\u00fcr den sportiven Herrn&#8230; <\/span><\/p>\n<h2 class=\"western\">Die neuen Looks auf dem Laufsteg<\/h2>\n<p><span style=\"font-size: medium;\">Bei allen gro\u00dfen Designern sind Fransen derzeit in den Kollektionen zu sehen&nbsp; \u2013 ob als Top, als Kleid oder beschwingter Rock, der so recht nach Hippie- oder Boho-Feeling aussieht. Jeder kann sich mindestens ein Kleidungsst\u00fcck damit f\u00fcr seine Garderobe leisten, und wenn wir angesagten Bloggern folgen, sollte er es unbedingt tun. Wir sagen es aber gleich: f\u00fcrs B\u00fcro und an den <a href=\"https:\/\/www.moebelliebling.de\/search?search=schreibtisch\" target=\"_blank\" rel=\"noopener\">Schreibtisch<\/a> ist der verspielte Look weniger geeignet. Denn m\u00e4dchenhafte Fransen zieren eher romantische Sommermode oder Freizeit-Looks der exklusiven Kategorie.<\/span><\/p>\n<h2 class=\"western\">Weniger ist mehr: So setzen sie das Element der Saison richtig dosiert ein<\/h2>\n<p>\u201e<span style=\"font-size: medium;\">Weniger ist mehr\u201c sagte einst die deutsche Mode-Zarin Jil Sander und meinte damit, dass eine Beschr\u00e4nkung auf einfache Farben, Schnitte und Stoffe in der Mode oftmals attraktiver wirkt als ein \u00fcberladener Look mit zu vielen Details. Was den aktuellen Trend-Look Fransen angeht, k\u00f6nnte man Frau Sanders Mode-Diktum so umsetzen, dass man mit dem Accessoire Fransen spielt, ohne es zur Hauptsache zu machen. Anders gesagt: eine auff\u00e4llige Tasche mit Fransen darf sein und steht auch jeder Altersgruppe gut \u2013 dann sollte aber der Rest des Outfits eher schlicht sein und in den Hintergrund treten.<\/span><\/p>\n<p><span style=\"font-size: medium;\">Auch zu viele Accessoires mit Fransen auf einmal zeigen nicht die optimale Wirkung. Hier ist es geschickt, sich auf den guten Effekt zu beschr\u00e4nken, den ein auff\u00e4lliges Tuch oder ein G\u00fcrtel bieten kann \u2013 nicht alles gemischt. Bei Kleidern mit Fransen sollten die Accessoires schlicht sein, wie einfache Pumps oder Ledertaschen in modernen Formen. Ein Fransen-Kleid ist bereits optisch sehr aussagekr\u00e4ftig und sollte wie ein Ausrufezeichen f\u00fcr sich stehen. Dass dieses Auffallen mit Stil bei den neuen Modellen \u00fcberhaupt kein Problem ist, beweist die aktuelle Mode\u2026<\/span><\/p>\n<h2 class=\"western\">Aus der Ger\u00fcchtek\u00fcche der Mode: Fransen bringen Gl\u00fcck<\/h2>\n<p><span style=\"font-size: medium;\">Mode hat immer auch etwas mit Brauchtum, Kultur und sogar auch Aberglauben zu tun. Fransen bringen angeblich Gl\u00fcck, sagt man in vielen Kulturen \u00fcber dieses nicht nur modische Detail. Sie machen die Tr\u00e4gerin nicht nur anziehender in den Augen ihrer Bewunderer, sondern sie halten angeblich auch den \u201eb\u00f6sen Blick\u201c fern. Denn Fransen, \u00e4hnlich wie auch Federn in der Mode, sollten neidische und missg\u00fcnstige Menschen, welche die Sch\u00f6nheit nicht anerkennen und ihr schaden wollen, verwirren und ablenken und somit unliebsame Zeitgenossen auf Distanz halten. Vielleicht ist das auch recht n\u00f6tig bei unseren neuen Trend-Modellen, denn die sehen so neidverschaffend sch\u00f6n und verf\u00fchrerisch aus, dass ein kleiner Trick f\u00fcrs anhaltende Gl\u00fcck der Tr\u00e4gerin gar nicht so unangebracht w\u00e4re\u2026<\/span><\/p>\n","protected":false},"excerpt":{"rendered":"<p>Erinnern Sie sich noch an die wild-romantischen Siebziger? Es war praktisch unm\u00f6glich, irgendein trendiges Kleidungsst\u00fcck ohne Fransen zu finden: ob Hemd, Bluse, Hose, Rock und sogar Accessoires wie Taschen und G\u00fcrtel, alles war damit geschm\u00fcckt. Dieses modische Detail, das aus der Ethno-Mode stammt, entsprach dem Geschmack der Zeit mit ihrer Vorliebe f\u00fcr exotische Kulturen, die [&hellip;]<\/p>\n","protected":false},"author":2,"featured_media":0,"comment_status":"closed","ping_status":"closed","sticky":false,"template":"","format":"standard","meta":{"footnotes":""},"categories":[600],"tags":[1240,1399,1398,1397,1396],"class_list":["post-13226","post","type-post","status-publish","format-standard","hentry","category-einrichtungs-trends","tag-fransen","tag-fransen-look","tag-fransen-mode","tag-kleidungsstueck","tag-modetrend"],"amp_enabled":true,"_links":{"self":[{"href":"https:\/\/www.stilartmoebel.de\/zuhause-bei-sam\/wp-json\/wp\/v2\/posts\/13226","targetHints":{"allow":["GET"]}}],"collection":[{"href":"https:\/\/www.stilartmoebel.de\/zuhause-bei-sam\/wp-json\/wp\/v2\/posts"}],"about":[{"href":"https:\/\/www.stilartmoebel.de\/zuhause-bei-sam\/wp-json\/wp\/v2\/types\/post"}],"author":[{"embeddable":true,"href":"https:\/\/www.stilartmoebel.de\/zuhause-bei-sam\/wp-json\/wp\/v2\/users\/2"}],"replies":[{"embeddable":true,"href":"https:\/\/www.stilartmoebel.de\/zuhause-bei-sam\/wp-json\/wp\/v2\/comments?post=13226"}],"version-history":[{"count":4,"href":"https:\/\/www.stilartmoebel.de\/zuhause-bei-sam\/wp-json\/wp\/v2\/posts\/13226\/revisions"}],"predecessor-version":[{"id":13744,"href":"https:\/\/www.stilartmoebel.de\/zuhause-bei-sam\/wp-json\/wp\/v2\/posts\/13226\/revisions\/13744"}],"wp:attachment":[{"href":"https:\/\/www.stilartmoebel.de\/zuhause-bei-sam\/wp-json\/wp\/v2\/media?parent=13226"}],"wp:term":[{"taxonomy":"category","embeddable":true,"href":"https:\/\/www.stilartmoebel.de\/zuhause-bei-sam\/wp-json\/wp\/v2\/categories?post=13226"},{"taxonomy":"post_tag","embeddable":true,"href":"https:\/\/www.stilartmoebel.de\/zuhause-bei-sam\/wp-json\/wp\/v2\/tags?post=13226"}],"curies":[{"name":"wp","href":"https:\/\/api.w.org\/{rel}","templated":true}]}}