{"id":13067,"date":"2018-09-03T14:29:28","date_gmt":"2018-09-03T12:29:28","guid":{"rendered":"https:\/\/www.stilartmoebel.de\/zuhause-bei-sam\/?p=13067"},"modified":"2025-06-26T15:29:07","modified_gmt":"2025-06-26T13:29:07","slug":"wohntrend-art-deco","status":"publish","type":"post","link":"https:\/\/www.stilartmoebel.de\/zuhause-bei-sam\/wohntrend-art-deco\/","title":{"rendered":"Wohntrend Art D\u00e9co"},"content":{"rendered":"<p>Art d\u00e9co ist die Abk\u00fcrzung f\u00fcr Arts d\u00e9coratifs, was auf Franz\u00f6sisch so viel wie verzierte, dekorative K\u00fcnste bedeutet. Im Art d\u00e9co spiegeln sich im Prinzip die Ambivalenzen einer ganzen Epoche wider. Es vereint den exzessiven Drang nach Prunk mit den klaren, geometrischen Formen der klassischen Moderne.<\/p>\n<p>Zeitlich gesehen befindet man sich bei diesem Trend zwischen den Weltkriegen, eine Zeit, in der die Menschen mit Extremen konfrontiert waren. Oftmals wird der gro\u00dfe Gatsby als Sinnbild des Art d\u00e9co genutzt, auch wenn das <a href=\"https:\/\/de.wikipedia.org\/wiki\/Art_d%C3%A9co\" target=\"_blank\" rel=\"noopener\">Art d\u00e9co<\/a> streng genommen gar kein Stil ist. Wie Sie sehen, ist es mit diesem Stil &#8211; oder eben auch Nicht-Stil &#8211; gar nicht so einfach.<\/p>\n<p>In diesem Text erfahren Sie alles, was Sie \u00fcber den Wohntrend Art d\u00e9co wissen m\u00fcssen und worauf Sie dabei achten sollten.<\/p>\n<p><!--more--><\/p>\n<h2>Wann, wo und wie entstand der Stil des Art d\u00e9co?<\/h2>\n<p>In der Architektur von Europa und der USA ist das Art d\u00e9co zwischen 1918 und 1940 verbreitet. 1903 gr\u00fcndeten Koloman Moser und Josef Hoffmann die Wiener Werkst\u00e4tte. Die M\u00f6belst\u00fccke, die die beiden entwarfen, stachen durch ihre schlichten und klaren Formen heraus. Mit diesem Design wurde der Art d\u00e9co kreiert, welcher nach dem ersten Weltkrieg den Jugendstil abgel\u00f6st hat. Seine Anregungen und Einfl\u00fcsse bezog dieser Stil aus allem, auch aus der Moderne.<\/p>\n<p>Aus diesem Grund kann man sagen, dass der Stil erst im R\u00fcckblick identifiziert wurde und man ihn heute eben als Art d\u00e9co, der dekorativen Kunst, zusammenfasst.<\/p>\n<p>Die Liste der wichtigen Vertreter dieses Stils ist sehr lang. Einige Namen, die jedoch eine wichtige Rolle spielen, sind Jean-Michel Frank, Paul Poiret, Jacques-\u00c9mile Ruhlmann und Charlotte Perriand.<\/p>\n<h2>Materialien f\u00fcr diesen Trend<\/h2>\n<p>Wenn Sie in den goldenen Zwanzigern wohnen m\u00f6chten, k\u00f6nnen Sie dies in vielerlei Hinsicht erreichen. Dekoration, Bilder und M\u00f6bel k\u00f6nnen diesem Stil sehr gut miteinander kombiniert werden. Wichtig ist jedoch vor allem, dass Materialien von damals verwendet werden. Dazu z\u00e4hlen Marmor, Kupfer, Chrom, Samt, Edelstahl, Silber, Gold und Elfenbein. Doch auch kostbare H\u00f6lzer sollten in den M\u00f6beln oder der Dekoration verarbeitet sein. Damals wurden eher dunkle H\u00f6lzer bevorzugt, welche poliert wurden oder gl\u00e4nzen und noch dazu oft auch eine starke Maserung vorweisen. Viele eben dieser H\u00f6lzer werden sogar heute noch in der M\u00f6belherstellung verwendet. Dazu z\u00e4hlen Eiche, Nussbaum, Mahagoni, Ebenholz, Palisanderholz und Birke.<\/p>\n<p>Doch auch wenn Sie es lieber ein wenig exotischer m\u00f6gen, finden Sie Materialien wie Pergament, Schlangenhaut, bemaltes Leder oder Haifischhaut.<\/p>\n<h2>Art d\u00e9co in die eigenen vier W\u00e4nde holen<\/h2>\n<p>Wenn Sie nun das Fieber gepackt hat und Sie diesen Trend gerne in Ihre eignen vier W\u00e4nde holen m\u00f6chten, gibt es einige Tipps und Tricks, die Sie beachten sollten.<\/p>\n<p>Im Prinzip kann man bei der Gestaltung der R\u00e4ume mit Art-d\u00e9co-M\u00f6beln nicht sonderlich viel falsch machen. Wenn Sie jedoch lieber auf Nummer sicher gehen und nichts durcheinanderbringen m\u00f6chten, konzentrieren Sie sich bei der Einrichtung lieber auf nur eine Epoche und zum Testen auf zum Beispiel das <a href=\"https:\/\/www.moebelliebling.de\/Wohnzimmer\/\" target=\"_blank\" rel=\"noopener\">Wohnzimmer<\/a>. Vor allem Fotografien in schwarz-wei\u00df machen sich an den W\u00e4nden sehr gut und verliehen den R\u00e4umen typischen Zwanzigerjahre-Flair.<\/p>\n<p>Auch starke Wandfarben tragen viel zu diesem Trend bei. Warme Beleuchtung hilft zudem dabei, die M\u00f6belst\u00fccke richtig in Szene zu setzen. Bei Bedarf k\u00f6nnen Sie die geometrischen Formen besonders hervorheben, indem Sie die Lampen und Spiegel symmetrisch zu dem M\u00f6belst\u00fcck aufh\u00e4ngen.<\/p>\n<p>Wichtig ist es auch, Farben wieder aufzugreifen. Haben Sie zum Beispiel einen gr\u00fcnen Sessel in Ihrem Raum stehen, so k\u00f6nnen Sie diese Farbe mithilfe des Teppichs wieder aufgreifen.<\/p>\n","protected":false},"excerpt":{"rendered":"<p>Art d\u00e9co ist die Abk\u00fcrzung f\u00fcr Arts d\u00e9coratifs, was auf Franz\u00f6sisch so viel wie verzierte, dekorative K\u00fcnste bedeutet. Im Art d\u00e9co spiegeln sich im Prinzip die Ambivalenzen einer ganzen Epoche wider. Es vereint den exzessiven Drang nach Prunk mit den klaren, geometrischen Formen der klassischen Moderne. Zeitlich gesehen befindet man sich bei diesem Trend zwischen [&hellip;]<\/p>\n","protected":false},"author":10,"featured_media":13068,"comment_status":"closed","ping_status":"closed","sticky":false,"template":"","format":"standard","meta":{"footnotes":""},"categories":[600,591],"tags":[1096,47,1097,575,665,646,353,1098],"class_list":["post-13067","post","type-post","status-publish","format-standard","has-post-thumbnail","hentry","category-einrichtungs-trends","category-stilrichtungen","tag-art-deco","tag-farben","tag-fotografien","tag-moebel","tag-modern","tag-stil","tag-trend","tag-zwanziger"],"amp_enabled":true,"_links":{"self":[{"href":"https:\/\/www.stilartmoebel.de\/zuhause-bei-sam\/wp-json\/wp\/v2\/posts\/13067","targetHints":{"allow":["GET"]}}],"collection":[{"href":"https:\/\/www.stilartmoebel.de\/zuhause-bei-sam\/wp-json\/wp\/v2\/posts"}],"about":[{"href":"https:\/\/www.stilartmoebel.de\/zuhause-bei-sam\/wp-json\/wp\/v2\/types\/post"}],"author":[{"embeddable":true,"href":"https:\/\/www.stilartmoebel.de\/zuhause-bei-sam\/wp-json\/wp\/v2\/users\/10"}],"replies":[{"embeddable":true,"href":"https:\/\/www.stilartmoebel.de\/zuhause-bei-sam\/wp-json\/wp\/v2\/comments?post=13067"}],"version-history":[{"count":8,"href":"https:\/\/www.stilartmoebel.de\/zuhause-bei-sam\/wp-json\/wp\/v2\/posts\/13067\/revisions"}],"predecessor-version":[{"id":15853,"href":"https:\/\/www.stilartmoebel.de\/zuhause-bei-sam\/wp-json\/wp\/v2\/posts\/13067\/revisions\/15853"}],"wp:featuredmedia":[{"embeddable":true,"href":"https:\/\/www.stilartmoebel.de\/zuhause-bei-sam\/wp-json\/wp\/v2\/media\/13068"}],"wp:attachment":[{"href":"https:\/\/www.stilartmoebel.de\/zuhause-bei-sam\/wp-json\/wp\/v2\/media?parent=13067"}],"wp:term":[{"taxonomy":"category","embeddable":true,"href":"https:\/\/www.stilartmoebel.de\/zuhause-bei-sam\/wp-json\/wp\/v2\/categories?post=13067"},{"taxonomy":"post_tag","embeddable":true,"href":"https:\/\/www.stilartmoebel.de\/zuhause-bei-sam\/wp-json\/wp\/v2\/tags?post=13067"}],"curies":[{"name":"wp","href":"https:\/\/api.w.org\/{rel}","templated":true}]}}