{"id":13044,"date":"2018-08-20T08:00:07","date_gmt":"2018-08-20T06:00:07","guid":{"rendered":"https:\/\/www.stilartmoebel.de\/zuhause-bei-sam\/?p=13044"},"modified":"2025-06-26T16:10:49","modified_gmt":"2025-06-26T14:10:49","slug":"pflanzen-und-kraeuter-so-lassen-sie-sich-ueberwintern","status":"publish","type":"post","link":"https:\/\/www.stilartmoebel.de\/zuhause-bei-sam\/pflanzen-und-kraeuter-so-lassen-sie-sich-ueberwintern\/","title":{"rendered":"Pflanzen und Kr\u00e4uter &#8211; so lassen sie sich \u00fcberwintern"},"content":{"rendered":"<p style=\"text-align: justify;\"><span style=\"color: #000000;\"><span style=\"font-family: 'Helvetica Neue', serif;\"><span style=\"font-size: small;\"><span style=\"font-family: Arial, serif;\">Wenn sich das Jahr dem Ende neigt, wird es drau\u00dfen nat\u00fcrlich auch wieder k\u00e4lter. Dann m\u00fcssen Sie sich besonders um die Kr\u00e4uter und Pflanzen k\u00fcmmern, damit sie auch durch den Winter kommen. Das \u00fcberwintern von Kr\u00e4utern ist auch gar nicht so schwer, wie man im ersten Moment vielleicht denkt. Topf-Kr\u00e4uter beispielsweise sind mobil und die empfindlichen Arten unter ihnen k\u00f6nnen ganz einfach an einen frostfreien Platz gebracht werden. Kr\u00e4uter, bei denen nicht die M\u00f6glichkeit besteht, sie an einen anderen Platz zu bringen und sie somit weiterhin drau\u00dfen stehen m\u00fcssen, m\u00fcssen Sie mit einem entsprechenden Winterschutz versehen. <\/span><\/span><\/span><\/span><!--more--><\/p>\n<p style=\"text-align: justify;\"><span style=\"color: #000000;\"><span style=\"font-family: 'Helvetica Neue', serif;\"><span style=\"font-size: small;\"><span style=\"font-family: Arial, serif;\">In diesem Text erfahren Sie alles, was Sie \u00fcber das \u00dcberwintern von Pflanzen und Kr\u00e4utern wissen m\u00fcssen und was Sie dabei beachten m\u00fcssen.<\/span><\/span><\/span><\/span><\/p>\n<h2 style=\"text-align: justify;\"><span style=\"color: #000000;\"><span style=\"font-family: 'Helvetica Neue', serif;\"><span style=\"font-size: small;\"><span style=\"font-family: Arial, serif;\">Die Kr\u00e4uter im Winter sch\u00fctzen<\/span><\/span><\/span><\/span><\/h2>\n<p style=\"text-align: justify;\"><span style=\"color: #000000;\"><span style=\"font-family: 'Helvetica Neue', serif;\"><span style=\"font-size: small;\"><span style=\"font-family: Arial, serif;\">Wie Sie Ihre Kr\u00e4uter letztendlich am besten \u00fcberwintern, ist abh\u00e4ngig von der Art, der nat\u00fcrlichen Lebenserwartung sowie auch der Herkunft der Pflanzen. Einj\u00e4hrige Kr\u00e4uter wie zum Beispiel Dill bilden Samen, aus denen man im n\u00e4chsten Jahr neue Pflanzen ziehen kann und gehen dann ein. Die Art des Winterschutzes bei zwei- und mehrj\u00e4hrigen Topf-Kr\u00e4utern ist allerdings vor allem von der Herkunft der Pflanze abh\u00e4ngig. Besonders beliebt sind vor allem eher mediterrane Kr\u00e4uter wie Lavendel, Salbei und Thymian, jedoch sind sie bei uns nur bedingt winterhart. Das liegt daran, dass die Winter im Mittelmeerraum relativ mild und in den meisten F\u00e4llen auch frostfrei sind. Jedoch ist der Winterschutz in unserer Gegend sehr unkompliziert und das \u00dcberwintern klappt in den meisten F\u00e4llen gut.. Wenn sie richtig eingepackt werden, \u00fcberstehen sie die kalte Jahreszeit meist ohne irgendwelche Probleme. <\/span><\/span><\/span><\/span><\/p>\n<h2 style=\"text-align: justify;\"><span style=\"color: #000000;\"><span style=\"font-family: 'Helvetica Neue', serif;\"><span style=\"font-size: small;\"><span style=\"font-family: Arial, serif;\">Kr\u00e4uter drau\u00dfen \u00fcberwintern<\/span><\/span><\/span><\/span><\/h2>\n<p style=\"text-align: justify;\"><span style=\"color: #000000;\"><span style=\"font-family: 'Helvetica Neue', serif;\"><span style=\"font-size: small;\"><span style=\"font-family: Arial, serif;\">Die Materialien, die Sie ben\u00f6tigen, um die Kr\u00e4uter zu \u00fcberwintern, sind von der Gr\u00f6\u00dfe Ihrer Pflanzen abh\u00e4ngig. Wenn Sie eher gr\u00f6\u00dfere Pflanzgef\u00e4\u00dfe haben, verpacken Sie diese am besten einzeln, indem Sie Schaumfolie \u00fcber den K\u00fcbel wickeln und die T\u00f6pfe dann auf Ton-F\u00fc\u00dfe oder eine Styroporplatte stellen. Bei vielen kleine T\u00f6pfen k\u00f6nnen Sie f\u00fcr den Winterschutz aus verschiedenen M\u00f6glichkeiten w\u00e4hlen. Trockenes Laub, Stroh, ein Seil, eine dicke Schnur, eine Holzkiste oder auch eine Matte aus Schilfrohr. Daf\u00fcr stellen Sie die kleinen T\u00f6pfe zun\u00e4chst in die Kiste und f\u00fcllen dann die Hohlr\u00e4ume mit isolierendem Stroh auf. Im Notfall k\u00f6nnen Sie auch ein altes Regal oder einen Schrank umfunktionieren, den Sie mit den entsprechenden D\u00e4mmmaterialien ausstatten.<br \/>\n<\/span><\/span><\/span><\/span><\/p>\n<p style=\"text-align: justify;\"><span style=\"color: #000000;\"><span style=\"font-family: 'Helvetica Neue', serif;\"><span style=\"font-size: small;\"><span style=\"font-family: Arial, serif;\">Direkter Kontakt zum Boden sollte vermieden werden, da die K\u00e4lte so zu den T\u00f6pfen geleitet wird. Aus diesem Grund w\u00e4re es von Vorteil, ein dickes Holzbrett, eine Stryoporplatte oder ein St\u00fcck einer Isomatte darunter zu legen. Ein Mantel aus Schilfrohr isoliert auch noch zus\u00e4tzlich und l\u00e4sst auch die Holzkiste ganz elegant verschwinden. Die Matte sollte dabei etwas h\u00f6her sein als die Kiste oder der Topf sein. Das sieht zum einen besser aus und zum anderen sch\u00fctzt es die Pflanzen auch vor Wind. Achten Sie au\u00dferdem darauf, die Matten gut fest zu binden.<\/span><\/span><\/span><\/span><\/p>\n<p style=\"text-align: justify;\"><span style=\"color: #000000;\"><span style=\"font-family: 'Helvetica Neue', serif;\"><span style=\"font-size: small;\"><span style=\"font-family: Arial, serif;\">Zum Schluss werden die Topfballen dann noch mit einer Schicht Herbstlaub abgedeckt. Sie sch\u00fctzt die Wurzeln, die nah an der Oberfl\u00e4che sind sowie auch die Triebans\u00e4tze. Decken Sie die Pflanzen jedoch auf keinen Fall mit einer Folie ab, sondern ausschlie\u00dflich mit Materialien, die die Feuchtigkeit durchlassen. Andernfalls k\u00f6nnten die Kr\u00e4uter anfangen zu faulen.<\/span><\/span><\/span><\/span><\/p>\n<p style=\"text-align: justify;\"><span style=\"color: #000000;\"><span style=\"font-family: 'Helvetica Neue', serif;\"><span style=\"font-size: small;\"><span style=\"font-family: Arial, serif;\">Stellen Sie die Kiste an einen regen- und windgesch\u00fctzten Platz, denn f\u00fcr viele Pflanzen ist N\u00e4sse noch gef\u00e4hrlicher als Frost. Es reicht voll und ganz aus, wenn die Topfballen \u00fcber den Winter m\u00e4\u00dfig feucht gehalten werden.<\/span><\/span><\/span><\/span><\/p>\n<h2 style=\"text-align: justify;\"><span style=\"color: #000000;\"><span style=\"font-family: 'Helvetica Neue', serif;\"><span style=\"font-size: small;\"><span style=\"font-family: Arial, serif;\">Manche Kr\u00e4uter m\u00fcssen im Haus \u00fcberwintern<br \/>\n<\/span><\/span><\/span><\/span><\/h2>\n<p style=\"text-align: justify;\"><span style=\"color: #000000;\"><span style=\"font-family: 'Helvetica Neue', serif;\"><span style=\"font-size: small;\"><span style=\"font-family: Arial, serif;\">Es gibt auch einige Kr\u00e4uter, die sehr empfindlich sind und aus diesem Grund im Haus \u00fcberwintert werden sollten. Dabei handelt es sich um einen hellen, k\u00fchlen Ort mit Temperaturen zwischen null und zehn Grad. Hierbei eignen sich am besten Treppenh\u00e4user oder, falls er vorhanden ist, ein ungeheizter Wintergarten. Wichtig ist hierbei vor allem, dass Sie Ihre Kr\u00e4uter nicht einfach in das warme <a href=\"https:\/\/www.moebelliebling.de\/Wohnzimmer\/\" target=\"_blank\" rel=\"noopener\">Wohnzimmer<\/a> stellen. Hier sind die Temperaturen n\u00e4mlich deutlich zu hoch f\u00fcr die empfindlichen Pflanzen. <\/span><\/span><\/span><\/span><\/p>\n<h2 style=\"text-align: justify;\"><span style=\"color: #000000;\"><span style=\"font-family: 'Helvetica Neue', serif;\"><span style=\"font-size: small;\"><span style=\"font-family: Arial, serif;\">Kr\u00e4uter auf dem Balkon \u00fcberwintern<\/span><\/span><\/span><\/span><\/h2>\n<p style=\"text-align: justify;\"><span style=\"color: #000000;\"><span style=\"font-family: 'Helvetica Neue', serif;\"><span style=\"font-size: small;\"><span style=\"font-family: Arial, serif;\">Auch wenn Sie Ihre Kr\u00e4uter auf dem Balkon \u00fcberwintern m\u00f6chten, m\u00fcssen Sie einige Dinge beachten. Trotz der N\u00e4he zum Haus wird es auch auf einem Balkon im Winter ganz sch\u00f6n kalt, vor allem da auch die w\u00e4rmende Erde von unten fehlt. Wenn die Wurzeln erst einmal dem Frost ausgesetzt sind, k\u00f6nnen K\u00e4ltesch\u00e4den entstehen, die sich teilweise nicht wieder \u00e4ndern lassen. Es gibt jedoch auch ein paar Kr\u00e4uter die frosthart sind und denen es nichts ausmacht, \u00fcber den Winter drau\u00dfen zu bleiben. Bei der Einsch\u00e4tzung, ob ein Kraut winterfest ist oder nicht, m\u00fcssen Sie beachten, dass auf dem Balkon andere Bedingungen herrschen als im Garten. Eine Pflanze, die im Freiland auch bei Minusgraden \u00fcberleben w\u00fcrde, w\u00fcrde bei den gleichen Temperaturen auf dem Balkon wahrscheinlich eingehen.<\/span><\/span><\/span><\/span><\/p>\n<p style=\"text-align: justify;\"><span style=\"color: #000000;\"><span style=\"font-family: 'Helvetica Neue', serif;\"><span style=\"font-size: small;\"><span style=\"font-family: Arial, serif;\">Nicht jeder Balkonbesitzer hat auch einen Keller oder Schuppen, um die Pflanzen und Kr\u00e4uter umzustellen. Es gibt einige Tipps, mit denen Sie Ihre Kr\u00e4uter auch drau\u00dfen \u00fcber die kalte Jahreszeit bringen. Dies gilt jedoch nur f\u00fcr winterharte Sorten, k\u00e4lteempfindliche Sorten m\u00fcssen auf jeden Fall rein.<\/span><\/span><\/span><\/span><\/p>\n<p style=\"text-align: justify;\"><span style=\"color: #000000;\"><span style=\"font-family: 'Helvetica Neue', serif;\"><span style=\"font-size: small;\"><span style=\"font-family: Arial, serif;\">Zum einen ist es wichtig, die T\u00f6pfe auch von unten zu sch\u00fctzen und sie von oben am besten mit Vlies oder Tannengr\u00fcn abzudecken. Es w\u00e4re au\u00dferdem von Vorteil, wenn Sie alle Pflanzen auf dem Balkon dicht beieinander an die Hauswand stellen, denn da ist es nicht nur am w\u00e4rmsten, sondern auch windgesch\u00fctzt.T\u00f6pfe, die Sie am Balkongel\u00e4nder h\u00e4ngen lassen, sind den winterlichen Bedingungen voll ausgesetzt &#8211; das bekommt den meisten Pflanzen nicht besonders gut.<\/span><\/span><\/span><\/span><\/p>\n","protected":false},"excerpt":{"rendered":"<p>Wenn sich das Jahr dem Ende neigt, wird es drau\u00dfen nat\u00fcrlich auch wieder k\u00e4lter. Dann m\u00fcssen Sie sich besonders um die Kr\u00e4uter und Pflanzen k\u00fcmmern, damit sie auch durch den Winter kommen. Das \u00fcberwintern von Kr\u00e4utern ist auch gar nicht so schwer, wie man im ersten Moment vielleicht denkt. Topf-Kr\u00e4uter beispielsweise sind mobil und die [&hellip;]<\/p>\n","protected":false},"author":6,"featured_media":13049,"comment_status":"closed","ping_status":"closed","sticky":false,"template":"","format":"standard","meta":{"footnotes":""},"categories":[598,20,589],"tags":[28,1066,1067,1064,230,103,540,1065,225],"class_list":["post-13044","post","type-post","status-publish","format-standard","has-post-thumbnail","hentry","category-garten-tipps","category-mein-garten","category-pflanzen","tag-balkon","tag-draussen","tag-drinnen","tag-gartne","tag-kraeuter","tag-pflanzen","tag-schutz","tag-ueberwintern","tag-winter"],"amp_enabled":true,"_links":{"self":[{"href":"https:\/\/www.stilartmoebel.de\/zuhause-bei-sam\/wp-json\/wp\/v2\/posts\/13044","targetHints":{"allow":["GET"]}}],"collection":[{"href":"https:\/\/www.stilartmoebel.de\/zuhause-bei-sam\/wp-json\/wp\/v2\/posts"}],"about":[{"href":"https:\/\/www.stilartmoebel.de\/zuhause-bei-sam\/wp-json\/wp\/v2\/types\/post"}],"author":[{"embeddable":true,"href":"https:\/\/www.stilartmoebel.de\/zuhause-bei-sam\/wp-json\/wp\/v2\/users\/6"}],"replies":[{"embeddable":true,"href":"https:\/\/www.stilartmoebel.de\/zuhause-bei-sam\/wp-json\/wp\/v2\/comments?post=13044"}],"version-history":[{"count":5,"href":"https:\/\/www.stilartmoebel.de\/zuhause-bei-sam\/wp-json\/wp\/v2\/posts\/13044\/revisions"}],"predecessor-version":[{"id":15865,"href":"https:\/\/www.stilartmoebel.de\/zuhause-bei-sam\/wp-json\/wp\/v2\/posts\/13044\/revisions\/15865"}],"wp:featuredmedia":[{"embeddable":true,"href":"https:\/\/www.stilartmoebel.de\/zuhause-bei-sam\/wp-json\/wp\/v2\/media\/13049"}],"wp:attachment":[{"href":"https:\/\/www.stilartmoebel.de\/zuhause-bei-sam\/wp-json\/wp\/v2\/media?parent=13044"}],"wp:term":[{"taxonomy":"category","embeddable":true,"href":"https:\/\/www.stilartmoebel.de\/zuhause-bei-sam\/wp-json\/wp\/v2\/categories?post=13044"},{"taxonomy":"post_tag","embeddable":true,"href":"https:\/\/www.stilartmoebel.de\/zuhause-bei-sam\/wp-json\/wp\/v2\/tags?post=13044"}],"curies":[{"name":"wp","href":"https:\/\/api.w.org\/{rel}","templated":true}]}}