{"id":13039,"date":"2018-08-17T08:00:50","date_gmt":"2018-08-17T06:00:50","guid":{"rendered":"https:\/\/www.stilartmoebel.de\/zuhause-bei-sam\/?p=13039"},"modified":"2025-06-26T16:14:24","modified_gmt":"2025-06-26T14:14:24","slug":"trend-wiener-geflecht-alte-technik-neu-belebt","status":"publish","type":"post","link":"https:\/\/www.stilartmoebel.de\/zuhause-bei-sam\/trend-wiener-geflecht-alte-technik-neu-belebt\/","title":{"rendered":"Trend Wiener Geflecht &#8211; alte Technik neu belebt"},"content":{"rendered":"<p style=\"text-align: justify;\"><span style=\"color: #000000;\"><span style=\"font-family: 'Helvetica Neue', serif;\"><span style=\"font-size: small;\"><span style=\"font-family: Arial, serif;\">Einige von Ihnen werden das Wiener Geflecht noch aus fr\u00fcheren Zeiten kennen, denn damals zierte es lange unseren Wohnraum. Nun kommt dieser Trend sogar wieder zur\u00fcck. Noch bis vor Kurzem galten St\u00fchle mit einer Sitzfl\u00e4che aus Strohgeflecht als Antiquit\u00e4t. Doch viele wird die R\u00fcckkehr des Wiener Geflechts nicht wundern, denn schlie\u00dflich kann das stabile, nat\u00fcrliche und leichte Material weit mehr als nur St\u00fchle schm\u00fccken. Neben der Zeitlosigkeit und dem klassischen Aspekt ist dieses Material sogar nachhaltig.<\/span><\/span><\/span><\/span><!--more--><\/p>\n<p style=\"text-align: justify;\"><span style=\"color: #000000;\"><span style=\"font-family: 'Helvetica Neue', serif;\"><span style=\"font-size: small;\"><span style=\"font-family: Arial, serif;\">In diesem Text erfahren Sie alles, was Sie \u00fcber den Trend des Wiener Geflechts wissen m\u00fcssen und wie Sie damit Ihre eignen vier W\u00e4nde einrichten k\u00f6nnen.<\/span><\/span><\/span><\/span><\/p>\n<h2 style=\"text-align: justify;\"><span style=\"color: #000000;\"><span style=\"font-family: 'Helvetica Neue', serif;\"><span style=\"font-size: small;\"><span style=\"font-family: Arial, serif;\">Was ist eigentlich das Wiener Geflecht?<\/span><\/span><\/span><\/span><\/h2>\n<p style=\"text-align: justify;\"><span style=\"color: #000000;\"><span style=\"font-family: 'Helvetica Neue', serif;\"><span style=\"font-size: small;\"><span style=\"font-family: Arial, serif;\">Das Wiener Geflecht besteht aus Peddingrohrstr\u00e4ngen. Dabei handelt es sich um ein Rohrgeflecht aus dem Strang der Rattan- oder Rotangpalme. Rattan gilt als schnell nachwachsendes Material und geh\u00f6rt zu einem der nachhaltigsten Stoffe im M\u00f6belbau. Das klassische, achteckige Muster, welches man h\u00e4ufig sieht, dient vor allem der Sitzbespannung, denn trotz des geringen Gewichts kann es bei der Stabilit\u00e4t sogar mit dem Holz mithalten. Im Vergleich zum Holz hat das Wiener Geflecht jedoch den Vorteil, dass es elastischer ist. Generell gilt, dass je enger das Wiener Geflecht geflochten ist und je mehr Material verarbeitet ist, desto h\u00f6her ist auch die Lebensdauer und die Qualit\u00e4t.<\/span><\/span><\/span><\/span><\/p>\n<h2 style=\"text-align: justify;\"><span style=\"color: #000000;\"><span style=\"font-family: 'Helvetica Neue', serif;\"><span style=\"font-size: small;\"><span style=\"font-family: Arial, serif;\">Herstellung und Herkunft des Wiener Geflechts<\/span><\/span><\/span><\/span><\/h2>\n<p style=\"text-align: justify;\"><span style=\"color: #000000;\"><span style=\"font-family: 'Helvetica Neue', serif;\"><span style=\"font-size: small;\"><span style=\"font-family: Arial, serif;\">Doch woher kommt das Wiener Geflecht eigentlich und wie wird es hergestellt? Das Flechten geh\u00f6rt zu einer der \u00e4ltesten Handwerke unserer Zeit. Zun\u00e4chst nur mit europ\u00e4ischen Materialien, sp\u00e4ter dann auch zunehmend mit Peddingrohr der Rattan Palme, welches aus Asien importiert wurde. Dank seiner zeitlosen \u00c4sthetik wurde das Wiener Geflecht zu einem echten Klassiker. Den Namen \u201eWiener Geflecht\u201c tr\u00e4gt es \u00fcbrigens, weil man es zun\u00e4chst vorwiegend in Wiener Kaffeeh\u00e4usern fand.<\/span><\/span><\/span><\/span><\/p>\n<p style=\"text-align: justify;\"><span style=\"color: #000000;\"><span style=\"font-family: 'Helvetica Neue', serif;\"><span style=\"font-size: small;\"><span style=\"font-family: Arial, serif;\">Was die Herstellung des Geflechts angeht, geh\u00f6rt sie bis heute zu der Basis der M\u00f6belflechter. Hierbei wird aus sechs Str\u00e4ngen ein achteckiges Muster geflochten. In einer Grundstruktur in Gitterform wird dann durch Diagonal-, L\u00e4ngs- und Querbindungen eine wabenf\u00f6rmige sowie auch stabile Form geflochten. Im Anschluss daran werden dann die Matten in den jeweiligen Rahmen eingespannt. Mittlerweile ist die Industrie sogar soweit, dass man Meterware des Geflechts, welche maschinell gefertigt wurde, im Baumarkt bekommt. Dabei k\u00f6nnen Sie dann noch zwischen Meterware aus Kunststoff und aus Naturmaterialien w\u00e4hlen.<\/span><\/span><\/span><\/span><\/p>\n<h2 style=\"text-align: justify;\"><span style=\"color: #000000;\"><span style=\"font-family: 'Helvetica Neue', serif;\"><span style=\"font-size: small;\"><span style=\"font-family: Arial, serif;\">Ein ewiger Trend<\/span><\/span><\/span><\/span><\/h2>\n<p style=\"text-align: justify;\"><span style=\"color: #000000;\"><span style=\"font-family: 'Helvetica Neue', serif;\"><span style=\"font-size: small;\"><span style=\"font-family: Arial, serif;\">Vor nicht allzu langer Zeit fand man das Wiener Geflecht haupts\u00e4chlich in Antiquit\u00e4tenl\u00e4den, doch mittlerweile wird es wieder immer beliebter. Dabei ist die Zeitlosigkeit und die Aktualit\u00e4t einer der wichtigsten Eigenschaften dieses Materials. Dadurch kann das Geflecht n\u00e4mlich, egal ob aus Naturmaterialien oder aus Kunststoffgeflecht, sowohl mit alten als auch mit neuen M\u00f6beln sehr gut kombiniert werden.<\/span><\/span><\/span><\/span><\/p>\n<p style=\"text-align: justify;\"><span style=\"color: #000000;\"><span style=\"font-family: 'Helvetica Neue', serif;\"><span style=\"font-size: small;\"><span style=\"font-family: Arial, serif;\">Doch aus welchem Grund kommt gerade jetzt das Wiener Geflecht wieder in Mode? Das liegt daran, dass Naturmaterialien zurzeit immer beliebter werden. Dann war es nur noch eine Frage der Zeit, bis man auf das Wiener Geflecht stie\u00df. Bis heute schm\u00fcckt das Geflecht die unterschiedlichsten Einrichtungsstile, vom <a href=\"https:\/\/www.moebelliebling.de\/Wohnzimmer\/\" target=\"_blank\" rel=\"noopener\">skandinavischen Wohnzimmer<\/a> bis hin zu einem klassischen Wiener Kaffeehaus.<\/span><\/span><\/span><\/span><\/p>\n<h2 style=\"text-align: justify;\"><span style=\"color: #000000;\"><span style=\"font-family: 'Helvetica Neue', serif;\"><span style=\"font-size: small;\"><span style=\"font-family: Arial, serif;\">Reparatur und die richtige Pflege<\/span><\/span><\/span><\/span><\/h2>\n<p style=\"text-align: justify;\"><span style=\"color: #000000;\"><span style=\"font-family: 'Helvetica Neue', serif;\"><span style=\"font-size: small;\"><span style=\"font-family: Arial, serif;\">Das Wiener Geflecht aus Ratten ist vor allem f\u00fcr seine Langlebigkeit und seine Stabilit\u00e4t bekannt. Damit das jedoch erreicht wird, bedarf es nat\u00fcrlich auch der richtigen Pflege. Unbehandeltes Rohrgeflecht ist n\u00e4mlich nicht wasserfest und selbst vorbehandeltes Geflecht ergraut bei Regen, verliert an Form und wird morsch. Wenn Sie es also f\u00fcr den Au\u00dfenbereich nutzen wollen, w\u00e4re es ratsam, Schutzplanen zu verwenden, um Verschmutzung und Feuchtigkeit fern zu halten. Wenn es jedoch doch mal zu einem Schaden kommt, sollten Sie das Geflecht so schnell wie m\u00f6glich reparieren. F\u00fcr die Reparatur k\u00f6nnen Sie entweder das Material in Meterware im Baumarkt oder komplette Reparatur-S\u00e4tze erwerben. Rei\u00dft jedoch das Sitzfl\u00e4che des Stuhls, w\u00e4re es sinnvoll, sich an einen Korbflechter zu wenden, der eine fachm\u00e4nnische Restaurierung durchf\u00fchrt. Dadurch wird das Rohrgeflecht wieder sicher und stabil mit dem Stuhl verbunden. <\/span><\/span><\/span><\/span><\/p>\n","protected":false},"excerpt":{"rendered":"<p>Einige von Ihnen werden das Wiener Geflecht noch aus fr\u00fcheren Zeiten kennen, denn damals zierte es lange unseren Wohnraum. Nun kommt dieser Trend sogar wieder zur\u00fcck. Noch bis vor Kurzem galten St\u00fchle mit einer Sitzfl\u00e4che aus Strohgeflecht als Antiquit\u00e4t. Doch viele wird die R\u00fcckkehr des Wiener Geflechts nicht wundern, denn schlie\u00dflich kann das stabile, nat\u00fcrliche [&hellip;]<\/p>\n","protected":false},"author":10,"featured_media":13042,"comment_status":"closed","ping_status":"closed","sticky":false,"template":"","format":"standard","meta":{"footnotes":""},"categories":[600,591],"tags":[1061,1059,1056,1055,1058,1060,710,192,1063,1057,855,1062,1414,903],"class_list":["post-13039","post","type-post","status-publish","format-standard","has-post-thumbnail","hentry","category-einrichtungs-trends","category-stilrichtungen","tag-achteckig","tag-aesthetik","tag-flechten","tag-geflecht","tag-handwerk","tag-kaffeehaus","tag-klassiker","tag-muster","tag-palme","tag-peddingrohr","tag-rattan","tag-rotang","tag-wiener-geflecht","tag-zeitlos"],"amp_enabled":true,"_links":{"self":[{"href":"https:\/\/www.stilartmoebel.de\/zuhause-bei-sam\/wp-json\/wp\/v2\/posts\/13039","targetHints":{"allow":["GET"]}}],"collection":[{"href":"https:\/\/www.stilartmoebel.de\/zuhause-bei-sam\/wp-json\/wp\/v2\/posts"}],"about":[{"href":"https:\/\/www.stilartmoebel.de\/zuhause-bei-sam\/wp-json\/wp\/v2\/types\/post"}],"author":[{"embeddable":true,"href":"https:\/\/www.stilartmoebel.de\/zuhause-bei-sam\/wp-json\/wp\/v2\/users\/10"}],"replies":[{"embeddable":true,"href":"https:\/\/www.stilartmoebel.de\/zuhause-bei-sam\/wp-json\/wp\/v2\/comments?post=13039"}],"version-history":[{"count":4,"href":"https:\/\/www.stilartmoebel.de\/zuhause-bei-sam\/wp-json\/wp\/v2\/posts\/13039\/revisions"}],"predecessor-version":[{"id":15867,"href":"https:\/\/www.stilartmoebel.de\/zuhause-bei-sam\/wp-json\/wp\/v2\/posts\/13039\/revisions\/15867"}],"wp:featuredmedia":[{"embeddable":true,"href":"https:\/\/www.stilartmoebel.de\/zuhause-bei-sam\/wp-json\/wp\/v2\/media\/13042"}],"wp:attachment":[{"href":"https:\/\/www.stilartmoebel.de\/zuhause-bei-sam\/wp-json\/wp\/v2\/media?parent=13039"}],"wp:term":[{"taxonomy":"category","embeddable":true,"href":"https:\/\/www.stilartmoebel.de\/zuhause-bei-sam\/wp-json\/wp\/v2\/categories?post=13039"},{"taxonomy":"post_tag","embeddable":true,"href":"https:\/\/www.stilartmoebel.de\/zuhause-bei-sam\/wp-json\/wp\/v2\/tags?post=13039"}],"curies":[{"name":"wp","href":"https:\/\/api.w.org\/{rel}","templated":true}]}}