{"id":13018,"date":"2018-08-13T08:00:21","date_gmt":"2018-08-13T06:00:21","guid":{"rendered":"https:\/\/www.stilartmoebel.de\/zuhause-bei-sam\/?p=13018"},"modified":"2025-06-26T16:25:01","modified_gmt":"2025-06-26T14:25:01","slug":"diy-holzmoebel-mit-epoxidharz-gestalten","status":"publish","type":"post","link":"https:\/\/www.stilartmoebel.de\/zuhause-bei-sam\/diy-holzmoebel-mit-epoxidharz-gestalten\/","title":{"rendered":"DIY: Holzm\u00f6bel mit Epoxidharz gestalten"},"content":{"rendered":"<p style=\"text-align: justify;\"><span style=\"color: #000000;\"><span style=\"font-family: 'Helvetica Neue', serif;\"><span style=\"font-size: small;\"><span style=\"font-family: Arial, serif;\">Wollten Sie auch schon immer einmal einen leuchtenden Tisch haben? Davon m\u00fcssen Sie jetzt nicht mehr tr\u00e4umen, sondern Sie k\u00f6nnen einen solchen Tisch wirklich gestalten. Egal ob f\u00fcr den Garten oder das Wohnzimmer, ein solches M\u00f6belst\u00fcck ist immer ein echter Hingucker, vor allem in der Nacht, wenn es dunkel ist und er so richtig gl\u00fchen kann. Die Idee f\u00fcr diesen \u201egl\u00fchenden Tisch\u201c stammt von dem Designer Matt Brown.\u00a0<\/span><\/span><\/span><\/span><span style=\"color: #000000;\"><span style=\"font-family: 'Helvetica Neue', serif;\"><span style=\"font-size: small;\"><span style=\"font-family: Arial, serif;\">Wie Sie den Tisch letztendlich nutzen, bleibt Ihnen \u00fcberlassen. Sie k\u00f6nnen ihn zum Beispiel als Couchtisch oder Esstisch nutzen. Daf\u00fcr ben\u00f6tigen Sie nicht einmal viele Materialien.<\/span><\/span><\/span><\/span><!--more--><\/p>\n<p style=\"text-align: justify;\"><span style=\"color: #000000;\"><span style=\"font-family: 'Helvetica Neue', serif;\"><span style=\"font-size: small;\"><span style=\"font-family: Arial, serif;\">In diesem Text erfahren Sie alles, was Sie \u00fcber Epoxidharz wissen m\u00fcssen und wie Sie damit Ihren Tisch gestalten k\u00f6nnen.<\/span><\/span><\/span><\/span><\/p>\n<h2 style=\"text-align: justify;\"><span style=\"color: #000000;\"><span style=\"font-family: 'Helvetica Neue', serif;\"><span style=\"font-size: small;\"><span style=\"font-family: Arial, serif;\">Was ist Epoxidharz?<\/span><\/span><\/span><\/span><\/h2>\n<p style=\"text-align: justify;\"><span style=\"color: #000000;\"><span style=\"font-family: 'Helvetica Neue', serif;\"><span style=\"font-size: small;\"><span style=\"font-family: Arial, serif;\">Einige von Ihnen werden den Begriff \u201eEpoxidharz\u201c sicher schon einmal geh\u00f6rt haben, f\u00fcr andere ist er komplett unbekannt.<\/span><\/span><\/span><\/span><\/p>\n<p style=\"text-align: justify;\"><span style=\"color: #000000;\"><span style=\"font-family: 'Helvetica Neue', serif;\"><span style=\"font-size: small;\"><span style=\"font-family: Arial, serif;\">Epoxidharze geh\u00f6ren zu den Kunstharzen und mit einem H\u00e4rtungsmittel und gegebenenfalls auch Zusatzstoffen k\u00f6nnen sie zu einem duroplastischen Kunststoff umgesetzt werden. Noch dazu besitzt dieser Harz eine gute Chemikalien- und Temperaturbest\u00e4ndigkeit. Aus diesem Grund wird das teure und hochwertige Material sehr h\u00e4ufig im Motorsport, im Yachtbau und in der Raum- und Luftfahrt eingesetzt. Er wird jedoch auch als hochwertiger Klebstoff zum Beispiel f\u00fcr ausgebrochene T\u00fcrscharniere, als Bindemittel f\u00fcr M\u00f6rtel oder als Schaum- und Gie\u00dfharz verwendet.<\/span><\/span><\/span><\/span><\/p>\n<h2 style=\"text-align: justify;\"><\/h2>\n<h3>Der Tisch<\/h3>\n<p style=\"text-align: justify;\"><span style=\"color: #000000;\"><span style=\"font-family: 'Helvetica Neue', serif;\"><span style=\"font-size: small;\"><span style=\"font-family: Arial, serif;\">Um einen Tisch mit Epoxidharz gestalten zu k\u00f6nnen, sollten Sie nat\u00fcrlich erst einmal den <a href=\"https:\/\/www.moebelliebling.de\/Selber-machen\/\" target=\"_blank\" rel=\"noopener\">Tisch bauen<\/a>. Daf\u00fcr schneiden Sie die Bretter entsprechend der von Ihnen gew\u00e4hlten Ma\u00dfe f\u00fcr die Tischplatte ab. Vorhandene Vertiefungen beseitigen Sie am besten mit einem Plattenkopf-Schraubenzieher. Die Bretter k\u00f6nnen Sie dann mit Holzleim aneinander kleben und nachdem der Leim gut getrocknet ist, k\u00f6nnen Sie die Oberfl\u00e4che mit Schleifpapier bearbeiten.<br \/>\n<\/span><\/span><\/span><\/span><\/p>\n<h3>Das Harz<\/h3>\n<p style=\"text-align: justify;\"><span style=\"color: #000000;\"><span style=\"font-family: 'Helvetica Neue', serif;\"><span style=\"font-size: small;\"><span style=\"font-family: Arial, serif;\">Das leuchtende Photolumineszenz-Pulver muss erst einmal angemischt werden und das machen Sie 1:2 mit durchsichtigem Gie\u00dfharz in einem Papierbecher ohne Wachsbeschichtung. Es gibt unterschiedliche Farben von dem leuchtenden Pulver, Sie k\u00f6nnen sich also aussuchen, in welcher Farbe Ihr Tisch leuchten soll. <\/span><\/span><\/span><\/span><\/p>\n<p style=\"text-align: justify;\"><span style=\"color: #000000;\"><span style=\"font-family: 'Helvetica Neue', serif;\"><span style=\"font-size: small;\"><span style=\"font-family: Arial, serif;\">Gie\u00dfen Sie dann die gleiche Menge von Harz in einen Becher und den Ausl\u00f6ser in einen zweiten Becher. Zu beiden Fl\u00fcssigkeiten f\u00fcgen Sie dann das leuchtende Pulver hinzu und r\u00fchren alles gut um. Sie haben jedoch nur f\u00fcnf bis sieben Minuten Zeit um eine homogene Mischung zu erzeugen und diese in die Holzvertiefungen zu f\u00fcllen. Da das Gie\u00dfharz von dem Holz absorbiert wird, sollten die Vertiefungen wieder nachgef\u00fcllt werden. Die gef\u00fcllten Fl\u00e4chen k\u00f6nnen Sie dann mit Klebeband abkleben und die Platte \u00fcber Nacht so liegen lassen.<\/span><\/span><\/span><\/span><\/p>\n<h3>Wenn alles getrocknet ist<\/h3>\n<p style=\"text-align: justify;\"><span style=\"color: #000000;\"><span style=\"font-family: 'Helvetica Neue', serif;\"><span style=\"font-size: small;\"><span style=\"font-family: Arial, serif;\">Am n\u00e4chsten Tag entfernen Sie das Klebeband dann und bearbeiten die Oberfl\u00e4che notfalls wieder mit einer Schleifmaschine. Am besten nehmen Sie hierf\u00fcr Schleifpapier mit unterschiedlich groben K\u00f6rnungen, damit Sie am Ende eine gl\u00e4nzende und glatte Oberfl\u00e4che haben.<\/span><span style=\"font-family: 'Arial Unicode MS', serif;\"><br \/>\n<\/span><span style=\"font-family: Arial, serif;\">F\u00fcr eine l\u00e4ngere Haltbarkeit bearbeiten Sie die Oberfl\u00e4che dann noch mit Polyurethane. Wenn dieses Mittel gut getrocknet ist, k\u00f6nnen Sie als letzten Schritt die Oberfl\u00e4che mit Wasser bespritzen, damit sie sch\u00f6n gl\u00e4nzt.<\/span><\/span><\/span><\/span><\/p>\n<p style=\"text-align: justify;\"><span style=\"color: #000000;\"><span style=\"font-family: 'Helvetica Neue', serif;\"><span style=\"font-size: small;\"><span style=\"font-family: Arial, serif;\">Wenn Sie sich noch nicht so ganz sicher sind, welche Tischbeine Sie denn f\u00fcr Ihren Tisch haben m\u00f6chten und auf eine etwas andere Idee stehen, schauen Sie einfach mal bei bei <a href=\"https:\/\/www.moebelliebling.de\/Tischgestelle\/\" target=\"_blank\" rel=\"noopener\">moebelliebling<\/a> vorbei, hier ist das Richtige f\u00fcr Sie sicherlich dabei.<\/span><\/span><\/span><\/span><\/p>\n<p style=\"text-align: justify;\"><span style=\"color: #000000;\"><span style=\"font-family: 'Helvetica Neue', serif;\"><span style=\"font-size: small;\"><span style=\"font-family: Arial, serif;\">Schon ist der Tisch fertig und Sie k\u00f6nnen ihn hinstellen, wo immer Sie m\u00f6chten. Am besten w\u00e4re es jedoch, wenn Sie den Tisch entweder nach drau\u00dfen in den Garten oder auf die Terrasse stellen. M\u00f6chten Sie den Tisch allerdings lieber in der Wohnung stehen haben, w\u00e4re es von Vorteil, den Tisch in die N\u00e4he eines Fensters zu stellen, damit er sch\u00f6n leuchten kann.<\/span><\/span><\/span><\/span><\/p>\n","protected":false},"excerpt":{"rendered":"<p>Wollten Sie auch schon immer einmal einen leuchtenden Tisch haben? Davon m\u00fcssen Sie jetzt nicht mehr tr\u00e4umen, sondern Sie k\u00f6nnen einen solchen Tisch wirklich gestalten. Egal ob f\u00fcr den Garten oder das Wohnzimmer, ein solches M\u00f6belst\u00fcck ist immer ein echter Hingucker, vor allem in der Nacht, wenn es dunkel ist und er so richtig gl\u00fchen [&hellip;]<\/p>\n","protected":false},"author":8,"featured_media":13031,"comment_status":"closed","ping_status":"closed","sticky":false,"template":"","format":"standard","meta":{"footnotes":""},"categories":[588,594],"tags":[641,1042,1043,1044,170,255,985,1047,1041,24,819,575,1045,1046],"class_list":["post-13018","post","type-post","status-publish","format-standard","has-post-thumbnail","hentry","category-einfach-selber-machen","category-heimwerken","tag-diy","tag-epoxid","tag-epoxidhart","tag-epoxy","tag-farbe","tag-gestaltung","tag-giessen","tag-giessharz","tag-harz","tag-holz","tag-mischen","tag-moebel","tag-photolumineszenz","tag-pulver"],"amp_enabled":true,"_links":{"self":[{"href":"https:\/\/www.stilartmoebel.de\/zuhause-bei-sam\/wp-json\/wp\/v2\/posts\/13018","targetHints":{"allow":["GET"]}}],"collection":[{"href":"https:\/\/www.stilartmoebel.de\/zuhause-bei-sam\/wp-json\/wp\/v2\/posts"}],"about":[{"href":"https:\/\/www.stilartmoebel.de\/zuhause-bei-sam\/wp-json\/wp\/v2\/types\/post"}],"author":[{"embeddable":true,"href":"https:\/\/www.stilartmoebel.de\/zuhause-bei-sam\/wp-json\/wp\/v2\/users\/8"}],"replies":[{"embeddable":true,"href":"https:\/\/www.stilartmoebel.de\/zuhause-bei-sam\/wp-json\/wp\/v2\/comments?post=13018"}],"version-history":[{"count":6,"href":"https:\/\/www.stilartmoebel.de\/zuhause-bei-sam\/wp-json\/wp\/v2\/posts\/13018\/revisions"}],"predecessor-version":[{"id":15871,"href":"https:\/\/www.stilartmoebel.de\/zuhause-bei-sam\/wp-json\/wp\/v2\/posts\/13018\/revisions\/15871"}],"wp:featuredmedia":[{"embeddable":true,"href":"https:\/\/www.stilartmoebel.de\/zuhause-bei-sam\/wp-json\/wp\/v2\/media\/13031"}],"wp:attachment":[{"href":"https:\/\/www.stilartmoebel.de\/zuhause-bei-sam\/wp-json\/wp\/v2\/media?parent=13018"}],"wp:term":[{"taxonomy":"category","embeddable":true,"href":"https:\/\/www.stilartmoebel.de\/zuhause-bei-sam\/wp-json\/wp\/v2\/categories?post=13018"},{"taxonomy":"post_tag","embeddable":true,"href":"https:\/\/www.stilartmoebel.de\/zuhause-bei-sam\/wp-json\/wp\/v2\/tags?post=13018"}],"curies":[{"name":"wp","href":"https:\/\/api.w.org\/{rel}","templated":true}]}}