{"id":12930,"date":"2018-07-06T08:00:28","date_gmt":"2018-07-06T06:00:28","guid":{"rendered":"https:\/\/www.stilartmoebel.de\/zuhause-bei-sam\/?p=12930"},"modified":"2025-06-30T13:51:29","modified_gmt":"2025-06-30T11:51:29","slug":"bunt-bunt-bunt-sind-alle-meine-moebel","status":"publish","type":"post","link":"https:\/\/www.stilartmoebel.de\/zuhause-bei-sam\/bunt-bunt-bunt-sind-alle-meine-moebel\/","title":{"rendered":"Einrichtung: Bunt, bunt, bunt sind alle meine M\u00f6bel"},"content":{"rendered":"<p style=\"text-align: justify;\"><span style=\"color: #000000;\"><span style=\"font-family: 'Helvetica Neue', serif;\"><span style=\"font-size: small;\"><span style=\"font-family: Arial, serif;\">Wenn Sie schon einmal eine Wohnung oder ein Haus komplett renoviert haben, werden Sie das Problem kennen. Kaum hat man einen Wohntrend gefunden, der einem gef\u00e4llt, l\u00e4uft einem schon die n\u00e4chste Inspiration \u00fcber den Weg. Dann beginnt man sich wieder vorzustellen, wie der Raum damit wohl aussehen w\u00fcrde und schmei\u00dft das ganze Konzept f\u00fcr die Einrichtung wieder um. Man stellt sich also immer wieder aufs Neue die Frage, wie man seine Wohnung denn nun eigentlich gestalten und einrichten m\u00f6chte. Das zu beantworten ist gar nicht so einfach.<\/span><\/span><\/span><\/span><!--more--><\/p>\n<p style=\"text-align: justify;\"><a href=\"https:\/\/www.schoener-wohnen.de\/einrichten\/wohnen-mit-farben\/\" target=\"_blank\" rel=\"noopener\"><span style=\"color: #000000;\"><span style=\"font-family: 'Helvetica Neue', serif;\"><span style=\"font-size: small;\"><span style=\"font-family: Arial, serif;\">I<\/span><\/span><\/span><\/span><\/a><span style=\"color: #000000;\"><span style=\"font-family: 'Helvetica Neue', serif;\"><span style=\"font-size: small;\"><span style=\"font-family: Arial, serif;\">n diesem Text erfahren Sie alles, was Sie \u00fcber die <\/span><\/span><\/span><\/span><a href=\"https:\/\/www.schoener-wohnen.de\/einrichten\/wohnen-mit-farben\/\" target=\"_blank\" rel=\"noopener\"><span style=\"color: #000000;\"><span style=\"font-family: 'Helvetica Neue', serif;\"><span style=\"font-size: small;\"><span style=\"font-family: Arial, serif;\">Einrichtung mit verschiedenen Farben<\/span><\/span><\/span><\/span><\/a><span style=\"color: #000000;\"><span style=\"font-family: 'Helvetica Neue', serif;\"><span style=\"font-size: small;\"><span style=\"font-family: Arial, serif;\"> wissen m\u00fcssen und was Sie dabei beachten und auf keinen Fall tun sollten.<\/span><\/span><\/span><\/span><\/p>\n<h2 style=\"text-align: justify;\">Was muss man \u00fcber die Einrichtung mit Farben wissen?<\/h2>\n<p style=\"text-align: justify;\"><span style=\"color: #000000;\"><span style=\"font-family: 'Helvetica Neue', serif;\"><span style=\"font-size: small;\"><span style=\"font-family: Arial, serif;\">Bevor Sie damit anfangen, Ihre R\u00e4ume zu gestalten, m\u00fcssen nat\u00fcrlich erst einmal ein paar Ideen und Anregungen her. Doch wo genau bekommt man die eigentlich? Im Prinzip finden Sie \u00fcberall Inspiration. Sei es von Motiven auf Gem\u00e4lden oder Magazinen oder sogar Ihrem Lieblingsk\u00fcnstler. Die Ideen m\u00fcssen nicht immer sofort etwas mit dem Wohnbereich zu tun haben. Es reicht oft schon, wenn Sie sich von den verschiedenen Farben auf einem Bild inspirieren lassen.<\/span><\/span><\/span><\/span><\/p>\n<p style=\"text-align: justify;\"><span style=\"color: #000000;\"><span style=\"font-family: 'Helvetica Neue', serif;\"><span style=\"font-size: small;\"><span style=\"font-family: Arial, serif;\">Doch woher wei\u00df ich am Ende, welche Farben zusammenpassen und welche nicht? Manche Menschen k\u00f6nnen sofort sehen, ob bestimmte Farben zusammen harmonieren. Wer damit jedoch Schwierigkeiten hat oder lieber auf Nummer sicher gehen m\u00f6chte, kann mit Hilfe von sogenannten Moodboards das Zusammenspiel von verschiedenen Farben anhand von Stoffproben und Abbildungen von M\u00f6beln testen.<br \/>\n<\/span><\/span><\/span><\/span><span style=\"color: #000000;\"><span style=\"font-family: 'Helvetica Neue', serif;\"><span style=\"font-size: small;\"><span style=\"font-family: Arial, serif;\">Immerhin sind M\u00f6belst\u00fccke wie Schr\u00e4nke, Kommoden oder <a href=\"https:\/\/www.moebelliebling.de\/Esstische\/\" target=\"_blank\" rel=\"noopener\">Tische<\/a> in den meisten F\u00e4llen sehr kostenintensiv und sollen auch m\u00f6glichst lange halten und gefallen. Als n\u00e4chstes k\u00f6nnen Sie sich dann nach einem Teppich und nach Leuchten umsehen. Ganz zum Schluss sollten Sie die Dinge machen, die sich g\u00fcnstig und auch schnell austauschen lassen. Wenn Sie gerne \u00f6fter die Wand streichen m\u00f6chten, kann auch die Wandfarbe dazugeh\u00f6ren. Es bleibt Ihnen \u00fcberlassen, ob Sie lieber erst die Wand streichen und dann die Einrichtung besorgen oder ob Sie erst alle M\u00f6bel platzieren. <\/span><\/span><\/span><\/span><span style=\"color: #000000;\"><span style=\"font-family: 'Helvetica Neue', serif;\"><span style=\"font-size: small;\"><span style=\"font-family: Arial, serif;\">Wichtig sind beim Einrichten auch immer die Accessoires. Dazu geh\u00f6ren Decken, Kissen, Vasen oder auch Obstschalen.<\/span><\/span><\/span><\/span><\/p>\n<h3 style=\"text-align: justify;\">Die Wirkung der verschiedenen Farben<\/h3>\n<p style=\"text-align: justify;\"><span style=\"color: #000000;\"><span style=\"font-family: 'Helvetica Neue', serif;\"><span style=\"font-size: small;\"><span style=\"font-family: Arial, serif;\">Jede Farbe ist anders und genau aus diesem Grund hat auch jede Farbe eine andere Wirkung. T\u00f6ne mit einem hohen Blau-Anteil haben eine k\u00fchle Ausstrahlung und beruhigen ein wenig die Sinne. Deshalb sind Blau-T\u00f6ne besonders gut f\u00fcr das Schlafzimmer geeignet, denn sie sorgen f\u00fcr einen erholsamen Schlaf. Warme Farben haben eher einen aktivierenden Effekt. Es w\u00e4re ratsam, sie f\u00fcr R\u00e4ume zu benutzen, in denen es ein wenig lebhafter zugeht, wie beispielsweise das Wohnzimmer. Damit die Wandfarbe nicht zu dominant wird, w\u00e4re es von Vorteil, einige Kontraste zum Beispiel mit Komplement\u00e4rt\u00f6nen zu setzen. Bei Bedarf k\u00f6nnen Sie noch etwas Graut\u00f6ne oder Schwarz beimischen, wodurch den Farben ein wenig Leuchtkraft genommen wird und die Farben weicher erscheinen.<\/span><\/span><\/span><\/span><\/p>\n<p style=\"text-align: justify;\"><span style=\"color: #000000;\"><span style=\"font-family: 'Helvetica Neue', serif;\"><span style=\"font-size: small;\"><span style=\"font-family: Arial, serif;\">So wirklich fertig werden Sie mitz der Einrichtung jedoch niemals, besonders nicht, wenn Sie jemand sind, der Spa\u00df am Ver\u00e4ndern von R\u00e4umen hat. Kaum ist man mit dem einen Raum zufrieden, findet man schon die n\u00e4chste Inspiration, die man am liebsten sofort umsetzen m\u00f6chte.<\/span><\/span><\/span><\/span><\/p>\n<h2 style=\"text-align: justify;\">Der Wohntrend Color Blocking<\/h2>\n<p style=\"text-align: justify;\"><span style=\"color: #000000;\"><span style=\"font-family: 'Helvetica Neue', serif;\"><span style=\"font-size: small;\"><span style=\"font-family: Arial, serif;\">Egal ob als Kontrast zu einem tristen Grau oder einer anderen k\u00fchleren Farbe, knallige T\u00f6ne sind im Moment wieder voll im Trend. Nicht nur auf den Stra\u00dfen, sondern auch in den eigenen vier W\u00e4nden werden gro\u00dffl\u00e4chig eigesetzte Farbakzente immer h\u00e4ufiger verwendet. Das Stichwort dazu lautet \u201eColor Blocking\u201c.<\/span><\/span><\/span><\/span><\/p>\n<h3 style=\"text-align: justify;\">Was genau ist Color Blocking?<\/h3>\n<p style=\"text-align: justify;\"><span style=\"color: #000000;\"><span style=\"font-family: 'Helvetica Neue', serif;\"><span style=\"font-size: small;\"><span style=\"font-family: Arial, serif;\">Der Begriff \u201eColor Blocking\u201c stammt urspr\u00fcnglich aus der Modewelt und dahinter verbirgt sich das Konzept, zwei bis drei knallige Farben gro\u00dffl\u00e4chig zu kombinieren und nicht nur als dezente Hingucker einzusetzen. Auf dem Laufsteg kann man damit viele Blicke auf sich ziehen und das funktioniert mindestens genauso auch in den eignen vier W\u00e4nden. Noch dazu sorgen die knalligen Farben f\u00fcr gute Laune und es kommt eine Atmosph\u00e4re wie im Sommer auf.<\/span><\/span><\/span><\/span><\/p>\n<p style=\"text-align: justify;\"><span style=\"color: #000000;\"><span style=\"font-family: 'Helvetica Neue', serif;\"><span style=\"font-size: small;\"><span style=\"font-family: Arial, serif;\">Das wichtigste beim Color Blocking sind vor allem die Kontraste. Es soll nicht nur eine einzige Farbe den Raum dominieren und den einzelnen Farbakzenten sollte au\u00dferdem gen\u00fcgend Platz gegeben werden, damit Sie Ihre Wirkung vollst\u00e4ndig entfalten k\u00f6nnen. Bei den Farben d\u00fcrfen Sie Ihrer Kreativit\u00e4t freien Lauf lassen, denn das wichtigste ist schlie\u00dflich, dass es Ihnen gef\u00e4llt und Sie sich in Ihren eigenen vier W\u00e4nden wohlf\u00fchlen.<\/span><\/span><\/span><\/span><\/p>\n","protected":false},"excerpt":{"rendered":"<p>Wenn Sie schon einmal eine Wohnung oder ein Haus komplett renoviert haben, werden Sie das Problem kennen. Kaum hat man einen Wohntrend gefunden, der einem gef\u00e4llt, l\u00e4uft einem schon die n\u00e4chste Inspiration \u00fcber den Weg. Dann beginnt man sich wieder vorzustellen, wie der Raum damit wohl aussehen w\u00fcrde und schmei\u00dft das ganze Konzept f\u00fcr die [&hellip;]<\/p>\n","protected":false},"author":8,"featured_media":12950,"comment_status":"closed","ping_status":"closed","sticky":false,"template":"","format":"standard","meta":{"footnotes":""},"categories":[1],"tags":[461,961,960,61,170,575,962,17,307,963,857],"class_list":["post-12930","post","type-post","status-publish","format-standard","has-post-thumbnail","hentry","category-mein-zuhause","tag-atmosphaere","tag-bunt","tag-color-blocking","tag-einrichtung","tag-farbe","tag-moebel","tag-moodboard","tag-planung","tag-stimmung","tag-stoffproben","tag-wirkung"],"amp_enabled":true,"_links":{"self":[{"href":"https:\/\/www.stilartmoebel.de\/zuhause-bei-sam\/wp-json\/wp\/v2\/posts\/12930","targetHints":{"allow":["GET"]}}],"collection":[{"href":"https:\/\/www.stilartmoebel.de\/zuhause-bei-sam\/wp-json\/wp\/v2\/posts"}],"about":[{"href":"https:\/\/www.stilartmoebel.de\/zuhause-bei-sam\/wp-json\/wp\/v2\/types\/post"}],"author":[{"embeddable":true,"href":"https:\/\/www.stilartmoebel.de\/zuhause-bei-sam\/wp-json\/wp\/v2\/users\/8"}],"replies":[{"embeddable":true,"href":"https:\/\/www.stilartmoebel.de\/zuhause-bei-sam\/wp-json\/wp\/v2\/comments?post=12930"}],"version-history":[{"count":9,"href":"https:\/\/www.stilartmoebel.de\/zuhause-bei-sam\/wp-json\/wp\/v2\/posts\/12930\/revisions"}],"predecessor-version":[{"id":15904,"href":"https:\/\/www.stilartmoebel.de\/zuhause-bei-sam\/wp-json\/wp\/v2\/posts\/12930\/revisions\/15904"}],"wp:featuredmedia":[{"embeddable":true,"href":"https:\/\/www.stilartmoebel.de\/zuhause-bei-sam\/wp-json\/wp\/v2\/media\/12950"}],"wp:attachment":[{"href":"https:\/\/www.stilartmoebel.de\/zuhause-bei-sam\/wp-json\/wp\/v2\/media?parent=12930"}],"wp:term":[{"taxonomy":"category","embeddable":true,"href":"https:\/\/www.stilartmoebel.de\/zuhause-bei-sam\/wp-json\/wp\/v2\/categories?post=12930"},{"taxonomy":"post_tag","embeddable":true,"href":"https:\/\/www.stilartmoebel.de\/zuhause-bei-sam\/wp-json\/wp\/v2\/tags?post=12930"}],"curies":[{"name":"wp","href":"https:\/\/api.w.org\/{rel}","templated":true}]}}