{"id":12911,"date":"2018-06-20T08:00:40","date_gmt":"2018-06-20T06:00:40","guid":{"rendered":"https:\/\/www.stilartmoebel.de\/zuhause-bei-sam\/?p=12911"},"modified":"2025-07-01T11:28:35","modified_gmt":"2025-07-01T09:28:35","slug":"einrichtungs-und-deko-ideen-fuer-deine-kueche","status":"publish","type":"post","link":"https:\/\/www.stilartmoebel.de\/zuhause-bei-sam\/einrichtungs-und-deko-ideen-fuer-deine-kueche\/","title":{"rendered":"Einrichtungs- und Deko-Ideen f\u00fcr deine K\u00fcche"},"content":{"rendered":"<p style=\"text-align: justify;\"><span style=\"color: #000000;\"><span style=\"font-family: 'Helvetica Neue', serif;\"><span style=\"font-size: small;\"><span style=\"font-family: Arial, serif;\">Die K\u00fcche ist neben dem Wohnzimmer h\u00e4ufig der Raum, in dem man sich am h\u00e4ufigsten und auch am l\u00e4ngsten aufh\u00e4lt. Hier k\u00f6nnen Sie sich ganz kreativ ausleben und zus\u00e4tzlich finden an dem Ort oft die besten Gespr\u00e4che statt. Auch kleine Feste k\u00f6nnen Sie hier feiern oder laden Sie sich ein paar Freunde ein und kochen Sie zusammen, das macht eine Menge Spa\u00df. Am besten sollte die K\u00fcche eine gewisse Lebensfreude ausstrahlen, sodass man sich dort gerne aufh\u00e4lt. Gleichzeitig muss sie jedoch auch eine sch\u00f6ne Optik mit der Funktionalit\u00e4t verbinden. Schlie\u00dflich soll die K\u00fcche nicht nur sch\u00f6n, sondern auch praktisch sein, da es dort einerseits gem\u00fctlich sein soll und sie ihre Funktion nat\u00fcrlich erf\u00fcllen muss. Aus diesem Grund sind besonders gro\u00dfe <a href=\"https:\/\/www.moebelliebling.de\/Esszimmer\/\" target=\"_blank\" rel=\"noopener\">Wohnk\u00fcchen<\/a> sehr beliebt, da sie das Leben und das Essen miteinander verbinden. Doch auch wenn Sie nur eine kleine Fl\u00e4che zur Verf\u00fcgung haben, k\u00f6nnen Sie diese wohnlich gestalten.<\/span><\/span><\/span><\/span><!--more--><\/p>\n<p style=\"text-align: justify;\"><span style=\"color: #000000;\"><span style=\"font-family: 'Helvetica Neue', serif;\"><span style=\"font-size: small;\"><span style=\"font-family: Arial, serif;\">In diesem Text erfahren Sie alles, was Sie \u00fcber die Einrichtung und das Dekorieren einer K\u00fcche wissen m\u00fcssen und worauf Sie dabei achten sollten.<\/span><\/span><\/span><\/span><\/p>\n<h2>Die Planung<\/h2>\n<p style=\"text-align: justify;\"><span style=\"color: #000000;\"><span style=\"font-family: 'Helvetica Neue', serif;\"><span style=\"font-size: small;\"><span style=\"font-family: Arial, serif;\">Bevor Sie mit dem Einrichten Ihrer K\u00fcche beginnen k\u00f6nnen, sollten Sie erst einmal ein paar wichtige Dinge planen. Dies erleichtert Ihnen sp\u00e4ter die Arbeit um einiges. Beim Kauf ist es au\u00dferdem auch nicht schlimm, wenn Sie sich ein wenig Zeit lassen, denn immerhin soll die Wahl gut \u00fcberlegt sein. Schlie\u00dflich kauft man sich nicht alle Tage eine K\u00fcche, sondern sie sollte m\u00f6glichst lange halten und einem auch m\u00f6glichst lange gefallen. Es kommt letztendlich ganz auf Ihren pers\u00f6nlichen Geschmack an, f\u00fcr welche K\u00fcche Sie sich entscheiden. M\u00f6chten Sie lieber eine Einbauk\u00fcche, in der schon alles enthalten ist, oder bevorzugen Sie eine Designerk\u00fcche mit einer separaten Kochinsel? Wenn Sie keine kompakte L\u00f6sung finden, die Ihnen komplett gef\u00e4llt, k\u00f6nnen Sie sich Ihre K\u00fcche auch aus einzelnen Modulen und Elementen zusammenbauen. Das f\u00e4ngt dann beim Ofen und dem Herd an und geht bis hin zum K\u00fchlschrank.<\/span><\/span><\/span><\/span><\/p>\n<h2>Stauraum in der K\u00fcche<\/h2>\n<p style=\"text-align: justify;\"><span style=\"color: #000000;\"><span style=\"font-family: 'Helvetica Neue', serif;\"><span style=\"font-size: small;\"><span style=\"font-family: Arial, serif;\">Stauraum ist in einer K\u00fcche sehr wichtig. Aus diesem Grund sollte Ihre K\u00fcche diesen auch bieten, denn schlie\u00dflich m\u00fcssen Sie Geschirr, T\u00f6pfe und K\u00fcchenutensilien unterkriegen. Zus\u00e4tzlich zu geschlossenen Schr\u00e4nken k\u00f6nnen Sie sich auch offene Regale zulegen. Hier k\u00f6nnen Sie dann zum Beispiel Gew\u00fcrze, Tee oder andere Dinge unterbringen, bei denen es nicht schlimm ist, wenn sie vielleicht mal ein wenig einstauben.<\/span><\/span><\/span><\/span><\/p>\n<p style=\"text-align: justify;\"><span style=\"color: #000000;\"><span style=\"font-family: 'Helvetica Neue', serif;\"><span style=\"font-size: small;\"><span style=\"font-family: Arial, serif;\">Auch ein Rollwagen kann in einer K\u00fcche sehr n\u00fctzlich sein, da er sowohl als Arbeitsplatz als auch als Ablagefl\u00e4che genutzt werden kann. Dadurch, dass er auf Rollen steht, k\u00f6nnen Sie ihn bei Bedarf einfach zur Seite schieben, sodass er nicht im Weg steht. Wer gerne Sachen selber baut, kann mit ein paar einfachen Regalbrettern auch einen Stauraum f\u00fcr T\u00f6pfe und Geschirr schaffen. Damit niemand sofort hineinsehen kann, k\u00f6nnen Sie noch einen Vorhang davorh\u00e4ngen. M\u00f6gen Sie es lieber ein bisschen ausgefallener, k\u00f6nnen Sie auch Weinkisten nutzen, um daraus ein Regal zu bauen.<\/span><\/span><\/span><\/span><\/p>\n<h2>Oberfl\u00e4chen und Materialien<\/h2>\n<p style=\"text-align: justify;\"><span style=\"color: #000000;\"><span style=\"font-family: 'Helvetica Neue', serif;\"><span style=\"font-size: small;\"><span style=\"font-family: Arial, serif;\">Welches Material Sie sich letztendlich f\u00fcr die Fronten Ihrer K\u00fcche aussuchen, h\u00e4ngt von Ihrem pers\u00f6nlichen Geschmack ab. Sie sind das, was die K\u00fcche ausmacht und eine dementsprechende Atmosph\u00e4re schafft. Sollen die Fronten aus Holz, Hochglanz oder aus Edelstahl sein? Auch wenn Sie im ersten Moment vielleicht nicht dar\u00fcber nachdenken, m\u00fcssen Sie auch entscheiden, ob Sie Griffe in Ihrer K\u00fcche haben m\u00f6chten oder nicht.<\/span><\/span><\/span><\/span><\/p>\n<p style=\"text-align: justify;\"><span style=\"color: #000000;\"><span style=\"font-family: 'Helvetica Neue', serif;\"><span style=\"font-size: small;\"><span style=\"font-family: Arial, serif;\">Das sind alles Dinge, die gekl\u00e4rt werden m\u00fcssen. Generell m\u00fcssen Sie sich \u00fcberlegen, was Sie eigentlich in Ihrer K\u00fcche unterbringen m\u00f6chten, da Sie dementsprechend viel Stauraum einplanen m\u00fcssen. Vielleicht hat der ein oder andere ein extra <a href=\"https:\/\/www.moebelliebling.de\/Esszimmer\/\" target=\"_blank\" rel=\"noopener\">Esszimmer<\/a> in seinem Haus oder seiner Wohnung, in dem er Geschirr, Besteck, T\u00f6pfe, Pfannen und \u00e4hnliches unterbringen m\u00f6chte. In einem solchen Fall ben\u00f6tigt man in der K\u00fcche dann nicht mehr so viel Stauraum.<\/span><\/span><\/span><\/span><\/p>\n<p style=\"text-align: justify;\"><span style=\"color: #000000;\"><span style=\"font-family: 'Helvetica Neue', serif;\"><span style=\"font-size: small;\"><span style=\"font-family: Arial, serif;\">In Bezug auf die Arbeitsfl\u00e4che gibt es viele verschiedene Oberfl\u00e4chen, zum Beispiel Marmor, Granit, Holz oder pflegeleichten Kunststoff. Alle Materialien haben dabei ihren ganz eigenen Charakter und passen sich auch optisch immer anders an den Raum an.<\/span><\/span><\/span><\/span><\/p>\n<p style=\"text-align: justify;\"><span style=\"color: #000000;\"><span style=\"font-family: 'Helvetica Neue', serif;\"><span style=\"font-size: small;\"><span style=\"font-family: Arial, serif;\">Qualit\u00e4t ist in bei einer K\u00fcche ein sehr wichtiges Stichwort, denn schlie\u00dflich soll sie auch ein paar Jahre halten. Auch hitzebest\u00e4ndig sollte sie sein und auch nicht unbedingt anf\u00e4llig f\u00fcr Kratzer. Auf den ersten Blick scheinen das wahrscheinlich alles Dinge zu sein, die \u00fcberfl\u00fcssig sind und nur mehr Geld kosten, doch im Endeffekt zahlt es sich aus. <\/span><\/span><\/span><\/span><\/p>\n<h2>Dekoideen f\u00fcr Ihre K\u00fcche<\/h2>\n<p style=\"text-align: justify;\"><span style=\"color: #000000;\"><span style=\"font-family: 'Helvetica Neue', serif;\"><span style=\"font-size: small;\"><span style=\"font-family: Arial, serif;\">Was das dekorieren angeht, ist im Prinzip alles erlaubt, was Ihnen gef\u00e4llt, also experimentieren Sie ruhig ein wenig herum. Gerne k\u00f6nnen Sie auch mit auff\u00e4lligen Akzenten arbeiten und ein paar Kontraste setzen. Es gibt jedoch eine Faustregel, an die Sie sich halten sollten: Kombinieren Sie entweder gleiche Muster, wie zum Beispiel das Blumenmuster in verschiedenen Farben oder mixen Sie verschiedene Muster in der gleichen Farbe. Sie sollten es jedoch verhindern, verschiedene Muster in verschiedenen Farben zu kombinieren, da es so sehr schnell unruhig wirken kann und optisch auch nicht unbedingt zusammenpasst. <\/span><\/span><\/span><\/span><\/p>\n","protected":false},"excerpt":{"rendered":"<p>Die K\u00fcche ist neben dem Wohnzimmer h\u00e4ufig der Raum, in dem man sich am h\u00e4ufigsten und auch am l\u00e4ngsten aufh\u00e4lt. Hier k\u00f6nnen Sie sich ganz kreativ ausleben und zus\u00e4tzlich finden an dem Ort oft die besten Gespr\u00e4che statt. Auch kleine Feste k\u00f6nnen Sie hier feiern oder laden Sie sich ein paar Freunde ein und kochen [&hellip;]<\/p>\n","protected":false},"author":8,"featured_media":12945,"comment_status":"closed","ping_status":"closed","sticky":false,"template":"","format":"standard","meta":{"footnotes":""},"categories":[593,3],"tags":[45,136,745,821,822,576,901,87,268,941,63,942],"class_list":["post-12911","post","type-post","status-publish","format-standard","has-post-thumbnail","hentry","category-dekoration","category-kueche","tag-deko","tag-dekoration","tag-funktionalitaet","tag-ideen","tag-inspiration","tag-kueche","tag-offen","tag-optik","tag-regale","tag-rollwagen","tag-stauraum","tag-weinkisten"],"amp_enabled":true,"_links":{"self":[{"href":"https:\/\/www.stilartmoebel.de\/zuhause-bei-sam\/wp-json\/wp\/v2\/posts\/12911","targetHints":{"allow":["GET"]}}],"collection":[{"href":"https:\/\/www.stilartmoebel.de\/zuhause-bei-sam\/wp-json\/wp\/v2\/posts"}],"about":[{"href":"https:\/\/www.stilartmoebel.de\/zuhause-bei-sam\/wp-json\/wp\/v2\/types\/post"}],"author":[{"embeddable":true,"href":"https:\/\/www.stilartmoebel.de\/zuhause-bei-sam\/wp-json\/wp\/v2\/users\/8"}],"replies":[{"embeddable":true,"href":"https:\/\/www.stilartmoebel.de\/zuhause-bei-sam\/wp-json\/wp\/v2\/comments?post=12911"}],"version-history":[{"count":7,"href":"https:\/\/www.stilartmoebel.de\/zuhause-bei-sam\/wp-json\/wp\/v2\/posts\/12911\/revisions"}],"predecessor-version":[{"id":15919,"href":"https:\/\/www.stilartmoebel.de\/zuhause-bei-sam\/wp-json\/wp\/v2\/posts\/12911\/revisions\/15919"}],"wp:featuredmedia":[{"embeddable":true,"href":"https:\/\/www.stilartmoebel.de\/zuhause-bei-sam\/wp-json\/wp\/v2\/media\/12945"}],"wp:attachment":[{"href":"https:\/\/www.stilartmoebel.de\/zuhause-bei-sam\/wp-json\/wp\/v2\/media?parent=12911"}],"wp:term":[{"taxonomy":"category","embeddable":true,"href":"https:\/\/www.stilartmoebel.de\/zuhause-bei-sam\/wp-json\/wp\/v2\/categories?post=12911"},{"taxonomy":"post_tag","embeddable":true,"href":"https:\/\/www.stilartmoebel.de\/zuhause-bei-sam\/wp-json\/wp\/v2\/tags?post=12911"}],"curies":[{"name":"wp","href":"https:\/\/api.w.org\/{rel}","templated":true}]}}