{"id":12832,"date":"2022-10-20T08:00:00","date_gmt":"2022-10-20T06:00:00","guid":{"rendered":"https:\/\/www.stilartmoebel.de\/zuhause-bei-sam\/?p=12832"},"modified":"2025-06-19T11:26:16","modified_gmt":"2025-06-19T09:26:16","slug":"nach-hygge-kommt-lagom","status":"publish","type":"post","link":"https:\/\/www.stilartmoebel.de\/zuhause-bei-sam\/nach-hygge-kommt-lagom\/","title":{"rendered":"Nach Hygge kommt Lagom"},"content":{"rendered":"<p style=\"text-align: justify;\"><span style=\"color: #000000;\"><span style=\"font-family: 'Helvetica Neue', serif;\"><span style=\"font-size: small;\"><span style=\"font-family: Arial, serif;\">Nachdem in den letzten Jahren der Trend Hygge aus Skandinavien zu uns nach Deutschland herunterzog, kommt nun der n\u00e4chste Trend. Dieses Mal handelt es sich um Lagom, ein neuer Lebensstil, der Gl\u00fcck garantiert. Die meisten von Ihnen werden dieses Wort noch nie geh\u00f6rt haben. Doch nach diesem Text werden Sie vielleicht sogar Gefallen daran gefunden haben und lassen diesen Stil auch bei sich einziehen.<\/span><\/span><\/span><\/span><!--more--><\/p>\n<p style=\"text-align: justify;\"><span style=\"color: #000000;\"><span style=\"font-family: 'Helvetica Neue', serif;\"><span style=\"font-size: small;\"><span style=\"font-family: Arial, serif;\">In diesem Text erfahren Sie alles, was Sie \u00fcber den neuen Trend aus Skandinavien wissen m\u00fcssen und wie Sie ihn auch in Ihre eigenen vier W\u00e4nde holen.<\/span><\/span><\/span><\/span><\/p>\n<h2 style=\"text-align: justify;\"><span style=\"color: #000000;\"><span style=\"font-family: 'Helvetica Neue', serif;\"><span style=\"font-size: small;\"><span style=\"font-family: Arial, serif;\">Was ist Lagom \u00fcberhaupt?<\/span><\/span><\/span><\/span><\/h2>\n<p style=\"text-align: justify;\"><span style=\"color: #000000;\"><span style=\"font-family: 'Helvetica Neue', serif;\"><span style=\"font-size: small;\"><span style=\"font-family: Arial, serif;\">Lagom ist ein neuer Trend, welcher langsam vom hohen Norden aus zu uns gelangt und immer mehr Menschen erreicht. Doch was genau ist das eigentlich? Lagom beschreibt in erster Linie ein Lebensgef\u00fchl, welches es auf die goldene Mitte abgesehen hat. Frei \u00fcbersetzt bedeutet das Wort Lagom so viel wie \u201egenau richtig\u201c oder \u201enicht zu viel und nicht zu wenig\u201c. Damit ist die Balance aller Dinge gemeint. Und zwar nicht nur in Bezug auf das Einrichten und Wohnen, sondern in Bezug auf das ganze Leben. Es geht vielmehr um das nachhaltige und bewusste Leben, welches uns dann mit innerer Zufriedenheit belohnt.<\/span><\/span><\/span><\/span><\/p>\n<p style=\"text-align: justify;\"><span style=\"color: #000000;\"><span style=\"font-family: 'Helvetica Neue', serif;\"><span style=\"font-size: small;\"><span style=\"font-family: Arial, serif;\">Wenn Sie sich mit dem Land Schweden ein wenig auskennen, dann wissen Sie, dass die Menschen dort eine sehr positive Lebenseinstellung haben. Da passt dieser neue Trend nat\u00fcrlich sehr gut rein. Lagom steht au\u00dferdem auch daf\u00fcr, dass man mit dem zufrieden und gl\u00fccklich sein soll, was man hat und nicht mehr braucht. Es soll also nicht im \u00dcberfluss gelebt werden, nicht auf das Besondere gewartet werden, sondern man soll sich auf das Wichtigste beschr\u00e4nken. Zu den wichtigen Dingen z\u00e4hlen zum einen die Finanzen, die Umwelt, Beziehungen mit anderen Menschen und schlie\u00dflich auch sich selbst. Das alles f\u00fchrt dann zu Gl\u00fcck.<\/span><\/span><\/span><\/span><\/p>\n<h2 style=\"text-align: justify;\"><span style=\"color: #000000;\"><span style=\"font-family: 'Helvetica Neue', serif;\"><span style=\"font-size: small;\"><span style=\"font-family: Arial, serif;\">Lagom in die eigenen vier W\u00e4nde holen<\/span><\/span><\/span><\/span><\/h2>\n<p style=\"text-align: justify;\"><span style=\"color: #000000;\"><span style=\"font-family: 'Helvetica Neue', serif;\"><span style=\"font-size: small;\"><span style=\"font-family: Arial, serif;\">Einige von Ihnen werden mittlerweile vielleicht Gefallen an dem neuen Trend gefunden haben und fragen sich nun, wie sie genau diesen Trend in ihre eigenen vier W\u00e4nde holen k\u00f6nnen.<\/span><\/span><\/span><\/span><\/p>\n<p style=\"text-align: justify;\"><span style=\"color: #000000;\"><span style=\"font-family: 'Helvetica Neue', serif;\"><span style=\"font-size: small;\"><span style=\"font-family: Arial, serif;\">Die Einrichtung nach Lagom ist auf dem Konzept ausgelegt, dass man mit nicht zu viel, aber auch nicht zu wenig wohnt. Die R\u00e4ume sollten also nicht vollgestellt oder \u00fcberf\u00fcllt werden, weder mit Farben oder Accessoires, noch mit M\u00f6beln.<\/span><\/span><\/span><\/span><\/p>\n<p style=\"text-align: justify;\"><span style=\"color: #000000;\"><span style=\"font-family: 'Helvetica Neue', serif;\"><span style=\"font-size: small;\"><span style=\"font-family: Arial, serif;\">Wer jetzt allerdings denkt, dass der Trend Lagom schon fast dem Minimalismus gleicht, liegt falsch. Man soll zwar mit wenig leben und zufrieden sein, jedoch auch nicht mit zu wenig, schlie\u00dflich soll man uneingeschr\u00e4nkt leben k\u00f6nnen. Leere R\u00e4ume wirken sehr schnell kalt und man f\u00fchlt sich nicht wirklich wohl, was nicht so ganz zum Trend passt. Gem\u00fctlichkeit im Wohnbereich darf auch bei Lagom nicht fehlen, auch wenn sie hierbei vielleicht nicht den Stellenwert hat, wie es in manch anderen Einrichtungsstilen der Fall ist.<\/span><\/span><\/span><\/span><\/p>\n<h2 style=\"text-align: justify;\"><span style=\"color: #000000;\"><span style=\"font-family: 'Helvetica Neue', serif;\"><span style=\"font-size: small;\"><span style=\"font-family: Arial, serif;\">Funktionalitat und Qualit\u00e4t<\/span><\/span><\/span><\/span><\/h2>\n<p style=\"text-align: justify;\"><span style=\"color: #000000;\"><span style=\"font-family: 'Helvetica Neue', serif;\"><span style=\"font-size: small;\"><span style=\"font-family: Arial, serif;\">Ein weiteres Wort, \u00fcber das Sie stolpern werden, wenn Sie sich \u00fcber den neuen Trend aus dem Norden informieren ist Funktionalit\u00e4t. Unsere Einrichtung sollte auf unser Leben abgestimmt sein und einen bestimmten Sinn und Zweck erf\u00fcllen. Versch\u00f6nernde oder unn\u00f6tige M\u00f6belst\u00fccke sind hier also nicht gerne gesehen. Das bedeutet jedoch nicht, dass Accessoires wie zum Beispiel Vasen nicht erlaubt sind. Wichtig ist hierbei jedoch die Menge, denn wer braucht schon viele verschiedene Vasen in den unterschiedlichsten Farben auf der Fensterbank?<\/span><\/span><\/span><\/span><\/p>\n<p style=\"text-align: justify;\"><span style=\"color: #000000;\"><span style=\"font-family: 'Helvetica Neue', serif;\"><span style=\"font-size: small;\"><span style=\"font-family: Arial, serif;\">Sowohl bei den Wohnaccessoires, als auch bei den M\u00f6beln gilt au\u00dferdem das Motto: \u201eQualit\u00e4t vor Quantit\u00e4t\u201c. Bevorzugte Materialen in Bezug auf die M\u00f6bel sind hier <a href=\"https:\/\/www.moebelliebling.de\/\" target=\"_blank\" rel=\"noopener\">nat\u00fcrliche Materialien wie Holz<\/a> oder Wolle, die umweltfreundlich verarbeitet werden.<\/span><\/span><\/span><\/span><\/p>\n<p style=\"text-align: justify;\"><span style=\"color: #000000;\"><span style=\"font-family: 'Helvetica Neue', serif;\"><span style=\"font-size: small;\"><span style=\"font-family: Arial, serif;\">Farben spielen bei diesem Trend auch eine wichtige Rolle. Die M\u00f6bel, Teppiche, Accessoires und die Farbe der Wand sollten aufeinander abgestimmt sein. Das bedeutet, dass sie aus einer Farbfamilie stammen sollten. F\u00fcr eine ruhige Atmosph\u00e4re im Sinne von Lagom sind neutrale T\u00f6ne am besten geeignet.<\/span><\/span><\/span><\/span><\/p>\n<h2 style=\"text-align: justify;\"><span style=\"color: #000000;\"><span style=\"font-family: 'Helvetica Neue', serif;\"><span style=\"font-size: small;\"><span style=\"font-family: Arial, serif;\">Lagom bezieht sich nicht nur auf die Einrichtung<\/span><\/span><\/span><\/span><\/h2>\n<p style=\"text-align: justify;\"><span style=\"color: #000000;\"><span style=\"font-family: 'Helvetica Neue', serif;\"><span style=\"font-size: small;\"><span style=\"font-family: Arial, serif;\">Der Trend Lagom ist so vielseitig, dass er sich nicht nur auf die Einrichtung bezieht. Auch im Arbeitsleben zum Beispiel zeigt sich dieser Trend. Hier werden Zuverl\u00e4ssigkeit und Verantwortung sehr gro\u00dfgeschrieben. Lagom ermutigt die Leute sogar dazu, auch Gespr\u00e4che \u00fcber eher komplexere Themen wie Politik oder Geld zu vermeiden, damit keine Konflikte entstehen. Dinge, die zur menschlichen Natur geh\u00f6ren, wie zum Beispiel der Toilettengang oder die Sexualit\u00e4t werden hingegen ohne irgendwelche Einschr\u00e4nkungen diskutiert. <\/span><\/span><\/span><\/span><\/p>\n<p style=\"text-align: justify;\"><span style=\"color: #000000;\"><span style=\"font-family: 'Helvetica Neue', serif;\"><span style=\"font-size: small;\"><span style=\"font-family: Arial, serif;\">Lagom soll einen sogar dazu ermutigen, in einem Restaurant die Rechnung selber zu zahlen, auch bei einem Date. Sogar Paare, die schon seit vielen Jahren zusammen sind und wom\u00f6glich auch schon Kinder haben, zahlen weiterhin getrennt. Das liegt vor allem daran, dass die Schweden allgemein Gef\u00e4lligkeiten sofort ausgleichen m\u00f6chten, um niemandem etwas schuldig zu sein, erst recht nicht finanziell.<\/span><\/span><\/span><\/span><\/p>\n<p style=\"text-align: justify;\"><span style=\"color: #000000;\"><span style=\"font-family: 'Helvetica Neue', serif;\"><span style=\"font-size: small;\"><span style=\"font-family: Arial, serif;\">Viele Schweden leben nach diesem sogenannten Trend, welcher aber wohl eher zu einer Art Lebensweise geworden ist. Vielleicht ist er zumindest in Teilen ja auch etwas f\u00fcr Sie?<br \/>\n<\/span><\/span><\/span><\/span><\/p>\n","protected":false},"excerpt":{"rendered":"<p>Nachdem in den letzten Jahren der Trend Hygge aus Skandinavien zu uns nach Deutschland herunterzog, kommt nun der n\u00e4chste Trend. Dieses Mal handelt es sich um Lagom, ein neuer Lebensstil, der Gl\u00fcck garantiert. Die meisten von Ihnen werden dieses Wort noch nie geh\u00f6rt haben. Doch nach diesem Text werden Sie vielleicht sogar Gefallen daran gefunden [&hellip;]<\/p>\n","protected":false},"author":10,"featured_media":12858,"comment_status":"closed","ping_status":"closed","sticky":false,"template":"","format":"standard","meta":{"footnotes":""},"categories":[600,1,591],"tags":[875,874,872,873,876,48,353,769],"class_list":["post-12832","post","type-post","status-publish","format-standard","has-post-thumbnail","hentry","category-einrichtungs-trends","category-mein-zuhause","category-stilrichtungen","tag-balance","tag-glueck","tag-lagom","tag-minimalismus","tag-nicht-zu-viel-nicht-zu-wenig","tag-ordnung","tag-trend","tag-wohlfuehlen"],"amp_enabled":true,"_links":{"self":[{"href":"https:\/\/www.stilartmoebel.de\/zuhause-bei-sam\/wp-json\/wp\/v2\/posts\/12832","targetHints":{"allow":["GET"]}}],"collection":[{"href":"https:\/\/www.stilartmoebel.de\/zuhause-bei-sam\/wp-json\/wp\/v2\/posts"}],"about":[{"href":"https:\/\/www.stilartmoebel.de\/zuhause-bei-sam\/wp-json\/wp\/v2\/types\/post"}],"author":[{"embeddable":true,"href":"https:\/\/www.stilartmoebel.de\/zuhause-bei-sam\/wp-json\/wp\/v2\/users\/10"}],"replies":[{"embeddable":true,"href":"https:\/\/www.stilartmoebel.de\/zuhause-bei-sam\/wp-json\/wp\/v2\/comments?post=12832"}],"version-history":[{"count":6,"href":"https:\/\/www.stilartmoebel.de\/zuhause-bei-sam\/wp-json\/wp\/v2\/posts\/12832\/revisions"}],"predecessor-version":[{"id":15739,"href":"https:\/\/www.stilartmoebel.de\/zuhause-bei-sam\/wp-json\/wp\/v2\/posts\/12832\/revisions\/15739"}],"wp:featuredmedia":[{"embeddable":true,"href":"https:\/\/www.stilartmoebel.de\/zuhause-bei-sam\/wp-json\/wp\/v2\/media\/12858"}],"wp:attachment":[{"href":"https:\/\/www.stilartmoebel.de\/zuhause-bei-sam\/wp-json\/wp\/v2\/media?parent=12832"}],"wp:term":[{"taxonomy":"category","embeddable":true,"href":"https:\/\/www.stilartmoebel.de\/zuhause-bei-sam\/wp-json\/wp\/v2\/categories?post=12832"},{"taxonomy":"post_tag","embeddable":true,"href":"https:\/\/www.stilartmoebel.de\/zuhause-bei-sam\/wp-json\/wp\/v2\/tags?post=12832"}],"curies":[{"name":"wp","href":"https:\/\/api.w.org\/{rel}","templated":true}]}}