{"id":12826,"date":"2018-05-11T08:00:41","date_gmt":"2018-05-11T06:00:41","guid":{"rendered":"https:\/\/www.stilartmoebel.de\/zuhause-bei-sam\/?p=12826"},"modified":"2025-07-01T13:59:45","modified_gmt":"2025-07-01T11:59:45","slug":"wie-kombiniert-man-wandfarben-mit-moebeln","status":"publish","type":"post","link":"https:\/\/www.stilartmoebel.de\/zuhause-bei-sam\/wie-kombiniert-man-wandfarben-mit-moebeln\/","title":{"rendered":"Wie kombiniert man Wandfarben mit M\u00f6beln?"},"content":{"rendered":"<p style=\"text-align: justify;\"><span style=\"color: #000000;\"><span style=\"font-family: 'Helvetica Neue', serif;\"><span style=\"font-size: small;\"><span style=\"font-family: Arial, serif;\">Farben wirken immer, egal ob man es will oder nicht. Zus\u00e4tzlich erzeugen sie auch noch Stimmungen, die vor allem beim Gestalten eines Hauses oder einer Wohnung eine sehr gro\u00dfe Rolle spielen. Farben entscheiden au\u00dferdem auch dar\u00fcber, ob und wenn ja, wie wohl man sich f\u00fchlt und wie produktiv man ist. Das mag im ersten Moment vielleicht ein wenig komisch klingen, ist aber tats\u00e4chlich so. Doch Sie sollten sich vorher einige Gedanken machen, denn nicht alle Wandfarben passen mit ihrer Wirkung auch in jedes Zimmer. Vor allem: Manche Farben sollten wirklich nur sehr sparsam genutzt werden.<\/span><\/span><\/span><\/span><!--more--><\/p>\n<p style=\"text-align: justify;\"><span style=\"color: #000000;\"><span style=\"font-family: 'Helvetica Neue', serif;\"><span style=\"font-size: small;\"><span style=\"font-family: Arial, serif;\">In einem Zuhause gibt es in den meisten F\u00e4llen eine bunte Mischung aus M\u00f6beln, Haushaltsger\u00e4ten und Deko-Artikeln. Au\u00dferdem kommt dann noch die Farbe von T\u00fcren, Fenstern, B\u00f6den, W\u00e4nden und Decken hinzu. Diese ganzen Farben sollen nat\u00fcrlich miteinander harmonieren und eine angenehme Optik kreieren. So k\u00f6nnen Sie zum Beispiel durch das <a href=\"https:\/\/www.moebelliebling.de\/blog\/trendfarben-tischkombinationen-2025-so-stylst-du-deinen-baumkantentisch-richtig\" target=\"_blank\" rel=\"noopener\">\u00c4ndern der Wandfarben oder der Farbe bestimmter M\u00f6belst\u00fccke<\/a> eine ganz neue Atmosph\u00e4re kreieren.<\/span><\/span><\/span><\/span><\/p>\n<p style=\"text-align: justify;\"><span style=\"color: #000000;\"><span style=\"font-family: 'Helvetica Neue', serif;\"><span style=\"font-size: small;\"><span style=\"font-family: Arial, serif;\">In diesem Text erfahren Sie alles, was Sie \u00fcber die <a href=\"https:\/\/www.moebelliebling.de\/blog\/wohnpsychologie-was-deine-moebel-ueber-dich-verraten\" target=\"_blank\" rel=\"noopener\">Kombination von Wandfarben und M\u00f6beln<\/a> wissen m\u00fcssen und was Sie dabei auf jeden Fall beachten sollten.<\/span><\/span><\/span><\/span><\/p>\n<h2 style=\"text-align: justify;\"><span style=\"color: #000000;\"><span style=\"font-family: 'Helvetica Neue', serif;\"><span style=\"font-size: small;\"><span style=\"font-family: Arial, serif;\">Einrichten mit der Farbe Braun<\/span><\/span><\/span><\/span><\/h2>\n<p style=\"text-align: justify;\"><span style=\"color: #000000;\"><span style=\"font-family: 'Helvetica Neue', serif;\"><span style=\"font-size: small;\"><span style=\"font-family: Arial, serif;\">Wenn man an die Farbe Braun denkt, denken die meisten Menschen sofort an Holz, Natur und Erde. Andere wiederum gehen ein wenig tiefer und denken an W\u00e4rme, Geborgenheit und Ruhe. Fest steht jedoch, dass man bei der Farbe Braun sofort an positive Dinge denkt. Vor allem aus diesem Grund ist sie als Wohnfarbe sehr beliebt, da sie in der Einrichtung sehr wohnlich und gem\u00fctlich wirkt. Besonders angenehm wirkt Braun, wenn es im Raum auch noch nat\u00fcrliche Materialien wie Stein oder Holz gibt. Das kann von den Fliesen \u00fcber Tische und Schr\u00e4nke bis hin zur Verkleidung der Wand gehen. <\/span><\/span><\/span><\/span><\/p>\n<p style=\"text-align: justify;\"><span style=\"color: #000000;\"><span style=\"font-family: 'Helvetica Neue', serif;\"><span style=\"font-size: small;\"><span style=\"font-family: Arial, serif;\">Noch dazu l\u00e4sst sich Braun sehr gut mit anderen Farben kombinieren und je nach Kombination werden unterschiedliche Stimmungen erzeugt. <\/span><\/span><\/span><\/span><\/p>\n<h3 style=\"text-align: justify;\"><span style=\"color: #000000;\"><span style=\"font-family: 'Helvetica Neue', serif;\"><span style=\"font-size: small;\"><span style=\"font-family: Arial, serif;\"><u>Wandfarben-Kombination Braun mit Wei\u00df oder Creme<\/u><\/span><\/span><\/span><\/span><\/h3>\n<p style=\"text-align: justify;\"><span style=\"color: #000000;\"><span style=\"font-family: 'Helvetica Neue', serif;\"><span style=\"font-size: small;\"><span style=\"font-family: Arial, serif;\">Sollten Sie sehr dunkle Braunt\u00f6ne lieben und diese auch in Ihrer Wohnung haben wollen, dann w\u00e4re es ratsam, diese mit helleren Farbt\u00f6nen zu kombinieren, da der Raum ansonsten schnell zu dunkel wirkt. Durch die hellen T\u00f6ne wirkt der Raum dann freundlicher und einladender. Als helle T\u00f6ne eignen sich ein strahlendes Wei\u00df und Cremet\u00f6ne besonders gut.<\/span><\/span><\/span><\/span><\/p>\n<h3 style=\"text-align: justify;\"><span style=\"color: #000000;\"><span style=\"font-family: 'Helvetica Neue', serif;\"><span style=\"font-size: small;\"><span style=\"font-family: Arial, serif;\"><u>Braun mit Blau<\/u><\/span><\/span><\/span><\/span><\/h3>\n<p style=\"text-align: justify;\"><span style=\"color: #000000;\"><span style=\"font-family: 'Helvetica Neue', serif;\"><span style=\"font-size: small;\"><span style=\"font-family: Arial, serif;\">Bei der Farbkombination von Braun und Blau werden h\u00e4ufig M\u00f6bel in Hellbraun gew\u00e4hlt und diese dann mit Accessoires in Hellblau kombiniert. Hellbraun l\u00e4sst sich sehr gut mit verschiedenen Farben kombinieren und wirkt dabei immer einladend. <\/span><\/span><\/span><\/span><\/p>\n<h3 style=\"text-align: justify;\"><span style=\"color: #000000;\"><span style=\"font-family: 'Helvetica Neue', serif;\"><span style=\"font-size: small;\"><span style=\"font-family: Arial, serif;\"><u>Braun mit Grau<\/u><\/span><\/span><\/span><\/span><\/h3>\n<p style=\"text-align: justify;\"><span style=\"color: #000000;\"><span style=\"font-family: 'Helvetica Neue', serif;\"><span style=\"font-size: small;\"><span style=\"font-family: Arial, serif;\">Einen hellen Braunton k\u00f6nnen Sie au\u00dferdem auch sehr gut mit einem k\u00fchlen Grau wie zum Beispiel von Aluminium kombinieren. Farbakzente k\u00f6nnen Sie hier vor allem mit blauen T\u00f6nen setzen.<\/span><\/span><\/span><\/span><\/p>\n<h3 style=\"text-align: justify;\"><span style=\"color: #000000;\"><span style=\"font-family: 'Helvetica Neue', serif;\"><span style=\"font-size: small;\"><span style=\"font-family: Arial, serif;\"><u>Braun und Gr\u00fcn<\/u><\/span><\/span><\/span><\/span><\/h3>\n<p style=\"text-align: justify;\"><span style=\"color: #000000;\"><span style=\"font-family: 'Helvetica Neue', serif;\"><span style=\"font-size: small;\"><span style=\"font-family: Arial, serif;\">Warme Braunt\u00f6ne kommen besonders durch die Kombination mit zarten Gr\u00fcnt\u00f6nen sehr gut zur Geltung.<\/span><\/span><\/span><\/span><\/p>\n<h2 style=\"text-align: justify;\"><span style=\"color: #000000;\"><span style=\"font-family: 'Helvetica Neue', serif;\"><span style=\"font-size: small;\"><span style=\"font-family: Arial, serif;\">In Wei\u00df wohnen<\/span><\/span><\/span><\/span><\/h2>\n<p style=\"text-align: justify;\"><span style=\"color: #000000;\"><span style=\"font-family: 'Helvetica Neue', serif;\"><span style=\"font-size: small;\"><span style=\"font-family: Arial, serif;\">Wei\u00df ist eine Farbe, die wirklich immer geht und aus genau diesem Grund auch sehr beliebt ist. Sie l\u00e4sst sich mit allen anderen Farben des Wohnens kombinieren, ganz egal ob es eine knallige oder eine eher leichte Farbe ist. <\/span><\/span><\/span><\/span><\/p>\n<p style=\"text-align: justify;\"><span style=\"color: #000000;\"><span style=\"font-family: 'Helvetica Neue', serif;\"><span style=\"font-size: small;\"><span style=\"font-family: Arial, serif;\">Wie jede andere Farbe schafft auch die Farbe Wei\u00df ein besonderes Gef\u00fchl und zwar von Licht, Klarheit, Weite und Ruhe. Je nachdem, mit welcher Farbe man das Wei\u00df kombiniert, hat es immer eine andere Wirkung. <\/span><\/span><\/span><\/span><\/p>\n<p style=\"text-align: justify;\"><span style=\"color: #000000;\"><span style=\"font-family: 'Helvetica Neue', serif;\"><span style=\"font-size: small;\"><span style=\"font-family: Arial, serif;\">Wei\u00df sorgt au\u00dferdem f\u00fcr eine gewisse Grundstimmung. Jedoch kann es schnell passieren, dass der Raum langweilig wirkt, wenn \u00fcberall nur Wei\u00df ist. Es reichen aber schon kleine farbliche Akzente, die den Raum ein wenig spannender wirken lassen. <\/span><\/span><\/span><\/span><\/p>\n<p style=\"text-align: justify;\"><span style=\"color: #000000;\"><span style=\"font-family: 'Helvetica Neue', serif;\"><span style=\"font-size: small;\"><span style=\"font-family: Arial, serif;\">Durch den Kontrast mit Grau oder Schwarz wirkt der Raum sehr modern, wohingegen leuchtende Farben wie Gr\u00fcn, Rot oder Geld den Raum fr\u00f6hlich und lebendig wirken lassen.<\/span><\/span><\/span><\/span><\/p>\n<p style=\"text-align: justify;\"><span style=\"color: #000000;\"><span style=\"font-family: 'Helvetica Neue', serif;\"><span style=\"font-size: small;\"><span style=\"font-family: Arial, serif;\">Vor allem, wenn Sie Holz-T\u00f6ne bevorzugen, eignet sich Wei\u00df sehr gut f\u00fcr Ihre Wohnung. Egal ob dunkles Eichenholz oder heller Kiefer &#8211; Wei\u00df passt einfach zu allem.<\/span><\/span><\/span><\/span><\/p>\n<h2 style=\"text-align: justify;\"><span style=\"color: #000000;\"><span style=\"font-family: 'Helvetica Neue', serif;\"><span style=\"font-size: small;\"><span style=\"font-family: Arial, serif;\">Die Farbe Rot<\/span><\/span><\/span><\/span><\/h2>\n<p style=\"text-align: justify;\"><span style=\"color: #000000;\"><span style=\"font-family: 'Helvetica Neue', serif;\"><span style=\"font-size: small;\"><span style=\"font-family: Arial, serif;\">Die Farbe Rot hat eine Wirkung wie keine andere, so voller Energie und gleichzeitig doch so sinnlich. Egal in welchem Raum, eine rote Wand setzt den Raum immer perfekt in Szene und ist auf jeden Fall ein echter Hingucker.<\/span><\/span><\/span><\/span><\/p>\n<p style=\"text-align: justify;\"><span style=\"color: #000000;\"><span style=\"font-family: 'Helvetica Neue', serif;\"><span style=\"font-size: small;\"><span style=\"font-family: Arial, serif;\">Die Mutigen unter Ihnen werden sich vielleicht sogar an die Kombination verschiedener Wandfarben in Rot- und Rosat\u00f6nen wagen. Es ist vielleicht nicht jedermanns Sache, sieht aber dennoch super aus.<\/span><\/span><\/span><\/span><\/p>\n<p style=\"text-align: justify;\"><span style=\"color: #000000;\"><span style=\"font-family: 'Helvetica Neue', serif;\"><span style=\"font-size: small;\"><span style=\"font-family: Arial, serif;\">Besonders beliebt ist die rote Farbe auch, da sie einen Raum sofort um ein paar Grad w\u00e4rmer erscheinen l\u00e4sst. <\/span><\/span><\/span><\/span><\/p>\n<h2 style=\"text-align: justify;\"><span style=\"color: #000000;\"><span style=\"font-family: 'Helvetica Neue', serif;\"><span style=\"font-size: small;\"><span style=\"font-family: Arial, serif;\">Die Farbe Grau<\/span><\/span><\/span><\/span><\/h2>\n<p style=\"text-align: justify;\"><span style=\"color: #000000;\"><span style=\"font-family: 'Helvetica Neue', serif;\"><span style=\"font-size: small;\"><span style=\"font-family: Arial, serif;\">Auch die Farbe Grau findet man in sehr vielen Wohnungen, da auch diese Farbe eine gewisse W\u00e4rme ausstrahlt und sich sehr gut mit anderen Farben kombinieren l\u00e4sst. Es ist zwar keine allt\u00e4gliche Farbe in Bezug auf M\u00f6bel, doch ein senfgelbes M\u00f6belst\u00fcck sieht vor einer grauen Wand sehr edel und hochwertig aus. <\/span><\/span><\/span><\/span><\/p>\n","protected":false},"excerpt":{"rendered":"<p>Farben wirken immer, egal ob man es will oder nicht. Zus\u00e4tzlich erzeugen sie auch noch Stimmungen, die vor allem beim Gestalten eines Hauses oder einer Wohnung eine sehr gro\u00dfe Rolle spielen. Farben entscheiden au\u00dferdem auch dar\u00fcber, ob und wenn ja, wie wohl man sich f\u00fchlt und wie produktiv man ist. Das mag im ersten Moment [&hellip;]<\/p>\n","protected":false},"author":7,"featured_media":12849,"comment_status":"closed","ping_status":"closed","sticky":false,"template":"","format":"standard","meta":{"footnotes":""},"categories":[587,1],"tags":[859,559,811,575,829,858,1422,857],"class_list":["post-12826","post","type-post","status-publish","format-standard","has-post-thumbnail","hentry","category-einrichtungs-tipps","category-mein-zuhause","tag-farbkombination","tag-harmonie","tag-kombination","tag-moebel","tag-tipps","tag-wandfarbe","tag-wandfarben","tag-wirkung"],"amp_enabled":true,"_links":{"self":[{"href":"https:\/\/www.stilartmoebel.de\/zuhause-bei-sam\/wp-json\/wp\/v2\/posts\/12826","targetHints":{"allow":["GET"]}}],"collection":[{"href":"https:\/\/www.stilartmoebel.de\/zuhause-bei-sam\/wp-json\/wp\/v2\/posts"}],"about":[{"href":"https:\/\/www.stilartmoebel.de\/zuhause-bei-sam\/wp-json\/wp\/v2\/types\/post"}],"author":[{"embeddable":true,"href":"https:\/\/www.stilartmoebel.de\/zuhause-bei-sam\/wp-json\/wp\/v2\/users\/7"}],"replies":[{"embeddable":true,"href":"https:\/\/www.stilartmoebel.de\/zuhause-bei-sam\/wp-json\/wp\/v2\/comments?post=12826"}],"version-history":[{"count":6,"href":"https:\/\/www.stilartmoebel.de\/zuhause-bei-sam\/wp-json\/wp\/v2\/posts\/12826\/revisions"}],"predecessor-version":[{"id":15939,"href":"https:\/\/www.stilartmoebel.de\/zuhause-bei-sam\/wp-json\/wp\/v2\/posts\/12826\/revisions\/15939"}],"wp:featuredmedia":[{"embeddable":true,"href":"https:\/\/www.stilartmoebel.de\/zuhause-bei-sam\/wp-json\/wp\/v2\/media\/12849"}],"wp:attachment":[{"href":"https:\/\/www.stilartmoebel.de\/zuhause-bei-sam\/wp-json\/wp\/v2\/media?parent=12826"}],"wp:term":[{"taxonomy":"category","embeddable":true,"href":"https:\/\/www.stilartmoebel.de\/zuhause-bei-sam\/wp-json\/wp\/v2\/categories?post=12826"},{"taxonomy":"post_tag","embeddable":true,"href":"https:\/\/www.stilartmoebel.de\/zuhause-bei-sam\/wp-json\/wp\/v2\/tags?post=12826"}],"curies":[{"name":"wp","href":"https:\/\/api.w.org\/{rel}","templated":true}]}}