{"id":12822,"date":"2018-05-05T08:00:21","date_gmt":"2018-05-05T06:00:21","guid":{"rendered":"https:\/\/www.stilartmoebel.de\/zuhause-bei-sam\/?p=12822"},"modified":"2025-07-01T14:06:28","modified_gmt":"2025-07-01T12:06:28","slug":"rattanmoebel-ein-besonderer-stil","status":"publish","type":"post","link":"https:\/\/www.stilartmoebel.de\/zuhause-bei-sam\/rattanmoebel-ein-besonderer-stil\/","title":{"rendered":"Rattanm\u00f6bel &#8211; ein besonderer Stil"},"content":{"rendered":"<p><span style=\"color: #000000;\"><span style=\"font-family: 'Helvetica Neue', serif;\"><span style=\"font-size: small;\"><span style=\"font-family: Arial, serif;\">Rattan ist ein sehr beliebtes Material, welches vor allem f\u00fcr <a href=\"https:\/\/www.moebelliebling.de\/Garten-Balkon\/\" target=\"_blank\" rel=\"noopener\">Gartenm\u00f6bel<\/a> gerne verwendet wird. Wenn die Temperaturen steigen und die Sonne wieder scheint, m\u00f6chte man so viel Zeit wie m\u00f6glich an der frischen Luft verbringen. Daf\u00fcr wird der Garten, der Balkon oder die Terrasse dann ein wenig aufgefrischt und fertig gemacht. Gartenm\u00f6bel laden dann zum Verweilen und Entspannen ein und bieten die perfekte Sitzgelegenheit. Zum Beispiel f\u00fcr eine Garten- oder Grillparty mit der Familie, Freunden oder den lieben Nachbarn.<\/span><\/span><\/span><\/span><!--more--><\/p>\n<p><span style=\"color: #000000;\"><span style=\"font-family: 'Helvetica Neue', serif;\"><span style=\"font-size: small;\"><span style=\"font-family: Arial, serif;\">Noch dazu ist Rattan ein Naturprodukt, welches sehr beliebt ist und dieses Material \u00fcberzeugt vor allem dadurch, dass es sehr nat\u00fcrlich, leicht und dennoch stabil ist.<\/span><\/span><\/span><\/span><\/p>\n<p><span style=\"color: #000000;\"><span style=\"font-family: 'Helvetica Neue', serif;\"><span style=\"font-size: small;\"><span style=\"font-family: Arial, serif;\">In diesem Text erfahren Sie alles, was Sie \u00fcber die Rattanm\u00f6bel wissen sollten und was bei einem Kauf dieser M\u00f6bel zu beachten ist.<\/span><\/span><\/span><\/span><\/p>\n<h2><span style=\"color: #000000;\"><span style=\"font-family: 'Helvetica Neue', serif;\"><span style=\"font-size: small;\"><span style=\"font-family: Arial, serif;\">Das Material Rattan<\/span><\/span><\/span><\/span><\/h2>\n<p><span style=\"color: #000000;\"><span style=\"font-family: 'Helvetica Neue', serif;\"><span style=\"font-size: small;\"><span style=\"font-family: Arial, serif;\">Rattan beziehungsweise die daraus gefertigten M\u00f6bel werden aus einer ostasiatischen Rotangpalme hergestellt. Die Lianen der Palme sind bis zu 200 Meter lang und haben einen Durchmesser von 1 bis 5 Zentimeter. Der Begriff Rattan beschreibt hier in Deutschland dann den verholzten Trieb der Liane oder deren Au\u00dfenhaut. Den Kern dieser Triebe nennt man Peddigrohr. F\u00fcr die Herstellung von M\u00f6beln werden in den meisten F\u00e4llen die stabilen St\u00e4mme verwendet. Um geflochtene M\u00f6bel wie zum Beispiel Bettrahmen, St\u00fchle oder M\u00f6bel f\u00fcr die Terrasse oder den Balkon herstellen zu k\u00f6nnen, werden ca. 5 m lange Streifen aus der Sprossoberfl\u00e4che der Lianen geschnitten und dann weiterverarbeitet<br \/>\n<\/span><\/span><\/span><\/span><\/p>\n<p><span style=\"color: #000000;\"><span style=\"font-family: 'Helvetica Neue', serif;\"><span style=\"font-size: small;\"><span style=\"font-family: Arial, serif;\">Rattan wird von Hand geerntet und anschlie\u00dfend entsprechend seiner Ebenm\u00e4\u00dfigkeit sortiert. Da es sich um ein Naturprodukt handelt, sind kleine Risse oder Unebenheiten nicht zu verhindern. Das ist es jedoch, was ein solches M\u00f6belst\u00fcck aus Rattan zu einem echten Unikat macht.<\/span><\/span><\/span><\/span><\/p>\n<p><span style=\"color: #000000;\"><span style=\"font-family: 'Helvetica Neue', serif;\"><span style=\"font-size: small;\"><span style=\"font-family: Arial, serif;\">\u00dcbrigens handelt es sich bei Rattan um eines der edelsten Holzarten, welche in den Regenw\u00e4ldern in S\u00fcdostasien heimisch sind. Dadurch legt Rattan zur Verarbeitung eine sehr lange Strecke zur\u00fcck, was sich auch beim Preis der M\u00f6bel bemerkbar macht.<\/span><\/span><\/span><\/span><\/p>\n<p><span style=\"color: #000000;\"><span style=\"font-family: 'Helvetica Neue', serif;\"><span style=\"font-size: small;\"><span style=\"font-family: Arial, serif;\">Noch dazu ist Rattan ein langlebiges und edles Holz, welches nicht wie viele andere tropische Holzarten, wie zum Beispiel Bambus, von innen hohl ist. Das Material zeichnet sich durch seine Best\u00e4ndigkeit, Leichtigkeit und Flexibilit\u00e4t aus. <\/span><\/span><\/span><\/span><\/p>\n<p><span style=\"color: #000000;\"><span style=\"font-family: 'Helvetica Neue', serif;\"><span style=\"font-size: small;\"><span style=\"font-family: Arial, serif;\">Die Auswahl an Rattanm\u00f6beln ist gro\u00df, was den Vorteil hat, dass Sie Ihre M\u00f6bel ganz individuell zusammenstellen k\u00f6nnen.<\/span><\/span><\/span><\/span><\/p>\n<h2><span style=\"color: #000000;\"><span style=\"font-family: 'Helvetica Neue', serif;\"><span style=\"font-size: small;\"><span style=\"font-family: Arial, serif;\">Rattan oder Polyrattan?<\/span><\/span><\/span><\/span><\/h2>\n<p><span style=\"color: #000000;\"><span style=\"font-family: 'Helvetica Neue', serif;\"><span style=\"font-size: small;\"><span style=\"font-family: Arial, serif;\">Sowohl M\u00f6bel aus Rattan als auch M\u00f6bel aus Polyrattan sind echte Hingucker. Doch wo genau liegt eigentlich der Unterschied zwischen den beiden Materialien?<br \/>\n<\/span><\/span><\/span><\/span><\/p>\n<p><span style=\"color: #000000;\"><span style=\"font-family: 'Helvetica Neue', serif;\"><span style=\"font-size: small;\"><span style=\"font-family: Arial, serif;\">Zwar sind sich die beiden Materialien auf den ersten Blick sehr \u00e4hnlich, doch einen gro\u00dfen Unterschied gibt es auf jeden Fall. Falls Sie eher nat\u00fcrliche M\u00f6bel bevorzugen, ist Rattan die bessere Wahl, da es sich hierbei um ein nat\u00fcrliches Material handelt. Das ist beim Polyrattan anders, es ist ein Kunststoffprodukt in Str\u00e4ngen. Aus diesem Grund ist das Material Polyrattan in den meisten F\u00e4llen auch g\u00fcnstiger.<\/span><\/span><\/span><\/span><\/p>\n<p><span style=\"color: #000000;\"><span style=\"font-family: 'Helvetica Neue', serif;\"><span style=\"font-size: small;\"><span style=\"font-family: Arial, serif;\">Fest steht jedoch, dass sowohl Rattan als auch Polyrattan ziemlich pflegeleicht sind. F\u00fcr M\u00f6bel, die ungesch\u00fctzt auf der Terrasse oder dem Balkon Platz finden sollen, ist Polyrattan die bessere Wahl, da hier alles k\u00fcnstlich und somit auch witterungsbest\u00e4ndig ist. Feuchtigkeit und Wind machen diesem Material so gut wie gar nichts aus. Das Naturprodukt ist etwas empfindlicher ist und sollte bei Regen gesch\u00fctzt stehen oder abgedeckt werden.<br \/>\n<\/span><\/span><\/span><\/span><\/p>\n<h2><span style=\"color: #000000;\"><span style=\"font-family: 'Helvetica Neue', serif;\"><span style=\"font-size: small;\"><span style=\"font-family: Arial, serif;\">Die richtige Pflege<\/span><\/span><\/span><\/span><\/h2>\n<p><span style=\"color: #000000;\"><span style=\"font-family: 'Helvetica Neue', serif;\"><span style=\"font-size: small;\"><span style=\"font-family: Arial, serif;\">Rattan M\u00f6bel werden nicht nur im Garten, sondern gerne auch in der Wohnung verwendet. Wie jedes andere M\u00f6belst\u00fcck, m\u00fcssen diese M\u00f6bel nat\u00fcrlich auch gepflegt werden, damit man so lange wie nur m\u00f6glich etwas von ihnen hat. Allgemein kann man sagen, dass dieses Material sehr anspruchslos ist und man somit bei der Pflege nicht ganz so viel beachten muss.<\/span><\/span><\/span><\/span><\/p>\n<p><span style=\"color: #000000;\"><span style=\"font-family: 'Helvetica Neue', serif;\"><span style=\"font-size: small;\"><span style=\"font-family: Arial, serif;\">In manchen F\u00e4llen reicht es schon vollkommen aus, wenn Sie nur einmal mit einem feuchten Lappen \u00fcber die M\u00f6bel wischen. Sie sollten jedoch schon darauf achten, dass Sie nicht zu viel Wasser verwenden, da diese M\u00f6bel zu viel Wasser nicht gut vertragen. Bei der Pflege von Rattan M\u00f6bel ist weniger also mehr. <\/span><\/span><\/span><\/span><span style=\"color: #000000;\"><span style=\"font-family: 'Helvetica Neue', serif;\"><span style=\"font-size: small;\"><span style=\"font-family: Arial, serif;\">Wenn es sich nur um Staub oder anderen \u00e4hnlichen Schmutz handelt, reicht es h\u00e4ufig schon, wenn Sie die Partikel einfach mit einem Staubsauger entfernen.<\/span><\/span><\/span><\/span><\/p>\n<p><span style=\"color: #000000;\"><span style=\"font-family: 'Helvetica Neue', serif;\"><span style=\"font-size: small;\"><span style=\"font-family: Arial, serif;\">Die M\u00f6bel drau\u00dfen auf der Terrasse sind UV-Strahlung sowie Feuchtigkeit ausgesetzt. Das kann dazu f\u00fchren, dass das Material br\u00fcchig wird. Um dem ein wenig entgegenzuwirken, gibt es ein spezielles Pflege\u00f6l. Alternativ k\u00f6nnen Sie zur Reinigung auch etwas Sattelseife in Wasser aufl\u00f6sen und damit die Str\u00e4nge reinigen.<br \/>\n<\/span><\/span><\/span><\/span><span style=\"color: #000000;\"><span style=\"font-family: 'Helvetica Neue', serif;\"><span style=\"font-size: small;\"><span style=\"font-family: Arial, serif;\">Das \u00d6l sollten Sie mindestens einmal im Jahr auf die M\u00f6bel auftragen. Durch dieses Produkt lassen sich n\u00e4mlich von Anfang an Flecken oder \u00e4hnliches verhindern.<br \/>\n<\/span><\/span><\/span><\/span><\/p>\n<h2><span style=\"color: #000000;\"><span style=\"font-family: 'Helvetica Neue', serif;\"><span style=\"font-size: small;\"><span style=\"font-family: Arial, serif;\">Vor- und Nachteile von Rattan<\/span><\/span><\/span><\/span><\/h2>\n<p><span style=\"color: #000000;\"><span style=\"font-family: 'Helvetica Neue', serif;\"><span style=\"font-size: small;\"><span style=\"font-family: Arial, serif;\">Ein sehr gro\u00dfer Vorteil von Rattan ist sein geringeres Gewicht und dass es trotz dieses geringen Gewichts so stabil ist wie Holz. Noch dazu geh\u00f6rt es zu einem der nachhaltigsten Materialien.<\/span><\/span><\/span><\/span><\/p>\n<p><span style=\"color: #000000;\"><span style=\"font-family: 'Helvetica Neue', serif;\"><span style=\"font-size: small;\"><span style=\"font-family: Arial, serif;\">Jedoch ist unbehandeltes Rattan nicht wetterfest und wird spr\u00f6de, sollte also als vor Dauerfeuchte gesch\u00fctzt werden.<\/span><\/span><\/span><\/span><\/p>\n","protected":false},"excerpt":{"rendered":"<p>Rattan ist ein sehr beliebtes Material, welches vor allem f\u00fcr Gartenm\u00f6bel gerne verwendet wird. Wenn die Temperaturen steigen und die Sonne wieder scheint, m\u00f6chte man so viel Zeit wie m\u00f6glich an der frischen Luft verbringen. Daf\u00fcr wird der Garten, der Balkon oder die Terrasse dann ein wenig aufgefrischt und fertig gemacht. Gartenm\u00f6bel laden dann zum [&hellip;]<\/p>\n","protected":false},"author":10,"featured_media":12842,"comment_status":"closed","ping_status":"closed","sticky":false,"template":"","format":"standard","meta":{"footnotes":""},"categories":[1,591],"tags":[463,38,728,419,650,855,856],"class_list":["post-12822","post","type-post","status-publish","format-standard","has-post-thumbnail","hentry","category-mein-zuhause","category-stilrichtungen","tag-gartenmoebel","tag-material","tag-natuerlich","tag-outdoor","tag-polyrattan","tag-rattan","tag-robust"],"amp_enabled":true,"_links":{"self":[{"href":"https:\/\/www.stilartmoebel.de\/zuhause-bei-sam\/wp-json\/wp\/v2\/posts\/12822","targetHints":{"allow":["GET"]}}],"collection":[{"href":"https:\/\/www.stilartmoebel.de\/zuhause-bei-sam\/wp-json\/wp\/v2\/posts"}],"about":[{"href":"https:\/\/www.stilartmoebel.de\/zuhause-bei-sam\/wp-json\/wp\/v2\/types\/post"}],"author":[{"embeddable":true,"href":"https:\/\/www.stilartmoebel.de\/zuhause-bei-sam\/wp-json\/wp\/v2\/users\/10"}],"replies":[{"embeddable":true,"href":"https:\/\/www.stilartmoebel.de\/zuhause-bei-sam\/wp-json\/wp\/v2\/comments?post=12822"}],"version-history":[{"count":4,"href":"https:\/\/www.stilartmoebel.de\/zuhause-bei-sam\/wp-json\/wp\/v2\/posts\/12822\/revisions"}],"predecessor-version":[{"id":15943,"href":"https:\/\/www.stilartmoebel.de\/zuhause-bei-sam\/wp-json\/wp\/v2\/posts\/12822\/revisions\/15943"}],"wp:featuredmedia":[{"embeddable":true,"href":"https:\/\/www.stilartmoebel.de\/zuhause-bei-sam\/wp-json\/wp\/v2\/media\/12842"}],"wp:attachment":[{"href":"https:\/\/www.stilartmoebel.de\/zuhause-bei-sam\/wp-json\/wp\/v2\/media?parent=12822"}],"wp:term":[{"taxonomy":"category","embeddable":true,"href":"https:\/\/www.stilartmoebel.de\/zuhause-bei-sam\/wp-json\/wp\/v2\/categories?post=12822"},{"taxonomy":"post_tag","embeddable":true,"href":"https:\/\/www.stilartmoebel.de\/zuhause-bei-sam\/wp-json\/wp\/v2\/tags?post=12822"}],"curies":[{"name":"wp","href":"https:\/\/api.w.org\/{rel}","templated":true}]}}