{"id":12779,"date":"2018-04-29T08:00:55","date_gmt":"2018-04-29T06:00:55","guid":{"rendered":"https:\/\/www.stilartmoebel.de\/zuhause-bei-sam\/?p=12779"},"modified":"2025-07-01T14:10:11","modified_gmt":"2025-07-01T12:10:11","slug":"von-der-guten-stube-zum-modernen-wohnzimmer","status":"publish","type":"post","link":"https:\/\/www.stilartmoebel.de\/zuhause-bei-sam\/von-der-guten-stube-zum-modernen-wohnzimmer\/","title":{"rendered":"Von der &#8222;guten Stube&#8220; zum modernen Wohnzimmer"},"content":{"rendered":"<p style=\"text-align: justify;\"><span style=\"color: #000000;\"><span style=\"font-family: 'Helvetica Neue', serif;\"><span style=\"font-size: small;\"><span style=\"font-family: Arial, serif;\">Beim Wohnen kommen viele verschiedene Komponenten zusammen. So vereinen sich zum Beispiel die aktuelle Entwicklung, die soziale Gegebenheit, das historische Erbe, pers\u00f6nliche Neigungen und nat\u00fcrlich auch die ganz allt\u00e4glichen Anforderungen an das Leben.<\/span><\/span><\/span><\/span><\/p>\n<p style=\"text-align: justify;\"><span style=\"color: #000000;\"><span style=\"font-family: 'Helvetica Neue', serif;\"><span style=\"font-size: small;\"><span style=\"font-family: Arial, serif;\">Man kann also sagen, dass es eng miteinander verkn\u00fcpft ist, wie wir leben und wir wie wohnen. Die R\u00e4ume, in denen wir wohnen, sind ein Ausdruck dessen, wie wir unsere W\u00fcnsche mit den uns zur Verf\u00fcgung stehenden M\u00f6glichkeiten verwirklichen. <\/span><\/span><\/span><\/span><\/p>\n<p style=\"text-align: justify;\"><span style=\"color: #000000;\"><span style=\"font-family: 'Helvetica Neue', serif;\"><span style=\"font-size: small;\"><span style=\"font-family: Arial, serif;\">In diesem Text erfahren Sie alles, was Sie \u00fcber den Wandel des heutigen Wohnzimmers wissen m\u00fcssen.<\/span><\/span><\/span><\/span><br \/>\n<!--more--><\/p>\n<h2 style=\"text-align: justify;\"><span style=\"color: #000000;\"><span style=\"font-family: 'Helvetica Neue', serif;\"><span style=\"font-size: small;\"><span style=\"font-family: Arial, serif;\"><span style=\"font-size: medium;\">Was ist ein Wohnzimmer?<\/span><\/span><\/span><\/span><\/span><\/h2>\n<p style=\"text-align: justify;\"><span style=\"color: #000000;\"><span style=\"font-family: 'Helvetica Neue', serif;\"><span style=\"font-size: small;\"><span style=\"font-family: Arial, serif;\">Das Wohnzimmer stellt in den meisten F\u00e4llen den Mittelpunkt der Wohnung oder des Hauses dar. In diesem Raum halten sich die Bewohner in der Regel am l\u00e4ngsten und auch h\u00e4ufigsten auf, verbringen ihre freie Zeit miteinander und wollen einfach ein wenig entspannen. <\/span><\/span><\/span><\/span><\/p>\n<p style=\"text-align: justify;\"><span style=\"color: #000000;\"><span style=\"font-family: 'Helvetica Neue', serif;\"><span style=\"font-size: small;\"><span style=\"font-family: Arial, serif;\">Fr\u00fcher war das <a href=\"https:\/\/www.moebelliebling.de\/Wohnzimmer\/\" target=\"_blank\" rel=\"noopener\">Wohnzimmer<\/a> bekannt als die \u201egute Stube\u201c, doch mittlerweile hat die Wohn-K\u00fcche eine Menge Beliebtheit erlangt, sodass sich die Menschen auch dort sehr gerne aufhalten. Oft ist die Wohn-K\u00fcche verziert mit sch\u00f6nen Familienfotos an der Wand oder auf dem Regal.<\/span><\/span><\/span><\/span><\/p>\n<p style=\"text-align: justify;\"><span style=\"color: #000000;\"><span style=\"font-family: 'Helvetica Neue', serif;\"><span style=\"font-size: small;\"><span style=\"font-family: Arial, serif;\">In den fr\u00fcheren Jahrhunderten erkannte man an einem gro\u00dfz\u00fcgigen Kamin sofort, dass man sich gerade im Wohnzimmer befand. Auch heute ist das in vielen F\u00e4llen noch so. Doch das Wohnzimmer muss nat\u00fcrlich eins sein und zwar gem\u00fctlich. Gem\u00fctliche Sitzm\u00f6glichkeiten wie ein Sofa oder ein Sessel d\u00fcrfen nat\u00fcrlich auf keinen Fall fehlen, denn die runden ein Wohnzimmer erst so richtig ab.<\/span><\/span><\/span><\/span><\/p>\n<p style=\"text-align: justify;\"><span style=\"color: #000000;\"><span style=\"font-family: 'Helvetica Neue', serif;\"><span style=\"font-size: small;\"><span style=\"font-family: Arial, serif;\">Heutzutage ist das Wohnzimmer meistens auch gleichzeitig das Fernsehzimmer. Fr\u00fcher benutzte man f\u00fcr den Fernseher spezielle TV-M\u00f6bel, in denen zus\u00e4tzlich auch noch eine Stereo-Anlage Platz fand. Diese M\u00f6bel findet man heute auch noch sehr h\u00e4ufig, jedoch tendieren die Menschen eher dazu, f\u00fcr ihren Flachbildschirm eine Halterung f\u00fcr die Wand zu kaufen oder ein chices <a href=\"https:\/\/www.moebelliebling.de\/Lowboards\/\" target=\"_blank\" rel=\"noopener\">Lowboard<\/a> zu verwenden.<\/span><\/span><\/span><\/span><\/p>\n<p style=\"text-align: justify;\"><span style=\"color: #000000;\"><span style=\"font-family: 'Helvetica Neue', serif;\"><span style=\"font-size: small;\"><span style=\"font-family: Arial, serif;\">\u00dcbrigens: Egal wie gro\u00df oder klein die Wohnung oder das Haus ist, das Wohnzimmer ist in den meisten F\u00e4llen der gr\u00f6\u00dfte Raum. H\u00e4ufig wird dieser Raum auch, besonders bei einer kleineren Wohnung, mehrfach genutzt. So stellt man anstelle eines normalen Sofas einfach ein Schlafsofa in den Raum und schon finden ganz bequem ein paar Schlafg\u00e4ste in Ihrem Wohnzimmer Platz.<\/span><\/span><\/span><\/span><\/p>\n<h2 style=\"text-align: justify;\"><span style=\"color: #000000;\"><span style=\"font-family: 'Helvetica Neue', serif;\"><span style=\"font-size: small;\"><span style=\"font-family: Arial, serif;\"><span style=\"font-size: medium;\">Die Geschichte des Wohnzimmers<\/span><\/span><\/span><\/span><\/span><\/h2>\n<p style=\"text-align: justify;\"><span style=\"color: #000000;\"><span style=\"font-family: 'Helvetica Neue', serif;\"><span style=\"font-size: small;\"><span style=\"font-family: Arial, serif;\">Die Anf\u00e4nge des Wohnzimmers liegen im Biedermeier, wo die Gem\u00fctlichkeit an erster Stelle steht. Dies geschah zwischen den Jahren 1815 und 1848. Doch warum eigentlich gerade dann? Durch die Industrialisierung wurden die Menschen in die St\u00e4dte getrieben und mussten sich dort eine Unterkunft suchen. In diesem Zuge entstand dann das Wohnzimmer mit seiner Funktion als Treffpunkt der Familie. Zur typischen Einrichtung geh\u00f6rte in dieser Zeit ein Sekret\u00e4r, eine Kommode, ein Bett aus Holzfurnier, sowie eine gr\u00f6\u00dfere Gr\u00fcnpflanze.<\/span><\/span><\/span><\/span><\/p>\n<p style=\"text-align: justify;\"><span style=\"color: #000000;\"><span style=\"font-family: 'Helvetica Neue', serif;\"><span style=\"font-size: small;\"><span style=\"font-family: Arial, serif;\">Im 19. Jahrhundert, w\u00e4hrend der ersten Jahre des deutschen Kaiserreichs, war der Wohnraum in der Stadt ziemlich knapp und es entstanden viele neue Bauten. Der ganze Boom wurde durch franz\u00f6sische Reparationszahlungen an das Deutsche Kaiserreich gef\u00f6rdert und dementsprechend sahen die Wohnungen der Deutschen auch aus, denn die Wohnzimmer standen voll mit den teuersten M\u00f6beln. <\/span><\/span><\/span><\/span><\/p>\n<p style=\"text-align: justify;\"><span style=\"color: #000000;\"><span style=\"font-family: 'Helvetica Neue', serif;\"><span style=\"font-size: small;\"><span style=\"font-family: Arial, serif;\">In den 1950er Jahren, nach dem zweiten Weltkrieg, \u00e4nderte sich dann nochmals alles. Durch das Wirtschaftswachstum nach dem Krieg wurden die M\u00f6bel f\u00fcr alle Menschen erschwinglich. Die Deutschen entschieden sich haupts\u00e4chlich f\u00fcr schlichte und helle M\u00f6bel. Es herrschte jedoch auch Platzmangel, weshalb die M\u00f6belst\u00fccke praktisch sein mussten und gleichzeitig nicht zu viel Platz einnehmen durften.<\/span><\/span><\/span><\/span><\/p>\n<p style=\"text-align: justify;\"><span style=\"color: #000000;\"><span style=\"font-family: 'Helvetica Neue', serif;\"><span style=\"font-size: small;\"><span style=\"font-family: Arial, serif;\">In den 1960er und 1970er Jahren kam dann pl\u00f6tzlich der Fernseher dazu. Bis heute richten sich die modernen Wohnzimmer noch immer nach dem Standort des Fernsehers aus. Wenn Sie also lieber ein Wohnzimmer im Vintage-Look haben m\u00f6chten, m\u00fcssen Sie darauf achten, dass Sie den Fernseher so in den Raum integrieren, dass er nicht im Mittelpunkt steht. <\/span><\/span><\/span><\/span><\/p>\n","protected":false},"excerpt":{"rendered":"<p>Beim Wohnen kommen viele verschiedene Komponenten zusammen. So vereinen sich zum Beispiel die aktuelle Entwicklung, die soziale Gegebenheit, das historische Erbe, pers\u00f6nliche Neigungen und nat\u00fcrlich auch die ganz allt\u00e4glichen Anforderungen an das Leben. Man kann also sagen, dass es eng miteinander verkn\u00fcpft ist, wie wir leben und wir wie wohnen. Die R\u00e4ume, in denen wir [&hellip;]<\/p>\n","protected":false},"author":10,"featured_media":12809,"comment_status":"closed","ping_status":"closed","sticky":false,"template":"","format":"standard","meta":{"footnotes":""},"categories":[33],"tags":[61,851,579],"class_list":["post-12779","post","type-post","status-publish","format-standard","has-post-thumbnail","hentry","category-wohnzimmer","tag-einrichtung","tag-mittelpunkt","tag-wohnzimmer"],"amp_enabled":true,"_links":{"self":[{"href":"https:\/\/www.stilartmoebel.de\/zuhause-bei-sam\/wp-json\/wp\/v2\/posts\/12779","targetHints":{"allow":["GET"]}}],"collection":[{"href":"https:\/\/www.stilartmoebel.de\/zuhause-bei-sam\/wp-json\/wp\/v2\/posts"}],"about":[{"href":"https:\/\/www.stilartmoebel.de\/zuhause-bei-sam\/wp-json\/wp\/v2\/types\/post"}],"author":[{"embeddable":true,"href":"https:\/\/www.stilartmoebel.de\/zuhause-bei-sam\/wp-json\/wp\/v2\/users\/10"}],"replies":[{"embeddable":true,"href":"https:\/\/www.stilartmoebel.de\/zuhause-bei-sam\/wp-json\/wp\/v2\/comments?post=12779"}],"version-history":[{"count":4,"href":"https:\/\/www.stilartmoebel.de\/zuhause-bei-sam\/wp-json\/wp\/v2\/posts\/12779\/revisions"}],"predecessor-version":[{"id":15945,"href":"https:\/\/www.stilartmoebel.de\/zuhause-bei-sam\/wp-json\/wp\/v2\/posts\/12779\/revisions\/15945"}],"wp:featuredmedia":[{"embeddable":true,"href":"https:\/\/www.stilartmoebel.de\/zuhause-bei-sam\/wp-json\/wp\/v2\/media\/12809"}],"wp:attachment":[{"href":"https:\/\/www.stilartmoebel.de\/zuhause-bei-sam\/wp-json\/wp\/v2\/media?parent=12779"}],"wp:term":[{"taxonomy":"category","embeddable":true,"href":"https:\/\/www.stilartmoebel.de\/zuhause-bei-sam\/wp-json\/wp\/v2\/categories?post=12779"},{"taxonomy":"post_tag","embeddable":true,"href":"https:\/\/www.stilartmoebel.de\/zuhause-bei-sam\/wp-json\/wp\/v2\/tags?post=12779"}],"curies":[{"name":"wp","href":"https:\/\/api.w.org\/{rel}","templated":true}]}}