{"id":12771,"date":"2018-04-19T08:00:35","date_gmt":"2018-04-19T06:00:35","guid":{"rendered":"https:\/\/www.stilartmoebel.de\/zuhause-bei-sam\/?p=12771"},"modified":"2025-07-02T10:48:21","modified_gmt":"2025-07-02T08:48:21","slug":"vom-waschzuber-zum-modernen-badezimmer","status":"publish","type":"post","link":"https:\/\/www.stilartmoebel.de\/zuhause-bei-sam\/vom-waschzuber-zum-modernen-badezimmer\/","title":{"rendered":"Vom Waschzuber zum modernen Badezimmer"},"content":{"rendered":"<p style=\"text-align: justify;\"><span style=\"color: #000000;\"><span style=\"font-family: 'Helvetica Neue', serif;\"><span style=\"font-size: small;\"><span style=\"font-family: Arial, serif;\">Heutzutage ist es nichts Besonderes mehr, ein eigenes <a href=\"https:\/\/www.moebelliebling.de\/Badezimmer\/\" target=\"_blank\" rel=\"noopener\">Badezimmer<\/a> zu haben, denn in jeder Wohnung geh\u00f6rt es zu den n\u00f6tigen Standards. Vom antiken Rom bis hin zur Mitte des 20. Jahrhunderts war das Baden in einem privaten Raum jedoch nur F\u00fcrsten, Kaisern und Adeligen vorbehalten. Es war also etwas ziemlich Besonderes. Doch auch heute gibt es noch gro\u00dfe Unterschiede zwischen den Badezimmern. Die einen k\u00f6nnen sich schon \u00fcber ein Fenster freuen, denn dieses ist nicht immer vorhanden und andere verwandeln ihr Badezimmer in einen echten Wellness-Palast.<\/span><\/span><\/span><\/span><br \/>\n<!--more--><\/p>\n<h2 style=\"text-align: justify;\"><span style=\"color: #000000;\"><span style=\"font-family: 'Helvetica Neue', serif;\"><span style=\"font-size: small;\"><span style=\"font-family: Arial, serif;\"><span style=\"font-size: medium;\">Die Entwicklung des Bades<\/span><\/span><\/span><\/span><\/span><\/h2>\n<p style=\"text-align: justify;\"><span style=\"color: #000000;\"><span style=\"font-family: 'Helvetica Neue', serif;\"><span style=\"font-size: small;\"><span style=\"font-family: Arial, serif;\">Im Laufe der letzten Jahrzehnte und Jahrhunderte hat sich die Gestaltung der B\u00e4der ganz sch\u00f6n ver\u00e4ndert. Auch wenn man denkt, dass es vielleicht nur ein Badezimmer ist, l\u00e4sst sich darin der aktuelle Trend erkennen. Selbst wenn Sie jetzt also das neuste Design in Ihrem Badezimmer haben, wird dies in unserer schnelllebigen Zeit in ein paar Jahren nicht mehr aktuell sein. Aus diesem Grund hat man irgendwann damit angefangen, die Rituale des Menschen und den Menschen selber in den Mittelpunkt zu stellen. Zwar \u00e4ndern sich auch im Laufe des Lebens, doch der Zeitpunkt ist deutlich l\u00e4nger.<\/span><\/span><\/span><\/span><\/p>\n<h2 style=\"text-align: justify;\"><span style=\"color: #000000;\"><span style=\"font-family: 'Helvetica Neue', serif;\"><span style=\"font-size: small;\"><span style=\"font-family: Arial, serif;\"><span style=\"font-size: medium;\">Zur\u00fcck zum Anfang<\/span><\/span><\/span><\/span><\/span><\/h2>\n<p style=\"text-align: justify;\"><span style=\"color: #000000;\"><span style=\"font-family: 'Helvetica Neue', serif;\"><span style=\"font-size: small;\"><span style=\"font-family: Arial, serif;\">Angefangen hat damals wohl alles bei den alten R\u00f6mern und Griechen. Schon damals war das Waschen und Baden in den Hochkulturen \u00e4u\u00dferst verbreitet. Im Unterschied zu heute wurde dies fr\u00fcher sehr \u00f6ffentlich durchgef\u00fchrt. Erst viel sp\u00e4ter kam es dann dazu, dass das Waschen als ein Teil der K\u00f6rperhygiene im privaten Bereich und hinter geschlossenen T\u00fcren geschah.<\/span><\/span><\/span><\/span><\/p>\n<p style=\"text-align: justify;\"><span style=\"color: #000000;\"><span style=\"font-family: 'Helvetica Neue', serif;\"><span style=\"font-size: small;\"><span style=\"font-family: Arial, serif;\">Von diesen verschlossenen T\u00fcren konnte man damals nur tr\u00e4umen, denn die Verbreitung von privaten B\u00e4dern begann erst in den 1950er Jahren. Bis zu dieser Zeit wurde entweder in Wannen drau\u00dfen, in Waschk\u00fcchen oder in \u00f6ffentlichen B\u00e4dern gebadet. Es galt als ein Luxus, der f\u00fcr viele unerreichbar war, wenn man sich ein extra Badezimmer leisten konnte, welches beheizt war und einen Wasseranschluss hatte. Vergleicht man das mit den heutigen Bedingungen, kann man das gar nicht glauben und nachvollziehen, denn so etwas ist heutzutage vollkommen normal. <\/span><\/span><\/span><\/span><\/p>\n<h2 style=\"text-align: justify;\"><span style=\"color: #000000;\"><span style=\"font-family: 'Helvetica Neue', serif;\"><span style=\"font-size: small;\"><span style=\"font-family: Arial, serif;\"><span style=\"font-size: medium;\">Das 20. Jahrhundert<\/span><\/span><\/span><\/span><\/span><\/h2>\n<p style=\"text-align: justify;\"><span style=\"color: #000000;\"><span style=\"font-family: 'Helvetica Neue', serif;\"><span style=\"font-size: small;\"><span style=\"font-family: Arial, serif;\">Zu Beginn des 20. Jahrhunderts wurden dann die ersten Schritte zu einem abgegrenzten Baderaum eingeleitet. Man nannte es damals \u201eFrankfurter Bad\u201c. Darin befand sich\u00a0 in einer Nische die Badewanne und wurde lediglich mit einem Vorhang abgetrennt. Auch w\u00e4hrend der Nachkriegszeit galt ein extra Raum f\u00fcr ein Badezimmer als absoluter Luxus, weshalb das Design und die Ausstattung etwas in den Hintergrund r\u00fcckten. Man war schon froh, wenn man sich einen solchen Luxus \u00fcberhaupt leisten konnte, da machte man sich weniger Gedanken \u00fcber Dinge wie das Design. In den 50er Jahren wurden dann erstmals Nasszellen gebaut, mit denen die Verbreitung von privaten Badezimmer innerhalb der eigenen Wohnung begann. In den 60er Jahren gab es dann erstmal Technik im Badezimmer und zwar in Form von einem Whirlpool, einem Thermostat oder einer Duschabtrennung. Schlie\u00dflich brachten die 80er Jahre dann das Design ins Badezimmer. Dort fand man dann freistehende Wannen, Eckbadewannen und sogar ganze G\u00e4ste-B\u00e4der.<\/span><\/span><\/span><\/span><\/p>\n<h2 style=\"text-align: justify;\"><span style=\"color: #000000;\"><span style=\"font-family: 'Helvetica Neue', serif;\"><span style=\"font-size: small;\"><span style=\"font-family: Arial, serif;\"><span style=\"font-size: medium;\">Das heutige Badezimmer<\/span><\/span><\/span><\/span><\/span><\/h2>\n<p style=\"text-align: justify;\"><span style=\"color: #000000;\"><span style=\"font-family: 'Helvetica Neue', serif;\"><span style=\"font-size: small;\"><span style=\"font-family: Arial, serif;\">In der heutigen Zeit gilt das Badezimmer schon fast als zus\u00e4tzlicher Wohnraum. Die pers\u00f6nlichen W\u00fcnsche und Vorlieben k\u00f6nnen fast ohne jegliche Abstriche und Kompromisse erf\u00fcllt werden und so hat jeder genau das Badezimmer, das er sich immer gew\u00fcnscht hat. W\u00e4hrend es fr\u00fcher einfach nur wichtig war, dass man \u00fcberhaupt ein Badezimmer hatte, r\u00fccken heute andere Sachen wie das Design, die Gr\u00f6\u00dfe oder die Ausstattung in den Vordergrund. Es gibt einige Dinge, die das Bad heute erf\u00fcllen sollte. <\/span><\/span><\/span><\/span><\/p>\n<p style=\"text-align: justify;\"><span style=\"color: #000000;\"><span style=\"font-family: 'Helvetica Neue', serif;\"><span style=\"font-size: small;\"><span style=\"font-family: Arial, serif;\">Niemand kann in die Zukunft blicken aber es l\u00e4sst sich vermuten, dass die Rituale eines jeden einzelnen Menschen die Architektur bald bestimmen wird. Doch wer wei\u00df das schon, wir m\u00fcssen die Zukunft einfach auf uns zukommen lassen.<\/span><\/span><\/span><\/span><\/p>\n","protected":false},"excerpt":{"rendered":"<p>Heutzutage ist es nichts Besonderes mehr, ein eigenes Badezimmer zu haben, denn in jeder Wohnung geh\u00f6rt es zu den n\u00f6tigen Standards. Vom antiken Rom bis hin zur Mitte des 20. Jahrhunderts war das Baden in einem privaten Raum jedoch nur F\u00fcrsten, Kaisern und Adeligen vorbehalten. Es war also etwas ziemlich Besonderes. Doch auch heute gibt [&hellip;]<\/p>\n","protected":false},"author":7,"featured_media":12803,"comment_status":"closed","ping_status":"closed","sticky":false,"template":"","format":"standard","meta":{"footnotes":""},"categories":[7],"tags":[577,295,848],"class_list":["post-12771","post","type-post","status-publish","format-standard","has-post-thumbnail","hentry","category-badezimmer","tag-badezimmer","tag-entwicklung","tag-geschichte"],"amp_enabled":true,"_links":{"self":[{"href":"https:\/\/www.stilartmoebel.de\/zuhause-bei-sam\/wp-json\/wp\/v2\/posts\/12771","targetHints":{"allow":["GET"]}}],"collection":[{"href":"https:\/\/www.stilartmoebel.de\/zuhause-bei-sam\/wp-json\/wp\/v2\/posts"}],"about":[{"href":"https:\/\/www.stilartmoebel.de\/zuhause-bei-sam\/wp-json\/wp\/v2\/types\/post"}],"author":[{"embeddable":true,"href":"https:\/\/www.stilartmoebel.de\/zuhause-bei-sam\/wp-json\/wp\/v2\/users\/7"}],"replies":[{"embeddable":true,"href":"https:\/\/www.stilartmoebel.de\/zuhause-bei-sam\/wp-json\/wp\/v2\/comments?post=12771"}],"version-history":[{"count":4,"href":"https:\/\/www.stilartmoebel.de\/zuhause-bei-sam\/wp-json\/wp\/v2\/posts\/12771\/revisions"}],"predecessor-version":[{"id":15952,"href":"https:\/\/www.stilartmoebel.de\/zuhause-bei-sam\/wp-json\/wp\/v2\/posts\/12771\/revisions\/15952"}],"wp:featuredmedia":[{"embeddable":true,"href":"https:\/\/www.stilartmoebel.de\/zuhause-bei-sam\/wp-json\/wp\/v2\/media\/12803"}],"wp:attachment":[{"href":"https:\/\/www.stilartmoebel.de\/zuhause-bei-sam\/wp-json\/wp\/v2\/media?parent=12771"}],"wp:term":[{"taxonomy":"category","embeddable":true,"href":"https:\/\/www.stilartmoebel.de\/zuhause-bei-sam\/wp-json\/wp\/v2\/categories?post=12771"},{"taxonomy":"post_tag","embeddable":true,"href":"https:\/\/www.stilartmoebel.de\/zuhause-bei-sam\/wp-json\/wp\/v2\/tags?post=12771"}],"curies":[{"name":"wp","href":"https:\/\/api.w.org\/{rel}","templated":true}]}}