{"id":12733,"date":"2018-03-26T08:00:28","date_gmt":"2018-03-26T06:00:28","guid":{"rendered":"https:\/\/www.stilartmoebel.de\/zuhause-bei-sam\/?p=12733"},"modified":"2025-10-24T12:16:23","modified_gmt":"2025-10-24T10:16:23","slug":"gartengruppen-platz-fuer-viele-gaeste","status":"publish","type":"post","link":"https:\/\/www.stilartmoebel.de\/zuhause-bei-sam\/gartengruppen-platz-fuer-viele-gaeste\/","title":{"rendered":"Gartenm\u00f6bel &#8211; Platz f\u00fcr viele G\u00e4ste"},"content":{"rendered":"<p>Sobald es drau\u00dfen wieder w\u00e4rmer wird und die Tage l\u00e4nger werden, zieht es viele Menschen raus an die frische Luft. Sie sitzen dann gerne mit Freunden oder der Familie im Garten oder auf dem Balkon. Doch auch abends ziehen sich einige in den Garten zur\u00fcck, um den Tag gem\u00fctlich ausklingen zu lassen. Das geht nat\u00fcrlich nur, wenn auch die entsprechenden M\u00f6bel daf\u00fcr vorhanden sind. Dies sollte jedoch kein Problem sein, denn <a href=\"https:\/\/www.moebelliebling.de\/Garten-Balkon\/\" target=\"_blank\" rel=\"noopener\">hochwertige Gartenm\u00f6bel<\/a> finden immer einen Platz. Egal, ob auf einer weiten Rasenfl\u00e4che, auf einem engen Balkon oder auf einer gro\u00dfen Terrasse. Es gibt au\u00dferdem eine sehr gro\u00dfe Auswahl an Gartenm\u00f6beln. Deshalb sollte bestimmt auch f\u00fcr Ihren Geschmack und Gartenstil die passende Gruppe dabei sein.<\/p>\n<p>In diesem Text erfahren Sie alles, was Sie \u00fcber <a href=\"https:\/\/www.moebelliebling.de\/Garten-und-Balkongruppen\/\" target=\"_blank\" rel=\"noopener\">Gartengruppen<\/a> wissen m\u00fcssen, wie Sie diese am besten pflegen und was Sie beim Kauf beachten sollten.<!--more--><\/p>\n<h2>Die passenden Gartenm\u00f6bel finden<\/h2>\n<p>Welche Gartenm\u00f6bel zu Ihnen und Ihrem Garten passen, kommt nat\u00fcrlich auf Ihren pers\u00f6nlichen Geschmack an. Die Spa-Fans machen es sich in hochwertigen Lounge Sofas und Liegen bequem, w\u00e4hrend der romantische Hobbyg\u00e4rtner eher Freude an rustikalen Gartenb\u00e4nken und H\u00e4ngesesseln hat. Zudem sollten Sie sich nat\u00fcrlich \u00fcberlegen, welche M\u00f6bel \u00fcberhaupt zu Ihrem Garten passen. Es bringt Ihnen nicht viel, wenn Ihnen die Gartenm\u00f6bel an sich zwar gefallen, diese aber \u00fcberhaupt nicht zum restlichen Garten passen. Es gibt au\u00dferdem noch einige Dinge, die Sie vor dem Kauf beachten sollten. Schlie\u00dflich legt man sich in den meisten F\u00e4llen hochwertige Gartenm\u00f6bel zu, die dann auch viele Jahre halten sollen.<\/p>\n<p>Sich letztendlich f\u00fcr die richtigen M\u00f6bel zu entscheiden, ist gar nicht mal so einfach, denn es gibt ein riesiges Sortiment. Neben dem pers\u00f6nlichen Geschmack und dem Stil des Gartens kommt es zus\u00e4tzlich auch auf den zur Verf\u00fcgung stehenden Platz an und die Funktion, die sie erf\u00fcllen sollen.<\/p>\n<p>Wenn Sie sich also dazu entschlossen haben, Ihre Terrasse mit neuen Gartenm\u00f6beln auszustatten, dann m\u00fcssen Sie erst einmal \u00fcberlegen, \u00fcber wieviel Platz die Terrasse verf\u00fcgt und wie Sie diesen Platz am liebsten nutzen m\u00f6chten.<\/p>\n<p>M\u00f6chten Sie bei gutem Wetter die M\u00f6glichkeit haben, ein Sonnenbad zu nehmen, aber Ihre Kinder sollen gleichzeitig gen\u00fcgend Platz zum Spielen haben? Oder m\u00f6chten Sie lieber mit der ganzen Familie drau\u00dfen im Freien essen k\u00f6nnen? F\u00fcr die erste Variante eignen sich alle Arten von Liegen in Kombination mit einem <a href=\"https:\/\/heimundgartenprofi.de\/collections\/sonenschirme\" target=\"_blank\" rel=\"noopener\">Sonnenschirm<\/a> oder einem Sonnendach. Modelle mit Rollen drunter sind besonders praktisch, da man sie je nach Bedarf verschieben kann.<\/p>\n<p>F\u00fcr das gemeinsame Essen eignet sich eine komplette Gartengruppe mit einem Esstisch und St\u00fchlen, so dass jeder seinen Platz findet. Um mit den Kindern ein wenig zu Kuscheln k\u00f6nnen Sie beispielsweise eine Hollywoodschaukel oder Sitzs\u00e4cke nutzen.<\/p>\n<h2>Die Pflege der Gartenm\u00f6bel<\/h2>\n<p>Gartenm\u00f6bel stehen die meiste Zeit des Jahres drau\u00dfen. Nicht jeder hat Platz, um einen Tisch und viele St\u00fchle im Haus unterzubringen, wenn sie nicht gebraucht werden. Dann sind sie den Launen der Natur ausgesetzt und die gehen von sehr hei\u00dfen Tagen im Sommer bis hin zu regnerischen Tagen im Fr\u00fchling oder Sp\u00e4tsommer. Diese Wetterlagen k\u00f6nnen sich sehr stark auf die Lebensdauer der M\u00f6bel auswirken, weshalb Sie etwas tun m\u00fcssen, damit Sie sich nicht jedes Jahr neue Gartenm\u00f6bel kaufen m\u00fcssen.<\/p>\n<p>Damit die M\u00f6bel immerhin ein bisschen gesch\u00fctzt sind, empfiehlt es sich, sie mit Abdeckplanen oder Schutzh\u00fcllen zu bedecken, da sie so trocken bleiben. Dadurch bleicht die Farbe nicht so schnell aus und auch das Holz quillt nicht auf.\u00a0 Sie k\u00f6nnen die M\u00f6bel au\u00dferdem zwischendurch neu lasieren oder ein\u00f6len, denn gerade M\u00f6bel aus Holz sind sehr empfindlich und bleichen mit den Jahren aus.<\/p>\n<h2>Tipps f\u00fcr den richtigen Standort<\/h2>\n<p>Der richtige Standort der M\u00f6bel ist ebenso wichtig wie die M\u00f6bel an sich. Ansonsten haben sie vielleicht gar nicht den Platz, damit sie gut zur Geltung kommen. Vor allem einzelne Gartenm\u00f6bel, wie beispielsweise Gartenb\u00e4nke, m\u00f6gen einen gesch\u00fctzten Bereich wie eine Steinmauer, Hecke oder h\u00f6here Pflanzen. Man f\u00fchlt sich einfach sicherer, wenn man etwas Schutz im R\u00fccken hat.\u00a0 Sollten Sie einen Teich oder anderes Gew\u00e4sser in Ihrem Garten haben, empfiehlt es sich, die Gartenm\u00f6bel in die N\u00e4he zu stellen, denn schon die Feng-Shui Lehre besagt, das Wasser Energien zum Flie\u00dfen bringt.<\/p>\n","protected":false},"excerpt":{"rendered":"<p>Sobald es drau\u00dfen wieder w\u00e4rmer wird und die Tage l\u00e4nger werden, zieht es viele Menschen raus an die frische Luft. Sie sitzen dann gerne mit Freunden oder der Familie im Garten oder auf dem Balkon. Doch auch abends ziehen sich einige in den Garten zur\u00fcck, um den Tag gem\u00fctlich ausklingen zu lassen. Das geht nat\u00fcrlich [&hellip;]<\/p>\n","protected":false},"author":6,"featured_media":12754,"comment_status":"closed","ping_status":"closed","sticky":false,"template":"","format":"standard","meta":{"footnotes":""},"categories":[598,596,599,20],"tags":[200,486,807,325,533,509,463,801,808,806,455,805,800,24,802,418,804,38,575,419,34,803,442,646,26,809],"class_list":["post-12733","post","type-post","status-publish","format-standard","has-post-thumbnail","hentry","category-garten-tipps","category-gartenmoebel","category-inspiration","category-mein-garten","tag-familie","tag-feng-shui","tag-garnituren","tag-garten","tag-gartenbank","tag-gartengruppe","tag-gartenmoebel","tag-gartenstil","tag-gartentisch","tag-gaertner","tag-grillen","tag-hobbygaertner","tag-hochwertig","tag-holz","tag-liegen","tag-lounge","tag-loungemoebel","tag-material","tag-moebel","tag-outdoor","tag-sofa","tag-sonnenliegen","tag-standort","tag-stil","tag-terrasse","tag-wetterfest"],"amp_enabled":true,"_links":{"self":[{"href":"https:\/\/www.stilartmoebel.de\/zuhause-bei-sam\/wp-json\/wp\/v2\/posts\/12733","targetHints":{"allow":["GET"]}}],"collection":[{"href":"https:\/\/www.stilartmoebel.de\/zuhause-bei-sam\/wp-json\/wp\/v2\/posts"}],"about":[{"href":"https:\/\/www.stilartmoebel.de\/zuhause-bei-sam\/wp-json\/wp\/v2\/types\/post"}],"author":[{"embeddable":true,"href":"https:\/\/www.stilartmoebel.de\/zuhause-bei-sam\/wp-json\/wp\/v2\/users\/6"}],"replies":[{"embeddable":true,"href":"https:\/\/www.stilartmoebel.de\/zuhause-bei-sam\/wp-json\/wp\/v2\/comments?post=12733"}],"version-history":[{"count":10,"href":"https:\/\/www.stilartmoebel.de\/zuhause-bei-sam\/wp-json\/wp\/v2\/posts\/12733\/revisions"}],"predecessor-version":[{"id":16970,"href":"https:\/\/www.stilartmoebel.de\/zuhause-bei-sam\/wp-json\/wp\/v2\/posts\/12733\/revisions\/16970"}],"wp:featuredmedia":[{"embeddable":true,"href":"https:\/\/www.stilartmoebel.de\/zuhause-bei-sam\/wp-json\/wp\/v2\/media\/12754"}],"wp:attachment":[{"href":"https:\/\/www.stilartmoebel.de\/zuhause-bei-sam\/wp-json\/wp\/v2\/media?parent=12733"}],"wp:term":[{"taxonomy":"category","embeddable":true,"href":"https:\/\/www.stilartmoebel.de\/zuhause-bei-sam\/wp-json\/wp\/v2\/categories?post=12733"},{"taxonomy":"post_tag","embeddable":true,"href":"https:\/\/www.stilartmoebel.de\/zuhause-bei-sam\/wp-json\/wp\/v2\/tags?post=12733"}],"curies":[{"name":"wp","href":"https:\/\/api.w.org\/{rel}","templated":true}]}}