{"id":12710,"date":"2023-03-14T08:00:00","date_gmt":"2023-03-14T06:00:00","guid":{"rendered":"https:\/\/www.stilartmoebel.de\/zuhause-bei-sam\/?p=12710"},"modified":"2025-06-18T16:02:24","modified_gmt":"2025-06-18T14:02:24","slug":"der-fruehling-naht-balkongestaltung-mit-frischen-moebeln-und-farben","status":"publish","type":"post","link":"https:\/\/www.stilartmoebel.de\/zuhause-bei-sam\/der-fruehling-naht-balkongestaltung-mit-frischen-moebeln-und-farben\/","title":{"rendered":"Der Fr\u00fchling naht &#8211; Balkon mit frischen M\u00f6beln und Farben ausstatten"},"content":{"rendered":"<p style=\"text-align: justify;\"><span style=\"color: #000000;\"><span style=\"font-family: 'Helvetica Neue', serif;\"><span style=\"font-size: small;\"><span style=\"font-family: Arial, serif;\">Wenn die Tage wieder l\u00e4nger werden und die Temperaturen langsam steigen, steht der Fr\u00fchling vor der T\u00fcr. Zu dieser Zeit bekommen die Menschen auch wieder mehr Lust, etwas drau\u00dfen zu unternehmen. Um die Zeit auch drau\u00df<\/span><span style=\"font-family: Arial, serif;\"><span lang=\"nl-NL\">en genie<\/span><\/span><span style=\"font-family: Arial, serif;\">\u00dfen zu k<\/span><span style=\"font-family: Arial, serif;\"><span lang=\"sv-SE\">\u00f6<\/span><\/span><span style=\"font-family: Arial, serif;\">nnen, richten sich viele Menschen Ihren Balkon wieder sch<\/span><span style=\"font-family: Arial, serif;\"><span lang=\"sv-SE\">\u00f6<\/span><\/span><span style=\"font-family: Arial, serif;\">n ein, damit sie sich dort ein wenig entspannen k<\/span><span style=\"font-family: Arial, serif;\"><span lang=\"sv-SE\">\u00f6<\/span><\/span><span style=\"font-family: Arial, serif;\">nnen. Was die Gestaltung des Balkons angeht, kommt es nat\u00fcrlich zum einen auf seine Fl\u00e4che und den Schnitt an, zum anderen aber nat\u00fcrlich auch auf Ihren pers\u00f6nlichen Geschmack.\u00a0<\/span><\/span><\/span><\/span><span style=\"color: #000000;\"><span style=\"font-family: 'Helvetica Neue', serif;\"><span style=\"font-size: small;\"><span style=\"font-family: Arial, serif;\">Zus\u00e4tzlich bekommt man aber auch Lust, die Wohnung ein wenig neu zu gestalten und aufzufrischen und mit frischen Farben und Dekoration den Fr\u00fchling auch in die Wohnung zu lassen.<\/span><\/span><\/span><\/span><!--more--><\/p>\n<p><span style=\"color: #000000;\"><span style=\"font-family: 'Helvetica Neue', serif;\"><span style=\"font-size: small;\"><span style=\"font-family: Arial, serif;\">In diesem Text erfahren Sie alles, was Sie \u00fcber die Einrichtung Ihres Freisitzes wissen m\u00fcssen und wie Sie ihn zum Fr\u00fchling hin ein wenig auffrischen k\u00f6nnen.<\/span><\/span><\/span><\/span><\/p>\n<h2 style=\"text-align: justify;\"><span style=\"color: #000000;\"><span style=\"font-family: 'Helvetica Neue', serif;\"><span style=\"font-size: small;\"><span style=\"font-family: Arial, serif;\"><span style=\"font-size: medium;\">Auf die Himmelsrichtung kommt es an<\/span><\/span><\/span><\/span><\/span><\/h2>\n<p style=\"text-align: justify;\"><span style=\"color: #000000;\"><span style=\"font-family: 'Helvetica Neue', serif;\"><span style=\"font-size: small;\"><span style=\"font-family: Arial, serif;\">Ein wichtiger Faktor in Bezug auf die Gestaltung des Balkons ist die Himmelsrichtung. Durch sie wird bestimmt, ob der Balkon viel oder wenig Sonnenlicht abbekommt. Auf dieser Grundlage k\u00f6nnen Sie dann die Pflanzen, die <a href=\"https:\/\/www.moebelliebling.de\/Garten-Balkon\/\" target=\"_blank\" rel=\"noopener\">Gartenm\u00f6bel<\/a> und den passenden Sonnenschutz aussuchen.<\/span><\/span><\/span><\/span><\/p>\n<h5 style=\"text-align: justify;\"><span style=\"color: #000000;\"><span style=\"font-family: 'Helvetica Neue', serif;\"><span style=\"font-size: small;\"><span style=\"font-family: Arial, serif;\"><u><b>Der Nord-Balkon<\/b><\/u><\/span><\/span><\/span><\/span><\/h5>\n<p style=\"text-align: justify;\"><span style=\"color: #000000;\"><span style=\"font-family: 'Helvetica Neue', serif;\"><span style=\"font-size: small;\"><span style=\"font-family: Arial, serif;\">Der Nord-Balkon ist leider nicht ideal, da Sie hier wahrscheinlich nie die M\u00f6glichkeit bekommen werden, sich in die Sonne zu legen und zu entspannen. Trotz alledem k\u00f6nnen Sie sich dort ein sch\u00f6nes Pl\u00e4tzchen im Freien kreieren. Besonders an hei\u00dfen Sommertagen werden Sie vielleicht dankbar f\u00fcr den Schatten sein, da Sie sich dort sch\u00f6n entspannen k\u00f6nnen. In Bezug auf die M\u00f6bel sollten Sie jedoch im Hinterkopf behalten, dass diese schlecht richtig trocknen k\u00f6nnen, wenn sie einmal nass geworden sind. Machen Sie in diesem Fall also keine Abstriche bei der Qualit\u00e4t der M\u00f6bel und achten Sie darauf, dass sie witterungsbest\u00e4ndig sind. <\/span><\/span><\/span><\/span><span style=\"color: #000000;\"><span style=\"font-family: 'Helvetica Neue', serif;\"><span style=\"font-size: small;\"><span style=\"font-family: Arial, serif;\">F\u00fcr die Begr\u00fcnung k\u00f6nnen Sie alles nehmen, was es schattig mag, wie beispielsweise Farne oder Gr\u00e4ser.<\/span><\/span><\/span><\/span><\/p>\n<h5 style=\"text-align: justify;\"><span style=\"color: #000000;\"><span style=\"font-family: 'Helvetica Neue', serif;\"><span style=\"font-size: small;\"><span style=\"font-family: Arial, serif;\"><u><b>Der Ost-West-Balkon<\/b><\/u><\/span><\/span><\/span><\/span><\/h5>\n<p style=\"text-align: justify;\"><span style=\"color: #000000;\"><span style=\"font-family: 'Helvetica Neue', serif;\"><span style=\"font-size: small;\"><span style=\"font-family: Arial, serif;\">Auf einem Balkon, der nach Osten ausgerichtet ist, werden Sie die ersten Stunden des Tages die Sonne zu sehen bekommen. Das bedeutet also, dass Sie ganz gem\u00fctlich in der Sonne fr\u00fchst\u00fccken k\u00f6nnen. Auf diesem Balkon darf ein kleiner Tisch mit zwei St\u00fchlen also auf keinen Fall fehlen. Ein Sonnenschutz ist hier nur notwendig, wenn Sie vormittags auf dem Balkon sitzen und Sie es schon da unangenehm finden. Die Ost-West-Balkone bekommen schon ab mittags keine Sonne mehr ab und liegen somit die meiste Zeit im Schatten. Das sollten Sie beim Kauf von Blumen auf jeden Fall beachten.<\/span><\/span><\/span><\/span><\/p>\n<p style=\"text-align: justify;\"><span style=\"color: #000000;\"><span style=\"font-family: 'Helvetica Neue', serif;\"><span style=\"font-size: small;\"><span style=\"font-family: Arial, serif;\">Auch der West-Balkon bekommt nur einen halben Tag lang Sonne, allerdings in der zweiten H\u00e4lfte des Tages. Hier k\u00f6nnen Sie also ein gem\u00fctliches Abendessen bei einem sch\u00f6nen Sonnenuntergang genie\u00dfen.<\/span><\/span><\/span><\/span><\/p>\n<h5 style=\"text-align: justify;\"><span style=\"color: #000000;\"><span style=\"font-family: 'Helvetica Neue', serif;\"><span style=\"font-size: small;\"><span style=\"font-family: Arial, serif;\"><u><b>Der S\u00fcdbalkon<\/b><\/u><\/span><\/span><\/span><\/span><\/h5>\n<p style=\"text-align: justify;\"><span style=\"color: #000000;\"><span style=\"font-family: 'Helvetica Neue', serif;\"><span style=\"font-size: small;\"><span style=\"font-family: Arial, serif;\">Wer einen S\u00fcdbalkon hat, kann sich auf jeden Fall sehr gl\u00fccklich sch\u00e4tzen, denn dort haben Sie fast den ganzen Tag \u00fcber ein sonniges Pl\u00e4tzchen. Wenn Sie gen\u00fcgend Platz zur Verf\u00fcgung haben, k\u00f6nnen Sie sich eine Sonnenliege oder einen Klappstuhl rausstellen und sich sonnen. Bei solch einem Balkon sollten Sie in Bezug auf die Blumen die Arten ausw\u00e4hlen, die viel Sonne vertragen k\u00f6nnen wie zum Beispiel Hibiskus oder Lavendel. Sie m\u00fcssen jedoch daran denken, die Blumen regelm\u00e4\u00dfig zu gie\u00dfen. Auch Blumen, die viel Sonne vertragen k\u00f6nnen, gehen ohne Wasser irgendwann ein.<\/span><\/span><\/span><\/span><\/p>\n<h2 style=\"text-align: justify;\"><span style=\"color: #000000;\"><span style=\"font-family: 'Helvetica Neue', serif;\"><span style=\"font-size: small;\"><span style=\"font-family: Arial, serif;\"><span style=\"font-size: medium;\">Obst, Kr\u00e4uter und Gem\u00fcse<\/span><\/span><\/span><\/span><\/span><\/h2>\n<p style=\"text-align: justify;\"><span style=\"color: #000000;\"><span style=\"font-family: 'Helvetica Neue', serif;\"><span style=\"font-size: small;\"><span style=\"font-family: Arial, serif;\">Einige von Ihnen werden vielleicht auch den Wunsch haben, Kr\u00e4uter auf dem Balkon anpflanzen zu k\u00f6nnen. Sie k\u00f6nnen sogar ein wenig Obst oder Gem\u00fcse selber anbauen. Speziell f\u00fcr den Balkon gibt es buschige und kleine Gew\u00e4chse. Erdbeeren eignen sich sehr gut daf\u00fcr, um sie in einem Pflanzkasten anzubauen.<\/span><\/span><\/span><\/span><\/p>\n<h2 style=\"text-align: justify;\"><span style=\"color: #000000;\"><span style=\"font-family: 'Helvetica Neue', serif;\"><span style=\"font-size: small;\"><span style=\"font-family: Arial, serif;\"><span style=\"font-size: medium;\">Tipps zur Gestaltung<\/span><\/span><\/span><\/span><\/span><\/h2>\n<p style=\"text-align: justify;\"><span style=\"color: #000000;\"><span style=\"font-family: 'Helvetica Neue', serif;\"><span style=\"font-size: small;\"><span style=\"font-family: Arial, serif;\">Wenn Sie sich f\u00fcr M\u00f6bel f\u00fcr Ihren Balkon entscheiden m\u00fcssen, w\u00e4re es ratsam, wenn es sich dabei nicht um massive M\u00f6bel handeln w\u00fcrde, da diese zu viel Platz einnehmen w\u00fcrden. Nehmen Sie also besser schlichte und zierliche M\u00f6belst\u00fccke und z.B. klappbare St\u00fchle und einen Tisch. <\/span><\/span><\/span><\/span><span style=\"color: #000000;\"><span style=\"font-family: 'Helvetica Neue', serif;\"><span style=\"font-size: small;\"><span style=\"font-family: Arial, serif;\">Wichtig ist es noch dazu, dass der Balkon nicht als Abstellkammer gesehen wird. H\u00e4ufig werden zum Beispiel Sportschuhe oder Getr\u00e4nkek\u00e4sten auf den Balkon gestellt, da sie in der Wohnung nur Platz wegnehmen.<\/span><\/span><\/span><\/span><\/p>\n<p style=\"text-align: justify;\"><span style=\"color: #000000;\"><span style=\"font-family: 'Helvetica Neue', serif;\"><span style=\"font-size: small;\"><span style=\"font-family: Arial, serif;\">Falls Sie Pflanzen auf Ihrem Balkon unterbringen m\u00f6chten, empfiehlt es sich, diese vertikal anzuordnen, da Sie so mehr Platz zur Verf\u00fcgung haben. Nutzen Sie au\u00dferdem nicht nur den Boden und das Gel\u00e4nder. Mit ein paar Haken und Regalbrettern k\u00f6nnen Sie die Pflanzen auch an Ihrer Wand anbringen.<\/span><\/span><\/span><\/span><\/p>\n","protected":false},"excerpt":{"rendered":"<p>Wenn die Tage wieder l\u00e4nger werden und die Temperaturen langsam steigen, steht der Fr\u00fchling vor der T\u00fcr. Zu dieser Zeit bekommen die Menschen auch wieder mehr Lust, etwas drau\u00dfen zu unternehmen. Um die Zeit auch drau\u00dfen genie\u00dfen zu k\u00f6nnen, richten sich viele Menschen Ihren Balkon wieder sch\u00f6n ein, damit sie sich dort ein wenig entspannen [&hellip;]<\/p>\n","protected":false},"author":8,"featured_media":12711,"comment_status":"closed","ping_status":"closed","sticky":false,"template":"","format":"standard","meta":{"footnotes":""},"categories":[593,595,588,600,598,596,599,20,1,589,591],"tags":[28,791,146,136,16,61,47,793,797,798,143,325,463,796,255,792,784,795,575,785,788,790,787,103,229,794,786,789,777],"class_list":["post-12710","post","type-post","status-publish","format-standard","has-post-thumbnail","hentry","category-dekoration","category-dekorieren","category-einfach-selber-machen","category-einrichtungs-trends","category-garten-tipps","category-gartenmoebel","category-inspiration","category-mein-garten","category-mein-zuhause","category-pflanzen","category-stilrichtungen","tag-balkon","tag-begruenung","tag-blumen","tag-dekoration","tag-einrichten","tag-einrichtung","tag-farben","tag-farn","tag-frisch","tag-frische","tag-fruehling","tag-garten","tag-gartenmoebel","tag-gartenstuhl","tag-gestaltung","tag-graeser","tag-himmelsrichtung","tag-klappstuhl","tag-moebel","tag-nord-balkon","tag-norden","tag-ost-west","tag-ost-west-balkon","tag-pflanzen","tag-sonne","tag-sonnenliege","tag-sued-balkon","tag-sueden","tag-zuhause"],"amp_enabled":true,"_links":{"self":[{"href":"https:\/\/www.stilartmoebel.de\/zuhause-bei-sam\/wp-json\/wp\/v2\/posts\/12710","targetHints":{"allow":["GET"]}}],"collection":[{"href":"https:\/\/www.stilartmoebel.de\/zuhause-bei-sam\/wp-json\/wp\/v2\/posts"}],"about":[{"href":"https:\/\/www.stilartmoebel.de\/zuhause-bei-sam\/wp-json\/wp\/v2\/types\/post"}],"author":[{"embeddable":true,"href":"https:\/\/www.stilartmoebel.de\/zuhause-bei-sam\/wp-json\/wp\/v2\/users\/8"}],"replies":[{"embeddable":true,"href":"https:\/\/www.stilartmoebel.de\/zuhause-bei-sam\/wp-json\/wp\/v2\/comments?post=12710"}],"version-history":[{"count":6,"href":"https:\/\/www.stilartmoebel.de\/zuhause-bei-sam\/wp-json\/wp\/v2\/posts\/12710\/revisions"}],"predecessor-version":[{"id":15729,"href":"https:\/\/www.stilartmoebel.de\/zuhause-bei-sam\/wp-json\/wp\/v2\/posts\/12710\/revisions\/15729"}],"wp:featuredmedia":[{"embeddable":true,"href":"https:\/\/www.stilartmoebel.de\/zuhause-bei-sam\/wp-json\/wp\/v2\/media\/12711"}],"wp:attachment":[{"href":"https:\/\/www.stilartmoebel.de\/zuhause-bei-sam\/wp-json\/wp\/v2\/media?parent=12710"}],"wp:term":[{"taxonomy":"category","embeddable":true,"href":"https:\/\/www.stilartmoebel.de\/zuhause-bei-sam\/wp-json\/wp\/v2\/categories?post=12710"},{"taxonomy":"post_tag","embeddable":true,"href":"https:\/\/www.stilartmoebel.de\/zuhause-bei-sam\/wp-json\/wp\/v2\/tags?post=12710"}],"curies":[{"name":"wp","href":"https:\/\/api.w.org\/{rel}","templated":true}]}}