{"id":12663,"date":"2018-02-27T08:00:30","date_gmt":"2018-02-27T06:00:30","guid":{"rendered":"https:\/\/www.stilartmoebel.de\/zuhause-bei-sam\/?p=12663"},"modified":"2025-07-03T11:13:31","modified_gmt":"2025-07-03T09:13:31","slug":"diy-trend-reparieren-statt-wegwerfen","status":"publish","type":"post","link":"https:\/\/www.stilartmoebel.de\/zuhause-bei-sam\/diy-trend-reparieren-statt-wegwerfen\/","title":{"rendered":"DIY: Trend reparieren statt wegwerfen"},"content":{"rendered":"<p style=\"text-align: justify;\"><span style=\"color: #000000;\"><span style=\"font-family: 'Helvetica Neue', serif;\"><span style=\"font-size: small;\"><span style=\"font-family: Arial, serif;\">Jeder von Ihnen wird zumindest eines dieser Probleme kennen: Das Display des Handys hat einen Riss, ein elektronisches Ger\u00e4t will nicht mehr richtig arbeiten oder der Rei\u00dfverschluss der Lieblingshose klemmt. Fr\u00fcher oder sp\u00e4ter geben die meisten Gegenst\u00e4nde, vor allem welche, die man h\u00e4ufig nutzt, den Geist auf. Wenn man sich dann dazu entscheidet, die Dinge reparieren zu lassen, bekommt man oft zu h\u00f6ren, dass sich das nicht mehr lohnt. Besonders bei fest verbauten Akkus, zu teuren Ersatzteilen oder einer fehlenden Anleitung f\u00fcr die Reparatur ist der Aufwand zu gro\u00df, das Ger\u00e4t wieder zum Laufen zu bringen. <\/span><\/span><\/span><\/span><\/p>\n<p style=\"text-align: justify;\"><span style=\"color: #000000;\"><span style=\"font-family: 'Helvetica Neue', serif;\"><span style=\"font-size: small;\"><span style=\"font-family: Arial, serif;\">Doch trotz alledem sollten Sie die Gegenst\u00e4nde nicht sofort wegschmei\u00dfen. Oft ist es trotzdem m\u00f6glich, sie zu reparieren und es w\u00e4re viel zu schade, sie einfach zu entsorgen.<\/span><\/span><\/span><\/span><\/p>\n<p style=\"text-align: justify;\"><span style=\"color: #000000;\"><span style=\"font-family: 'Helvetica Neue', serif;\"><span style=\"font-size: small;\"><span style=\"font-family: Arial, serif;\">In diesem Text erfahren Sie alles, was Sie \u00fcber das Thema Reparieren wissen sollten, <a href=\"https:\/\/www.repaircafe.org\/de\/\" target=\"_blank\" rel=\"noopener\">was Repair Caf\u00e9s sind<\/a> und weitere Tipps, wie Sie das st\u00e4ndige Wegwerfen von vielleicht n\u00fctzlichen Produkten verhindern k\u00f6nnen.<\/span><\/span><\/span><\/span><\/p>\n<h2 style=\"text-align: justify;\"><span style=\"color: #000000;\"><span style=\"font-family: 'Helvetica Neue', serif;\"><span style=\"font-size: small;\"><span style=\"font-family: Arial, serif;\"><span style=\"font-size: medium;\"><b>Was ist ein Repair Caf\u00e9?<\/b><\/span><\/span><\/span><\/span><\/span><\/h2>\n<p style=\"text-align: justify;\"><span style=\"color: #000000;\"><span style=\"font-family: 'Helvetica Neue', serif;\"><span style=\"font-size: small;\"><span style=\"font-family: Arial, serif;\">Einige von Ihnen werden den Begriff des \u201eRepair Caf\u00e9s\u201c vielleicht noch nie geh\u00f6rt haben und das, obwohl sie immer beliebter werden und schon ziemlich weit verbreitet sind. Repair Caf\u00e9s sind ehrenamtliche Treffen, bei denen man alleine oder zusammen mit anderen kaputte Dinge reparieren kann. Werkzeug oder Materialien muss man nicht mitbringen, da dies f\u00fcr alle m\u00f6glichen Reparaturen schon vor Ort vorhanden ist. Sie sind aber dort nicht auf sich alleine gestellt, denn auch Experten treffen Sie dort an. Egal ob Schneiderinnen, Elektriker oder Tischler, f\u00fcr jedes Problem wird sich ein Fachmann finden, der Ihnen notfalls helfen kann. <\/span><\/span><\/span><\/span><\/p>\n<p style=\"text-align: justify;\"><span style=\"color: #000000;\"><span style=\"font-family: 'Helvetica Neue', serif;\"><span style=\"font-size: small;\"><span style=\"font-family: Arial, serif;\">Das Tolle an einem solchen Repair Caf\u00e9 ist auch, dass es nicht nur Spa\u00df macht, die Sachen zu reparieren, sondern dass man auch eine Menge lernen kann. Sollten Sie also nichts zu reparieren haben, k\u00f6nnen Sie einem solchen Caf\u00e9 trotzdem einen Besuch abstatten und es sich mit einer Tasse Kaffee am Tisch bequem machen und zuschauen. Oder aber Sie helfen jemand anderem bei seiner Reparatur.<\/span><\/span><\/span><\/span><\/p>\n<p style=\"text-align: justify;\"><span style=\"color: #000000;\"><span style=\"font-family: 'Helvetica Neue', serif;\"><span style=\"font-size: small;\"><span style=\"font-family: Arial, serif;\">Es kommt auch h\u00e4ufig die Frage auf, ob die Reparaturtreffen, welche \u00fcbrigens kostenlos sind, nicht eine Konkurrenz f\u00fcr die Profis auf diesem Gebiet darstellen. Doch das ist ganz und gar nicht der Fall, eher im Gegenteil. Die Repair Caf\u00e9s sollen in den Menschen das Interesse am Reparieren wiedererwecken. Zudem werden Kunden auch regelm\u00e4\u00dfig an Profis verwiesen.<\/span><\/span><\/span><\/span><\/p>\n<p><img loading=\"lazy\" decoding=\"async\" class=\"alignright size-full wp-image-12665\" src=\"https:\/\/www.stilartmoebel.de\/zuhause-bei-sam\/wp-content\/uploads\/2018\/02\/smiling-senior-repair.jpg\" alt=\"\" width=\"1200\" height=\"743\" srcset=\"https:\/\/www.stilartmoebel.de\/zuhause-bei-sam\/wp-content\/uploads\/2018\/02\/smiling-senior-repair.jpg 1200w, https:\/\/www.stilartmoebel.de\/zuhause-bei-sam\/wp-content\/uploads\/2018\/02\/smiling-senior-repair-300x186.jpg 300w\" sizes=\"auto, (max-width: 1200px) 100vw, 1200px\" \/><\/p>\n<h2 style=\"text-align: justify;\"><span style=\"color: #000000;\"><span style=\"font-family: 'Helvetica Neue', serif;\"><span style=\"font-size: small;\"><span style=\"font-family: Arial, serif;\"><span style=\"font-size: medium;\"><b>Immer wieder neue Produkte kaufen?<\/b><\/span><\/span><\/span><\/span><\/span><\/h2>\n<p><span style=\"color: #000000;\"><span style=\"font-family: 'Helvetica Neue', serif;\"><span style=\"font-size: small;\"><span style=\"font-family: Arial, serif;\">Jeder kennt es: Kaum ist die Garantie vom Fernseher, Handy, Laptop oder der Waschmaschine abgelaufen, gibt das Ger\u00e4t den Geist auf und ist ein Fall f\u00fcr einen Fachmann. Doch woran liegt das eigentlich? F\u00fcr viele ist klar, dass das kein Zufall sein kann und in den Ger\u00e4ten sowas wie ein Verfallsdatum oder eine Sollbruchstelle eingebaut sein muss. Eigentlich ziemlich clever, da die Konsumenten so dazu bewegt werden, schneller neue Produkte zu kaufen, vor allem weil sich eine Reparatur h\u00e4ufig nicht mehr lohnt. F\u00fcr den Konsumenten und somit f\u00fcr uns selbst und vor allem auch f\u00fcr die Umwelt ist das nat\u00fcrlich alles andere als gut.<\/span><\/span><\/span><\/span><\/p>\n<p style=\"text-align: justify;\"><span style=\"color: #000000;\"><span style=\"font-family: 'Helvetica Neue', serif;\"><span style=\"font-size: small;\"><span style=\"font-family: Arial, serif;\">Um aus dem Kreislauf, st\u00e4ndig neue Produkte kaufen zu m\u00fcssen, heraus zu kommen, lautet das Motto \u201eSelbermachen\u201c bzw reparieren. <\/span><\/span><\/span><\/span><\/p>\n<p style=\"text-align: justify;\"><span style=\"color: #000000;\"><span style=\"font-family: 'Helvetica Neue', serif;\"><span style=\"font-size: small;\"><span style=\"font-family: Arial, serif;\">Wenn Sie also gerne Dinge selber machen, k\u00f6nnen Sie sich hier komplett ausleben und das vor allem, wenn Sie Zugriff zu einem 3D-Drucker haben. Damit k\u00f6nnen Sie alles drucken was Sie m\u00f6chten, egal ob Metall oder Kunststoff und die Drucker sind inzwischen so kompakt, dass sie auf einen normalen <a href=\"https:\/\/www.moebelliebling.de\/Esstische\/\" target=\"_blank\" rel=\"noopener\">Esstisch<\/a> passen.<\/span><\/span><\/span><\/span><\/p>\n<p style=\"text-align: justify;\"><span style=\"color: #000000;\"><span style=\"font-family: 'Helvetica Neue', serif;\"><span style=\"font-size: small;\"><span style=\"font-family: Arial, serif;\">Ansonsten k\u00f6nnen Sie auch irgendwie versuchen, die Ger\u00e4te selber zu reparieren. Kaputt machen k\u00f6nnen Sie dann schlie\u00dflich nichts mehr und die Garantie ist sowieso abgelaufen.<\/span><\/span><\/span><\/span><\/p>\n<h2 style=\"text-align: justify;\"><span style=\"color: #000000;\"><span style=\"font-family: 'Helvetica Neue', serif;\"><span style=\"font-size: small;\"><span style=\"font-family: Arial, serif;\"><span style=\"font-size: medium;\"><b>Tipps rund um das Thema Reparieren<\/b><\/span><\/span><\/span><\/span><\/span><\/h2>\n<p style=\"text-align: justify;\"><span style=\"color: #000000;\"><span style=\"font-family: 'Helvetica Neue', serif;\"><span style=\"font-size: small;\"><span style=\"font-family: Arial, serif;\">Die Produkte, die man kaufen kann, sollten auf jeden Fall leichter zu reparieren sein. Das w\u00fcrde man erreichen, wenn die Elektroger\u00e4te mit Schrauben verschlossen werden, die man auch wieder herausdrehen kann. Empfindliche Bauteile und Akkus sollten viel einfacher auszutauschen sein, denn h\u00e4ufig sind sie so verbaut, dass es fast unm\u00f6glich ist, den kaputten Akku herauszuholen. Es ist auch hilfreich, wenn Sie nach einem Kauf beim H\u00e4ndler oder direkt beim Hersteller nachfragen, ob und wie lange Ersatzteile f\u00fcr dieses Produkt verf\u00fcgbar sind.<\/span><\/span><\/span><\/span><\/p>\n<p style=\"text-align: justify;\"><span style=\"color: #000000;\"><span style=\"font-family: 'Helvetica Neue', serif;\"><span style=\"font-size: small;\"><span style=\"font-family: Arial, serif;\">Sollten Sie bei Ihrem neugekauften Produkt einen Fehler entdecken, haben Sie das Recht, innerhalb der ersten zwei Jahre nach dem Kauf die kostenlose Reparatur oder den Ersatz in Anspruch zu nehmen. Damit dieses Recht auch bestehen bleibt, sollten Sie innerhalb dieser zwei Jahre auf keinen Fall versuchen, das Ger\u00e4t selber zu reparieren, da die Garantie dadurch verf\u00e4llt.<\/span><\/span><\/span><\/span><\/p>\n<p style=\"text-align: justify;\">\n","protected":false},"excerpt":{"rendered":"<p>Jeder von Ihnen wird zumindest eines dieser Probleme kennen: Das Display des Handys hat einen Riss, ein elektronisches Ger\u00e4t will nicht mehr richtig arbeiten oder der Rei\u00dfverschluss der Lieblingshose klemmt. Fr\u00fcher oder sp\u00e4ter geben die meisten Gegenst\u00e4nde, vor allem welche, die man h\u00e4ufig nutzt, den Geist auf. Wenn man sich dann dazu entscheidet, die Dinge [&hellip;]<\/p>\n","protected":false},"author":8,"featured_media":12664,"comment_status":"closed","ping_status":"closed","sticky":false,"template":"","format":"standard","meta":{"footnotes":""},"categories":[1],"tags":[758,641,764,99,197,760,755,761,762,575,754,759,756,757,753,763,353],"class_list":["post-12663","post","type-post","status-publish","format-standard","has-post-thumbnail","hentry","category-mein-zuhause","tag-cafe","tag-diy","tag-ersatzteile","tag-fachmann","tag-fernseher","tag-garantie","tag-geraete","tag-handy","tag-laptop","tag-moebel","tag-recyclen","tag-repair-cafe","tag-reparatur","tag-reparaturcafe","tag-reparieren","tag-schrauben","tag-trend"],"amp_enabled":true,"_links":{"self":[{"href":"https:\/\/www.stilartmoebel.de\/zuhause-bei-sam\/wp-json\/wp\/v2\/posts\/12663","targetHints":{"allow":["GET"]}}],"collection":[{"href":"https:\/\/www.stilartmoebel.de\/zuhause-bei-sam\/wp-json\/wp\/v2\/posts"}],"about":[{"href":"https:\/\/www.stilartmoebel.de\/zuhause-bei-sam\/wp-json\/wp\/v2\/types\/post"}],"author":[{"embeddable":true,"href":"https:\/\/www.stilartmoebel.de\/zuhause-bei-sam\/wp-json\/wp\/v2\/users\/8"}],"replies":[{"embeddable":true,"href":"https:\/\/www.stilartmoebel.de\/zuhause-bei-sam\/wp-json\/wp\/v2\/comments?post=12663"}],"version-history":[{"count":5,"href":"https:\/\/www.stilartmoebel.de\/zuhause-bei-sam\/wp-json\/wp\/v2\/posts\/12663\/revisions"}],"predecessor-version":[{"id":15982,"href":"https:\/\/www.stilartmoebel.de\/zuhause-bei-sam\/wp-json\/wp\/v2\/posts\/12663\/revisions\/15982"}],"wp:featuredmedia":[{"embeddable":true,"href":"https:\/\/www.stilartmoebel.de\/zuhause-bei-sam\/wp-json\/wp\/v2\/media\/12664"}],"wp:attachment":[{"href":"https:\/\/www.stilartmoebel.de\/zuhause-bei-sam\/wp-json\/wp\/v2\/media?parent=12663"}],"wp:term":[{"taxonomy":"category","embeddable":true,"href":"https:\/\/www.stilartmoebel.de\/zuhause-bei-sam\/wp-json\/wp\/v2\/categories?post=12663"},{"taxonomy":"post_tag","embeddable":true,"href":"https:\/\/www.stilartmoebel.de\/zuhause-bei-sam\/wp-json\/wp\/v2\/tags?post=12663"}],"curies":[{"name":"wp","href":"https:\/\/api.w.org\/{rel}","templated":true}]}}