{"id":12656,"date":"2018-02-24T08:00:18","date_gmt":"2018-02-24T06:00:18","guid":{"rendered":"https:\/\/www.stilartmoebel.de\/zuhause-bei-sam\/?p=12656"},"modified":"2025-07-03T11:16:50","modified_gmt":"2025-07-03T09:16:50","slug":"sofas-und-wohnlandschaften-aus-holz-und-kunstleder","status":"publish","type":"post","link":"https:\/\/www.stilartmoebel.de\/zuhause-bei-sam\/sofas-und-wohnlandschaften-aus-holz-und-kunstleder\/","title":{"rendered":"Sofas und Wohnlandschaften aus Holz und Kunstleder"},"content":{"rendered":"<p><span style=\"color: #000000;\"><span style=\"font-family: 'Helvetica Neue', serif;\"><span style=\"font-size: small;\"><span style=\"font-family: Arial, serif;\">Es ist gar nicht so einfach, das passende Sofa f\u00fcr seine Wohnung zu finden. Schlie\u00dflich ist so ein Sofa auch nicht gerade g\u00fcnstig, deshalb m\u00f6chte man schon, dass sich die Investition lohnt und man das passende Sofa findet. Da es allerdings so viele verschiedene Arten von Sofas gibt, ist es gar nicht immer so einfach, sich f\u00fcr eins zu entscheiden. Vor allem kommt es bei der Entscheidung auf Ihren pers\u00f6nlichen Geschmack und die restliche Einrichtung des Raums an.<\/span><\/span><\/span><\/span><\/p>\n<p><span style=\"color: #000000;\"><span style=\"font-family: 'Helvetica Neue', serif;\"><span style=\"font-size: small;\"><span style=\"font-family: Arial, serif;\">In diesem Text erfahren Sie alles, was Sie \u00fcber Sofas und <a href=\"https:\/\/www.moebelliebling.de\/\" target=\"_blank\" rel=\"noopener\">Wohnlandschaften aus Holz<\/a> und Kunstleder wissen m\u00fcssen und wie Sie sich \u00fcberhaupt f\u00fcr das richtige Sofa entscheiden.<\/span><\/span><\/span><\/span><\/p>\n<h2><span style=\"color: #000000;\"><span style=\"font-family: 'Helvetica Neue', serif;\"><span style=\"font-size: small;\"><span style=\"font-family: Arial, serif;\"><span style=\"font-size: medium;\"><b>Das passende Sofa finden<\/b><\/span><\/span><\/span><\/span><\/span><\/h2>\n<p><span style=\"color: #000000;\"><span style=\"font-family: 'Helvetica Neue', serif;\"><span style=\"font-size: small;\"><span style=\"font-family: Arial, serif;\">Bevor Sie sich f\u00fcr eine Couch entscheiden, m\u00fcssen Sie sich zuerst einmal \u00fcberlegen, welche Funktion sie \u00fcberhaupt haben soll und wer es haupts\u00e4chlich nutzen wird. Wird das Sofa eher weniger genutzt und hat haupts\u00e4chlich eine representative Funktion? Oder brauchen Sie eher ein gro\u00dfes und vor allem pflegeleichtes Sofa, auf dem die ganze Familie Platz findet? Soll es vielleicht ein Schlafsofa sein oder reicht Ihnen ein einfaches Sofa, um in Ruhe fern zu sehen?<\/span><\/span><\/span><\/span><\/p>\n<p><span style=\"color: #000000;\"><span style=\"font-family: 'Helvetica Neue', serif;\"><span style=\"font-size: small;\"><span style=\"font-family: Arial, serif;\">Das Wichtigste ist allerdings, dass Ihnen die Couch gef\u00e4llt, denn Sie sind es, die sie jeden Tag sehen werden und nicht Ihre G\u00e4ste.<\/span><\/span><\/span><\/span><\/p>\n<p><span style=\"color: #000000;\"><span style=\"font-family: 'Helvetica Neue', serif;\"><span style=\"font-size: small;\"><span style=\"font-family: Arial, serif;\">Auch die Gr\u00f6\u00dfe spielt nat\u00fcrlich eine wichtige Rolle. Sie sollten sich also \u00fcberlegen, wo Sie das Sofa hinstellen m\u00f6chten und wie viel Platz es einnimmt. Am besten w\u00e4re es, wenn Sie am Anfang alles ganz genau ausmessen und eine Skizze anfertigen, das kann eine gro\u00dfe Hilfe sein. Behalten Sie auf jeden Fall im Hinterkopf, dass Sie auch hinter und neben dem Sofa ein wenig Platz ben\u00f6tigen. Manche Modelle haben au\u00dferdem zum Beispiel eine klappbare Lehne, welche auch ber\u00fccksichtigt werden muss. <\/span><\/span><\/span><\/span><\/p>\n<p><span style=\"color: #000000;\"><span style=\"font-family: 'Helvetica Neue', serif;\"><span style=\"font-size: small;\"><span style=\"font-family: Arial, serif;\">Vor allem f\u00fcr \u00e4ltere Menschen ist die Sitzh\u00f6he und -tiefe sehr wichtig. Je niedriger das Sofa ist, desto schwieriger ist es f\u00fcr diese Menschen aufzustehen. Au\u00dferdem h\u00e4ngt die passende H\u00f6he f\u00fcr ein bequemes Sitzen und Aufstehen auch von der jeweiligen K\u00f6rpergr\u00f6\u00dfe ab. Manchmal ist zum Beispiel bei Familien nicht unbedingt m\u00f6glich, die f\u00fcr jedes einzelne Familienmitglied angenehme H\u00f6he zu finden.<\/span><\/span><\/span><\/span><\/p>\n<h2><span style=\"color: #000000;\"><span style=\"font-family: 'Helvetica Neue', serif;\"><span style=\"font-size: small;\"><span style=\"font-family: Arial, serif;\"><span style=\"font-size: medium;\"><b>Sofas und Wohnlandschaften aus Kunstleder<\/b><\/span><\/span><\/span><\/span><\/span><\/h2>\n<p><span style=\"color: #000000;\"><span style=\"font-family: 'Helvetica Neue', serif;\"><span style=\"font-size: small;\"><span style=\"font-family: Arial, serif;\">Sofas aus Kunstleder sind sehr beliebt und werden auch gerne ins <a href=\"https:\/\/www.moebelliebling.de\/Wohnzimmer\/\" target=\"_blank\" rel=\"noopener\">Wohnzimmer<\/a> gestellt. Doch damit ein solches Kunstleder-Sofas auch noch nach einziger Zeit gut aussieht, muss man es richtig pflegen.Mit der richtigen Pflege beugen Sie vor allem Verbleichungen vor. Generell ist das Kunstleder, im Vergleich zu anderen Materialien, aber sehr robust.<\/span><\/span><\/span><\/span><\/p>\n<p><span style=\"color: #000000;\"><span style=\"font-family: 'Helvetica Neue', serif;\"><span style=\"font-size: small;\"><span style=\"font-family: Arial, serif;\">Die Pflegemittel sollten am besten nicht zu dick aufgetragen werden und Sie sollten genug Zeit verstreichen lassen, damit sie einwirken k\u00f6nnen. Au\u00dferdem sollte der Lappen nicht zu feucht sein, da es sonst zu Rissen oder anderen Sch\u00e4den im Kunstleder kommen kann. Zu starker Druck sollte auch vermieden werden, da auch dies sch\u00e4dlich f\u00fcr das Kunstleder sein kann.<\/span><\/span><\/span><\/span><\/p>\n<h2><span style=\"color: #000000;\"><span style=\"font-family: 'Helvetica Neue', serif;\"><span style=\"font-size: small;\"><span style=\"font-family: Arial, serif;\"><span style=\"font-size: medium;\"><b>Sofas aus Holz und Paletten<br \/>\n<\/b><\/span><\/span><\/span><\/span><\/span><\/h2>\n<p><span style=\"color: #000000;\"><span style=\"font-family: 'Helvetica Neue', serif;\"><span style=\"font-size: small;\"><span style=\"font-family: Arial, serif;\">Wenn Sofas aus Holz Ihrem pers\u00f6nlichen Geschmack entsprechen, Sie aber lieber ein etwas individuelleres Sofa haben m\u00f6chten, w\u00e4re ein Sofa aus Paletten eine gute Alternative f\u00fcr Sie. Das k\u00f6nnen Sie mit ein paar Materialien und ein wenig handwerklichem Geschick ganz einfach selber bauen. F\u00fcr dieses Projekt ben\u00f6tigen Sie sechs Paletten, welche Sie zuerst einmal abschleifen und von \u00fcberstehenden N\u00e4geln befreien sollten.<\/span><\/span><\/span><\/span><\/p>\n<p><span style=\"color: #000000;\"><span style=\"font-family: 'Helvetica Neue', serif;\"><span style=\"font-size: small;\"><span style=\"font-family: Arial, serif;\">Am Ende haben Sie dann ein individuelles und selbst gebautes Sofa, bei dem Sie selber entscheiden k\u00f6nnen, wie Sie die Paletten anordnen m\u00f6chten. Mit der Hilfe von Polstern und Kissen k\u00f6nnen Sie dann zus\u00e4tzlich noch ein bisschen Farbe mit einbringen.<\/span><\/span><\/span><\/span><\/p>\n","protected":false},"excerpt":{"rendered":"<p>Es ist gar nicht so einfach, das passende Sofa f\u00fcr seine Wohnung zu finden. Schlie\u00dflich ist so ein Sofa auch nicht gerade g\u00fcnstig, deshalb m\u00f6chte man schon, dass sich die Investition lohnt und man das passende Sofa findet. Da es allerdings so viele verschiedene Arten von Sofas gibt, ist es gar nicht immer so einfach, [&hellip;]<\/p>\n","protected":false},"author":10,"featured_media":12658,"comment_status":"closed","ping_status":"closed","sticky":false,"template":"","format":"standard","meta":{"footnotes":""},"categories":[1],"tags":[11,16,61,47,255,24,309,4,38,575,13,34,21,413,111,579],"class_list":["post-12656","post","type-post","status-publish","format-standard","has-post-thumbnail","hentry","category-mein-zuhause","tag-design","tag-einrichten","tag-einrichtung","tag-farben","tag-gestaltung","tag-holz","tag-kunstleder","tag-leder","tag-material","tag-moebel","tag-pflege","tag-sofa","tag-trends","tag-wohnlandschaft","tag-wohnung","tag-wohnzimmer"],"amp_enabled":true,"_links":{"self":[{"href":"https:\/\/www.stilartmoebel.de\/zuhause-bei-sam\/wp-json\/wp\/v2\/posts\/12656","targetHints":{"allow":["GET"]}}],"collection":[{"href":"https:\/\/www.stilartmoebel.de\/zuhause-bei-sam\/wp-json\/wp\/v2\/posts"}],"about":[{"href":"https:\/\/www.stilartmoebel.de\/zuhause-bei-sam\/wp-json\/wp\/v2\/types\/post"}],"author":[{"embeddable":true,"href":"https:\/\/www.stilartmoebel.de\/zuhause-bei-sam\/wp-json\/wp\/v2\/users\/10"}],"replies":[{"embeddable":true,"href":"https:\/\/www.stilartmoebel.de\/zuhause-bei-sam\/wp-json\/wp\/v2\/comments?post=12656"}],"version-history":[{"count":6,"href":"https:\/\/www.stilartmoebel.de\/zuhause-bei-sam\/wp-json\/wp\/v2\/posts\/12656\/revisions"}],"predecessor-version":[{"id":15984,"href":"https:\/\/www.stilartmoebel.de\/zuhause-bei-sam\/wp-json\/wp\/v2\/posts\/12656\/revisions\/15984"}],"wp:featuredmedia":[{"embeddable":true,"href":"https:\/\/www.stilartmoebel.de\/zuhause-bei-sam\/wp-json\/wp\/v2\/media\/12658"}],"wp:attachment":[{"href":"https:\/\/www.stilartmoebel.de\/zuhause-bei-sam\/wp-json\/wp\/v2\/media?parent=12656"}],"wp:term":[{"taxonomy":"category","embeddable":true,"href":"https:\/\/www.stilartmoebel.de\/zuhause-bei-sam\/wp-json\/wp\/v2\/categories?post=12656"},{"taxonomy":"post_tag","embeddable":true,"href":"https:\/\/www.stilartmoebel.de\/zuhause-bei-sam\/wp-json\/wp\/v2\/tags?post=12656"}],"curies":[{"name":"wp","href":"https:\/\/api.w.org\/{rel}","templated":true}]}}