{"id":12506,"date":"2017-12-08T13:39:33","date_gmt":"2017-12-08T11:39:33","guid":{"rendered":"https:\/\/www.stilartmoebel.de\/zuhause-bei-sam\/?p=12506"},"modified":"2025-07-03T11:50:10","modified_gmt":"2025-07-03T09:50:10","slug":"rot-und-gold-gerade-in-der-weihnachtszeit-eine-schoene-kombination","status":"publish","type":"post","link":"https:\/\/www.stilartmoebel.de\/zuhause-bei-sam\/rot-und-gold-gerade-in-der-weihnachtszeit-eine-schoene-kombination\/","title":{"rendered":"Rot und Gold &#8211; gerade in der Weihnachtszeit eine sch\u00f6ne Kombination"},"content":{"rendered":"<h2>Die Farben der Weihnachtszeit<\/h2>\n<p>Weihnachten steht vor der T\u00fcr und viele werden sich jetzt Gedanken dar\u00fcber machen, wie die Dekoration dieses Jahr wohl aussehen soll. Vor allem stellt man sich dann die Frage, welche Farbe die Dekoration denn \u00fcberhaupt haben soll. Damit am Ende auch alles gut miteinander harmoniert und nicht etwa eine Sache st\u00f6rend wirkt, sollten Sie sich genau \u00fcberlegen, welche Farben Sie w\u00e4hlen m\u00f6chten. Dabei kommt es nat\u00fcrlich vor allem auf Ihren pers\u00f6nlichen Geschmack an, doch es gibt auch einige Dinge, auf die man generell achten sollte.<\/p>\n<p>In diesem Text erfahren Sie alles, was Sie \u00fcber das Zusammenspiel von Farben wissen m\u00fcssen, damit die Weihnachtszeit die &#8222;passende&#8220; Deko bekommt.<\/p>\n<p><img loading=\"lazy\" decoding=\"async\" class=\"aligncenter size-full wp-image-12519\" src=\"https:\/\/www.stilartmoebel.de\/zuhause-bei-sam\/wp-content\/uploads\/2017\/12\/weihnachten_gold_rot.jpg\" alt=\"\" width=\"1200\" height=\"526\" srcset=\"https:\/\/www.stilartmoebel.de\/zuhause-bei-sam\/wp-content\/uploads\/2017\/12\/weihnachten_gold_rot.jpg 1200w, https:\/\/www.stilartmoebel.de\/zuhause-bei-sam\/wp-content\/uploads\/2017\/12\/weihnachten_gold_rot-300x132.jpg 300w\" sizes=\"auto, (max-width: 1200px) 100vw, 1200px\" \/><\/p>\n<h2>Welche weihnachtlichen Farben passen zusammen?<\/h2>\n<p>Es gibt einige Farben, die besser miteinander harmonieren als andere und genau diese Farben gilt es zu finden. In diesem Fall geht es nat\u00fcrlich besonders um weihnachtliche Farben, die einem die kalte Jahreszeit ein wenig versch\u00f6nern sollen.<\/p>\n<p>Besonders gerne werden die Farben Rot und Gold kombiniert, da diese sehr stilvoll und edel wirken. Zus\u00e4tzlich eignen sich diese Farben sehr gut zum Kombinieren mit Tannengr\u00fcn oder Holzfiguren, welche den Aspekt Weihnachten noch ein wenig mehr hervorbringt.<\/p>\n<p>Sollten Sie Gold nicht so sehr m\u00f6gen oder eine andere Kombination einfach bevorzugen, k\u00f6nnen Sie sich auch f\u00fcr Gr\u00fcn und Rot entscheiden. Diese beiden Farben harmonieren sehr gut miteinander, weshalb man sie sehr h\u00e4ufig in den H\u00e4usern findet. Sie sehen n\u00e4mlich nicht nur gut aus, sondern strahlen gleichzeitig noch ein wenig Gem\u00fctlichkeit und W\u00e4rme aus.<\/p>\n<p>Wer jedoch nicht so viel mit diesen Farben anfangen kann, dem stehen noch andere Farben zur Verf\u00fcgung, wie zum Beispiel Blau und Silber.<\/p>\n<p>Diese Farbkombination ist zwar k\u00fchler als die anderen, aber sehr elegant und schick. Diese Farben sind au\u00dferdem auch ein wenig moderner und machen die Weihnachtszeit &#8222;edel&#8220;.<\/p>\n<p>Wer auf das klassische Tannengr\u00fcn verzichten kann, der kann auch die Farben Wei\u00df, T\u00fcrkis oder Altrosa nehmen. Vor allem die Kombination aus Wei\u00df und Altrosa wirkt sehr sch\u00f6n und wird stellt einen Blickfang in jedem Haus dar. Da T\u00fcrkis \u00fcberhaupt nicht mit Tannengr\u00fcn harmoniert, sollte man diese Farbe eher gesondert unterbringen.<\/p>\n<h2>Die Wirkung und Bedeutung der einzelnen Farben<\/h2>\n<p>Besonders in der Weihnachtszeit gibt es ganz viele verschiedene Farben an allen Ecken. Doch warum sind es eigentlich genau diese Farben? Vielleicht hat sich das der eine oder andere schon mal gefragt, warum das so ist.<\/p>\n<p>Nat\u00fcrlich sind die Farben Rot, Gr\u00fcn und Wei\u00df nicht einfach zuf\u00e4llig zu den Weihnachtsfarben geworden, da steckt ein wenig mehr dahin. Denn ganz urspr\u00fcnglich haben sie schon etwas mit der Bedeutung von der Geburt Jesu zutun.<\/p>\n<p>Im Christentum steht die Farbe Rot eigentlich f\u00fcr das Sterben und Leiden Christi. Doch was hat das jetzt mit Weihnachten zu tun? In Verbindung mit der Farbe Gr\u00fcn vereinen sie die Gedanken an die Geburt und den Tod von Jesus Christus.<\/p>\n<p>Gr\u00fcn ist allseits bekannt als die Farbe der Hoffnung. Auch hierbei findet man wieder einige Bez\u00fcge zu dem Christentum.<\/p>\n<p>Auch die Farbe Wei\u00df wird h\u00e4ufig in der Weihnachtszeit verwendet und diese Farbe ist nicht nur passend zum Schnee, sondern sie ist auch die Farbe der Unschuld.<\/p>\n<h2>Die passende Dekoration f\u00fcr Weihnachten<\/h2>\n<p>In Bezug auf die weihnachtliche Dekoration gibt es einige Dinge, die Sie beachten sollten.<br \/>\nEs w\u00e4re zum Beispiel ratsam, wenn Sie nur zwei bis drei Farben in einer Weihnachtsdekoration verwenden, damit sie ihre Wirkung nicht verliert und nicht zu viel wirkt. Sie sollten sich au\u00dferdem f\u00fcr Farben entscheiden, die Sie auch wirklich gerne m\u00f6gen und gerne anschauen. Selbst wenn Ihre Lieblingsfarben vielleicht nicht unbedingt zu Weihnachten passen, steht im Vordergrund, dass Sie es m\u00f6gen und Sie es sich gerne anschauen.<\/p>\n<p>Mit der Hilfe von Dekoration k\u00f6nnen Sie in Ihren eigenen vier W\u00e4nden einiges bewirken. Schon mit kleinen Dingen lassen sich teilweise gro\u00dfe Sachen ver\u00e4ndern und die Wirkung ist sofort eine andere.<\/p>\n<p>Wenn Sie sich zum Beispiel f\u00fcr die Farbkombination aus Rot und Gold entscheiden, k\u00f6nnen Sie sehr gut eine gewisse Harmonie bei der Dekoration erzeugen, denn selbst nah beieinander wirken die Farben f\u00fcr sich noch sehr stark. Kissen oder Plaids sehen in diesen Farben besonders toll aus und haben etwas Gem\u00fctliches an sich. Wer es lieber ein wenig schlichter mag, der kann auch nur zum Beispiel einen goldenen Kerzenst\u00e4nder auf die Fensterbank oder den <a href=\"https:\/\/www.moebelliebling.de\/Esstische\/\" target=\"_blank\" rel=\"noopener\">Esstisch<\/a> stellen.<\/p>\n<p>Generell gilt: Es ist erlaubt, was Ihnen gef\u00e4llt, also lassen Sie Ihrer Kreativit\u00e4t ruhig freien Lauf.<\/p>\n","protected":false},"excerpt":{"rendered":"<p>Die Farben der Weihnachtszeit Weihnachten steht vor der T\u00fcr und viele werden sich jetzt Gedanken dar\u00fcber machen, wie die Dekoration dieses Jahr wohl aussehen soll. Vor allem stellt man sich dann die Frage, welche Farbe die Dekoration denn \u00fcberhaupt haben soll. Damit am Ende auch alles gut miteinander harmoniert und nicht etwa eine Sache st\u00f6rend [&hellip;]<\/p>\n","protected":false},"author":8,"featured_media":12521,"comment_status":"closed","ping_status":"closed","sticky":false,"template":"","format":"standard","meta":{"footnotes":""},"categories":[593],"tags":[1448,1447,1446,203],"class_list":["post-12506","post","type-post","status-publish","format-standard","has-post-thumbnail","hentry","category-dekoration","tag-dekoration-mit-farben","tag-farbkombinationen","tag-weihnachtliche-farben","tag-weihnachtszeit"],"amp_enabled":true,"_links":{"self":[{"href":"https:\/\/www.stilartmoebel.de\/zuhause-bei-sam\/wp-json\/wp\/v2\/posts\/12506","targetHints":{"allow":["GET"]}}],"collection":[{"href":"https:\/\/www.stilartmoebel.de\/zuhause-bei-sam\/wp-json\/wp\/v2\/posts"}],"about":[{"href":"https:\/\/www.stilartmoebel.de\/zuhause-bei-sam\/wp-json\/wp\/v2\/types\/post"}],"author":[{"embeddable":true,"href":"https:\/\/www.stilartmoebel.de\/zuhause-bei-sam\/wp-json\/wp\/v2\/users\/8"}],"replies":[{"embeddable":true,"href":"https:\/\/www.stilartmoebel.de\/zuhause-bei-sam\/wp-json\/wp\/v2\/comments?post=12506"}],"version-history":[{"count":17,"href":"https:\/\/www.stilartmoebel.de\/zuhause-bei-sam\/wp-json\/wp\/v2\/posts\/12506\/revisions"}],"predecessor-version":[{"id":16008,"href":"https:\/\/www.stilartmoebel.de\/zuhause-bei-sam\/wp-json\/wp\/v2\/posts\/12506\/revisions\/16008"}],"wp:featuredmedia":[{"embeddable":true,"href":"https:\/\/www.stilartmoebel.de\/zuhause-bei-sam\/wp-json\/wp\/v2\/media\/12521"}],"wp:attachment":[{"href":"https:\/\/www.stilartmoebel.de\/zuhause-bei-sam\/wp-json\/wp\/v2\/media?parent=12506"}],"wp:term":[{"taxonomy":"category","embeddable":true,"href":"https:\/\/www.stilartmoebel.de\/zuhause-bei-sam\/wp-json\/wp\/v2\/categories?post=12506"},{"taxonomy":"post_tag","embeddable":true,"href":"https:\/\/www.stilartmoebel.de\/zuhause-bei-sam\/wp-json\/wp\/v2\/tags?post=12506"}],"curies":[{"name":"wp","href":"https:\/\/api.w.org\/{rel}","templated":true}]}}