{"id":12472,"date":"2017-10-26T08:00:10","date_gmt":"2017-10-26T06:00:10","guid":{"rendered":"https:\/\/www.stilartmoebel.de\/zuhause-bei-sam\/?p=12472"},"modified":"2025-07-03T12:02:37","modified_gmt":"2025-07-03T10:02:37","slug":"raeume-mit-farbkonzepten-gestalten","status":"publish","type":"post","link":"https:\/\/www.stilartmoebel.de\/zuhause-bei-sam\/raeume-mit-farbkonzepten-gestalten\/","title":{"rendered":"R\u00e4ume mit Farbkonzept gestalten!"},"content":{"rendered":"<p>Wenn Sie die W\u00e4nde eines Raumes wei\u00df gestrichen haben, kann es schon mal dazu kommen, dass Sie sich daran satt gesehen haben. Oder aber Sie m\u00f6chten einfach nur mal wieder eine kleine Ver\u00e4nderung vornehmen. Sie sollten jedoch auf keinen Fall einfach drauflos streichen, sondern sich vorher erst einmal ein paar Gedanken machen. In diesem Text erfahren Sie alles, was Sie \u00fcber das Gestalten eines Raumes mit einem Farbkonzept wissen m\u00fcssen und was Sie dabei beachten sollten.<\/p>\n<p><!--more--><\/p>\n<h2>Welche Farben passen zusammen?<\/h2>\n<p>Bevor Sie mit dem Streichen beginnen k\u00f6nnen, sollten Sie sich nat\u00fcrlich erst einmal Gedanken machen, welche Farbe oder welche Farben Sie gerne nehmen m\u00f6chten. Au\u00dferdem ist es vorteilhaft, im Hinterkopf zu behalten, dass Wohnr\u00e4ume mit wenig Tageslicht oder auch kleine R\u00e4ume gr\u00f6\u00dfer wirken, wenn an den W\u00e4nden helle Farben sind. Eher gro\u00dfe R\u00e4ume k\u00f6nnen Sie mit dunkleren Farben optisch ein wenig kleiner machen, was ein Gef\u00fchl von Geborgenheit vermittelt.<\/p>\n<p>Die Auswahl an Farben ist sehr gro\u00df und wirkt im ersten Moment wahrscheinlich \u00fcberw\u00e4ltigend. Um zu wissen, welche Farben letztendlich zusammenpassen, kann man sich den <a href=\"https:\/\/de.wikipedia.org\/wiki\/Farbkreis\" target=\"_blank\" rel=\"noopener\">Farbkreis<\/a> anschauen. Er verdeutlicht die Beziehung der Farben zueinander. So wirken benachbarte Farben im Farbkreis harmonisch, da das Auge leicht von einer Farbe zur anderen wechseln kann. Mit gegen\u00fcberliegenden Farben erzeugen Sie dagegen einen starken Kontrast. Dieser kann einen Raum regelrecht bunt wirken lassen, auch wenn Sie tats\u00e4chlich nur zwei Farben verwenden.<\/p>\n<h2>Gute Farbkombinationen<\/h2>\n<p>Nun kommt es nat\u00fcrlich auch noch auf die Kombination der Farben an. Generell k\u00f6nnen Sie nat\u00fcrlich die Farben nehmen, die Sie als harmonisch ansehen. Sollten Sie es aber lieber ein wenig klassischer m\u00f6gen, ist das Ton in Ton-Konzept eine gute Variante. Bei diesem Konzept wird eine Farbe in verschiedenen Abt\u00f6nungen eingesetzt.<\/p>\n<figure id=\"attachment_12474\" aria-labelledby=\"figcaption_attachment_12474\" class=\"wp-caption aligncenter\" style=\"width: 1210px\"><img loading=\"lazy\" decoding=\"async\" class=\"wp-image-12474 size-full\" title=\"Bildquelle: \u00a9 Photographee.eu\/shutterstock.com.com\" src=\"https:\/\/www.stilartmoebel.de\/zuhause-bei-sam\/wp-content\/uploads\/2017\/10\/farbkonzept-raumgestaltung-tipps.jpg\" alt=\"In diesem Konzept geben Pastellgr\u00fcn und helles Naturholz den Ton an.\" width=\"1200\" height=\"678\" srcset=\"https:\/\/www.stilartmoebel.de\/zuhause-bei-sam\/wp-content\/uploads\/2017\/10\/farbkonzept-raumgestaltung-tipps.jpg 1200w, https:\/\/www.stilartmoebel.de\/zuhause-bei-sam\/wp-content\/uploads\/2017\/10\/farbkonzept-raumgestaltung-tipps-300x170.jpg 300w\" sizes=\"auto, (max-width: 1200px) 100vw, 1200px\" \/><figcaption id=\"figcaption_attachment_12474\" class=\"wp-caption-text\">In diesem Konzept geben Pastellgr\u00fcn und helles Naturholz den Ton an.<\/figcaption><\/figure>\n<p>Seien Sie jedoch vorsichtig bei der Verwendung von mehr als zwei Farben. Hierbei kann es schnell dazu kommen, dass es zu kitschig wird und es zu viele Farben auf einmal gibt.<\/p>\n<p>Was tun Sie allerdings, wenn Sie erst hinterher bemerken, dass die Couch oder die <a href=\"https:\/\/www.moebelliebling.de\/Sideboards\/\" target=\"_blank\" rel=\"noopener\">Kommode<\/a> gar nicht zu der Wandfarbe passen? Nat\u00fcrlich k\u00f6nnen Sie sich einfach neue M\u00f6bel kaufen, die besser zu der Wandfarbe passt, allerdings ist das sicherlich nicht die optimale M\u00f6glichkeit. Damit so etwas gar nicht passiert, sollten Sie sich auf jeden Fall vorher auch Gedanken zum gesamten Farbkonzept machen, also auch, ob die Wandfarben zu Ihren M\u00f6beln passen. Ansonsten habe Sie m\u00f6glicherweise viel Geld ausgegeben und vor allem haben Sie ganz viel Zeit umsonst investiert. Eine gute M\u00f6glichkeit zum Testen sind Farbkarten.<\/p>\n<h2>So erstellen Sie ein Farbkonzept<\/h2>\n<p>Nun geht es darum, ein Farbkonzept f\u00fcr den Raum zu erstellen. Daf\u00fcr m\u00fcssen Sie recherchieren, welche Farbkombinationen gut zusammen aussehen und miteinander harmonieren. Inspiration k\u00f6nnen etwa Fotos liefern. Diese m\u00fcssen noch nicht einmal eine Inneneinrichtung zeigen \u2013 vielleicht gefallen Ihnen die Farben eines bunt gef\u00e4rbten Herbstwaldes? Oder eines Strands in der S\u00fcdsee mit seinem blauen Meer und hellen Sand?<\/p>\n<p>Mithilfe von Farbtafeln k\u00f6nnen Sie zuhause ausprobieren, wie das Ganze dann aussehen w\u00fcrde. Sie sollten allerdings dabei beachten, dass die Farben gro\u00dffl\u00e4chig sehr h\u00e4ufig dunkler wirken. Das ist wichtig zu wissen, damit Sie das bei der Auswahl der Farben ber\u00fccksichtigen k\u00f6nnen. Planen Sie im Zweifel also die Farbe f\u00fcr die Wand lieber eine Nuance heller ein.<\/p>\n<h2>Tipps f\u00fcr den Umgang mit Farben<\/h2>\n<p>Es w\u00e4re auf jeden Fall vorteilhaft, wenn Sie \u00fcberwiegend dezente Farben verwenden, wie zum Beispiel Wei\u00df, Grau und Pastellt\u00f6ne. Wenn Sie die Farbe an der Wand etwas schlichter halten, k\u00f6nnen Sie besonders gut mit Mustern Akzente setzen.<\/p>\n<p>Bei der Dekoration d\u00fcrfen die Farben dann auch mal ein wenig bunter sein. Es ist au\u00dferdem auch eine gute Entscheidung, dezente Farben an die Wand zu bringen, da es einem ja auch noch in ein paar Jahren gefallen soll. Sie h\u00e4tten nichts dabei gewonnen, wenn Sie nach zwei Wochen schon wieder den Drang versp\u00fcren, den Raum zu ver\u00e4ndern.<\/p>\n<p>Also ist es immer sinnvoll, sich Gedanken zum Farbkonzept zu machen, bevor man mit dem Streichen beginnt.<\/p>\n","protected":false},"excerpt":{"rendered":"<p>Wenn Sie die W\u00e4nde eines Raumes wei\u00df gestrichen haben, kann es schon mal dazu kommen, dass Sie sich daran satt gesehen haben. Oder aber Sie m\u00f6chten einfach nur mal wieder eine kleine Ver\u00e4nderung vornehmen. Sie sollten jedoch auf keinen Fall einfach drauflos streichen, sondern sich vorher erst einmal ein paar Gedanken machen. In diesem Text [&hellip;]<\/p>\n","protected":false},"author":8,"featured_media":12473,"comment_status":"closed","ping_status":"closed","sticky":false,"template":"","format":"standard","meta":{"footnotes":""},"categories":[593,595,588,600],"tags":[136,1457,575,1458,77],"class_list":["post-12472","post","type-post","status-publish","format-standard","has-post-thumbnail","hentry","category-dekoration","category-dekorieren","category-einfach-selber-machen","category-einrichtungs-trends","tag-dekoration","tag-farbkonzept","tag-moebel","tag-passende-farben","tag-wand"],"amp_enabled":true,"_links":{"self":[{"href":"https:\/\/www.stilartmoebel.de\/zuhause-bei-sam\/wp-json\/wp\/v2\/posts\/12472","targetHints":{"allow":["GET"]}}],"collection":[{"href":"https:\/\/www.stilartmoebel.de\/zuhause-bei-sam\/wp-json\/wp\/v2\/posts"}],"about":[{"href":"https:\/\/www.stilartmoebel.de\/zuhause-bei-sam\/wp-json\/wp\/v2\/types\/post"}],"author":[{"embeddable":true,"href":"https:\/\/www.stilartmoebel.de\/zuhause-bei-sam\/wp-json\/wp\/v2\/users\/8"}],"replies":[{"embeddable":true,"href":"https:\/\/www.stilartmoebel.de\/zuhause-bei-sam\/wp-json\/wp\/v2\/comments?post=12472"}],"version-history":[{"count":6,"href":"https:\/\/www.stilartmoebel.de\/zuhause-bei-sam\/wp-json\/wp\/v2\/posts\/12472\/revisions"}],"predecessor-version":[{"id":16018,"href":"https:\/\/www.stilartmoebel.de\/zuhause-bei-sam\/wp-json\/wp\/v2\/posts\/12472\/revisions\/16018"}],"wp:featuredmedia":[{"embeddable":true,"href":"https:\/\/www.stilartmoebel.de\/zuhause-bei-sam\/wp-json\/wp\/v2\/media\/12473"}],"wp:attachment":[{"href":"https:\/\/www.stilartmoebel.de\/zuhause-bei-sam\/wp-json\/wp\/v2\/media?parent=12472"}],"wp:term":[{"taxonomy":"category","embeddable":true,"href":"https:\/\/www.stilartmoebel.de\/zuhause-bei-sam\/wp-json\/wp\/v2\/categories?post=12472"},{"taxonomy":"post_tag","embeddable":true,"href":"https:\/\/www.stilartmoebel.de\/zuhause-bei-sam\/wp-json\/wp\/v2\/tags?post=12472"}],"curies":[{"name":"wp","href":"https:\/\/api.w.org\/{rel}","templated":true}]}}