{"id":12253,"date":"2017-08-14T08:00:52","date_gmt":"2017-08-14T06:00:52","guid":{"rendered":"https:\/\/www.stilartmoebel.de\/zuhause-bei-sam\/?p=12253"},"modified":"2025-07-07T14:14:52","modified_gmt":"2025-07-07T12:14:52","slug":"der-garten-im-august","status":"publish","type":"post","link":"https:\/\/www.stilartmoebel.de\/zuhause-bei-sam\/der-garten-im-august\/","title":{"rendered":"Der Garten im August"},"content":{"rendered":"<p>Vor allem im August bl\u00fchen eine Menge Pflanzen in vielen pr\u00e4chtigen Farben. Von gelb \u00fcber rot, lila, blau, rosa und wei\u00df ist so ziemlich alles dabei. Doch im hei\u00dfen August werde auch ganz besondere Anforderungen an die G\u00e4rtnerinnen und G\u00e4rtner gestellt, die es so in den anderen Monaten gar nicht gibt. Es kommt n\u00e4mlich bei der Gartenarbeit darauf an, dass Sie ganz genau auf die Wetterbedingungen achten und sich entsprechend danach dann richten. Besonders gilt das f\u00fcr das richtige Gie\u00dfen. Denn nicht nur wir Menschen leiden bei stehender Luft und Hitzewellen, auch der Garten tut es. Und im Gegensatz zu uns k\u00f6nnen sich die Gartenpflanzen nicht einfach auf die <a href=\"https:\/\/www.moebelliebling.de\/Garten-Balkon\/\" target=\"_blank\" rel=\"noopener\">Gartenm\u00f6bel<\/a> im Schatten zur\u00fcckziehen. In diesem Text erfahren Sie alles, was Sie \u00fcber den Garten im August wissen m\u00fcssen.<\/p>\n<p><!--more--><\/p>\n<h2>Diese Pflanzen bl\u00fchen jetzt<\/h2>\n<p>Im August werden unsere G\u00e4rten vor allem durch Dauerbl\u00fcher versch\u00f6nert. Zu diesen Dauerbl\u00fchern geh\u00f6ren beispielsweise Steinkraut, Hortensie, Herbstanemonen oder der gelbe Sonnenhut. Doch es gibt auch noch einige weitere Pflanzen, die in dem Hochsommer-Monat Ihren Garten mit vielen verschiedenen Farben um einiges sch\u00f6ner macht.<\/p>\n<h3>Stauden-Sonnenblumen<\/h3>\n<p>Die Stauden-Sonnenblumen sind Korbbl\u00fctler. Statt einer gro\u00dfen Bl\u00fcte haben sie ganz viele kleine, gelbe K\u00f6pfchen. In Bezug auf die Gr\u00f6\u00dfe gibt es die Stauden-Sonnenblume von ziemlich klein bis zu einer Gr\u00f6\u00dfe von mehreren Metern. Im Durchschnitt erreicht diese Pflanze jedoch eine H\u00f6he von 1,5 Metern. Meist reicht ihre Bl\u00fctezeit sogar noch bis in den Herbst hinein.<\/p>\n<p>Stauden-Sonnenblumen sind dauerhafte, winterharte und hochw\u00fcchsige Gew\u00e4chse. Geeignet sind sie f\u00fcr sonnige, warme Pl\u00e4tze mit n\u00e4hrstoffreichen, aber nicht zu schweren B\u00f6den. Au\u00dferdem breitet sich diese Pflanze relativ z\u00fcgig aus.<\/p>\n<p>Der Pflegeaufwand h\u00e4lt sich bei der Stauden-Sonnenblume sehr in Grenzen, sie ist allerdings ziemlich anf\u00e4llig f\u00fcr Schneckenfra\u00df. Dieses Problem l\u00e4sst sich aber mit Hilfe von Schneckenschutz sehr gut beheben.<\/p>\n<h3>Gladiolen<\/h3>\n<p>Die Gladiolen, welche auch Schwertblume genannt werden, geh\u00f6ren zu der Familie der Schwertliliengew\u00e4chse. Sie k\u00f6nnen eine H\u00f6he von bis zu 1,5 Metern erreichen und eignen sich dadurch sehr gut f\u00fcr gro\u00dfe Vasen. Doch besonders toll wirkt diese Pflanze nat\u00fcrlich im Garten, denn sie bl\u00fcht in vielen verschiedenen Farben. Es gibt sie mit wei\u00dfen, gelben, violetten, roten, orangefarbenen und sogar gr\u00fcnen Bl\u00fcten.<\/p>\n<p>Da die Gladiolen Sonnenanbeter sind, m\u00fcssen Sie diese Stauden in jedem Fall an einem schattenarmen Platz in Ihrem Garten pflanzen. Wenn es einmal w\u00e4rmer drau\u00dfen ist, ben\u00f6tigt diese Pflanze ausreichend Wasser.<\/p>\n<p>Wenn Sie die Gladiolen schneiden und in eine Vase zu stellen m\u00f6chten, sollten Sie die oberste Knospe am Stiel entfernen. Diese raubt den anderen Knospen die meiste Kraft.<\/p>\n<figure id=\"attachment_12256\" aria-labelledby=\"figcaption_attachment_12256\" class=\"wp-caption aligncenter\" style=\"width: 1210px\"><img loading=\"lazy\" decoding=\"async\" class=\"size-full wp-image-12256\" title=\"Bildquelle: \u00a9 dvoevnore\/shutterstock.com.com\" src=\"https:\/\/www.stilartmoebel.de\/zuhause-bei-sam\/wp-content\/uploads\/2017\/07\/garten-august-blumen-ernte.jpg\" alt=\"Im August sind durchdacht bepflanzte Beete eine  wahre Augenweide.\" width=\"1200\" height=\"650\" srcset=\"https:\/\/www.stilartmoebel.de\/zuhause-bei-sam\/wp-content\/uploads\/2017\/07\/garten-august-blumen-ernte.jpg 1200w, https:\/\/www.stilartmoebel.de\/zuhause-bei-sam\/wp-content\/uploads\/2017\/07\/garten-august-blumen-ernte-300x163.jpg 300w\" sizes=\"auto, (max-width: 1200px) 100vw, 1200px\" \/><figcaption id=\"figcaption_attachment_12256\" class=\"wp-caption-text\">Im August sind durchdacht bepflanzte Beete eine wahre Augenweide.<\/figcaption><\/figure>\n<h2>Pflegetipps f\u00fcr den Garten im August<\/h2>\n<p>Es gibt einige Tipps, die Sie im Garten im August wissen m\u00fcssen.<\/p>\n<p>Zum einen k\u00f6nnen Sie Herbstbl\u00fcher in diesem Monat einpflanzen. Zwar werden die meisten Blumenzwiebeln, die im Herbst zum Bl\u00fchen kommen, schon im Juli gepflanzt, doch es gibt auch einige Pflanzen, die im Garten im August gepflanzt werden k\u00f6nnen. Dazu geh\u00f6ren zum Beispiel die Hebstzeitlose, der Winterling, die Steppenkerze oder die Traubenhyazinthe.<\/p>\n<p>Zudem sollten Sie in diesem Monat auch noch Erdbeeren pflanzen. Denn wenn Sie im n\u00e4chsten Jahr leckere, s\u00fc\u00dfe Erdbeeren ernten m\u00f6chten, m\u00fcssen sie schon im August ins Beet. Dabei ist besonders wichtig, dass Sie einen Ort w\u00e4hlen, an dem mindestens vier Jahre keine Erdbeeren gepflanzt wurden.<\/p>\n<p>Auch die Hecke sollten Sie nicht vergessen, denn auch diese muss im August geschnitten werden.<\/p>\n<h2>Extra: Das k\u00f6nnen Sie jetzt ernten!<\/h2>\n<p>Als letztes stellt man sich jetzt noch die Frage, welches Obst und Gem\u00fcse eigentlich reif ist f\u00fcr die Ernte. Die Sommerzeit ist n\u00e4mlich nicht nur Beerenzeit, sondern es gibt auch verschiedene Gem\u00fcsesorten, die Sie diesen Monat ernten k\u00f6nnen.<\/p>\n<p>Besonders lecker sind diesen Monat nat\u00fcrlich die verschiedenen Beerenarten, wie zum Beispiel Stachelbeeren, Heidelbeeren, Himbeeren, Preiselbeere und Brombeeren. Hinzu kommen au\u00dferdem noch Aprikosen, Mirabellen und Pfirsiche. Pflaumen und Birnen sind in diesem Monat ebenfalls sehr pr\u00e4sent.<\/p>\n<p>Auch in Bezug auf das Gem\u00fcse gibt es eine sehr gro\u00dfe Auswahl. Hochsaison haben im August vor allem Stangen-, Busch- und Brechbohnen, Salate, wie beispielsweise der Eisbergsalat, Salatgurke, Zucchini und besonders auch die Tomaten.<\/p>\n<p>Zus\u00e4tzlich dazu gibt es jedoch auch noch anderen Gem\u00fcsesorten, welche aber auch noch in anderen Monaten erntef\u00e4hig sind. Dazu geh\u00f6ren Erbsen, Lauch, Zuckermais, Broccoli, M\u00f6hren, Zwiebeln, Rettich, Kartoffeln und Champignons.<\/p>\n<p>Wie Sie sehen, gibt es im Garten im August also einiges zu ernten und auch einzupflanzen. Wenn Sie Ihren Garten immer sch\u00f6n pflegen, werden Sie jedes Jahr aufs Neue mit farbenfrohen Pflanzen und zahlreichen Gem\u00fcse- und Obstsorten belohnt.<\/p>\n","protected":false},"excerpt":{"rendered":"<p>Vor allem im August bl\u00fchen eine Menge Pflanzen in vielen pr\u00e4chtigen Farben. Von gelb \u00fcber rot, lila, blau, rosa und wei\u00df ist so ziemlich alles dabei. Doch im hei\u00dfen August werde auch ganz besondere Anforderungen an die G\u00e4rtnerinnen und G\u00e4rtner gestellt, die es so in den anderen Monaten gar nicht gibt. Es kommt n\u00e4mlich bei [&hellip;]<\/p>\n","protected":false},"author":6,"featured_media":12255,"comment_status":"closed","ping_status":"closed","sticky":false,"template":"","format":"standard","meta":{"footnotes":""},"categories":[598,20,589],"tags":[1495,1496,145,103,13],"class_list":["post-12253","post","type-post","status-publish","format-standard","has-post-thumbnail","hentry","category-garten-tipps","category-mein-garten","category-pflanzen","tag-garten-im-august","tag-gartenarbeit","tag-jahreszeit","tag-pflanzen","tag-pflege"],"amp_enabled":true,"_links":{"self":[{"href":"https:\/\/www.stilartmoebel.de\/zuhause-bei-sam\/wp-json\/wp\/v2\/posts\/12253","targetHints":{"allow":["GET"]}}],"collection":[{"href":"https:\/\/www.stilartmoebel.de\/zuhause-bei-sam\/wp-json\/wp\/v2\/posts"}],"about":[{"href":"https:\/\/www.stilartmoebel.de\/zuhause-bei-sam\/wp-json\/wp\/v2\/types\/post"}],"author":[{"embeddable":true,"href":"https:\/\/www.stilartmoebel.de\/zuhause-bei-sam\/wp-json\/wp\/v2\/users\/6"}],"replies":[{"embeddable":true,"href":"https:\/\/www.stilartmoebel.de\/zuhause-bei-sam\/wp-json\/wp\/v2\/comments?post=12253"}],"version-history":[{"count":6,"href":"https:\/\/www.stilartmoebel.de\/zuhause-bei-sam\/wp-json\/wp\/v2\/posts\/12253\/revisions"}],"predecessor-version":[{"id":16059,"href":"https:\/\/www.stilartmoebel.de\/zuhause-bei-sam\/wp-json\/wp\/v2\/posts\/12253\/revisions\/16059"}],"wp:featuredmedia":[{"embeddable":true,"href":"https:\/\/www.stilartmoebel.de\/zuhause-bei-sam\/wp-json\/wp\/v2\/media\/12255"}],"wp:attachment":[{"href":"https:\/\/www.stilartmoebel.de\/zuhause-bei-sam\/wp-json\/wp\/v2\/media?parent=12253"}],"wp:term":[{"taxonomy":"category","embeddable":true,"href":"https:\/\/www.stilartmoebel.de\/zuhause-bei-sam\/wp-json\/wp\/v2\/categories?post=12253"},{"taxonomy":"post_tag","embeddable":true,"href":"https:\/\/www.stilartmoebel.de\/zuhause-bei-sam\/wp-json\/wp\/v2\/tags?post=12253"}],"curies":[{"name":"wp","href":"https:\/\/api.w.org\/{rel}","templated":true}]}}