{"id":1220,"date":"2015-02-19T20:02:09","date_gmt":"2015-02-19T18:02:09","guid":{"rendered":"http:\/\/www.stilartmoebel.de\/magazin\/?p=1220"},"modified":"2025-08-22T16:31:36","modified_gmt":"2025-08-22T14:31:36","slug":"fruehlingsdeko-erlaubt-ist-was-gefaellt","status":"publish","type":"post","link":"https:\/\/www.stilartmoebel.de\/zuhause-bei-sam\/fruehlingsdeko-erlaubt-ist-was-gefaellt\/","title":{"rendered":"Fr\u00fchlingsdeko: Erlaubt ist, was gef\u00e4llt"},"content":{"rendered":"<p>Das Vogelzwitschern wird lauter, die Sonnenstrahlen w\u00e4rmer und auch die Tage langsam wieder heller und l\u00e4nger. Sogar die ersten Fr\u00fchbl\u00fcher zeigen sich bereits und werden vielerorts flei\u00dfig fotografiert. Auch die <a href=\"https:\/\/www.moebelliebling.de\/Garten-Balkon\/\" target=\"_blank\" rel=\"noopener\">Gartenm\u00f6bel<\/a> am \u00dcberwinterungsort werden schon wieder begutachtet und auf Vordermann gebracht. Auch wenn laut Kalender noch Winter ist, bekommen immer mehr Menschen gro\u00dfe Luft auf den Fr\u00fchling. Daher wird es Zeit, die eingestaubte Winterdeko in ihre Kisten zu packen und durch eine freundliche Fr\u00fchlingsdeko zu ersetzen. In diesem Jahr gibt es unz\u00e4hlige M\u00f6glichkeiten, um die warme Jahreszeit zu begr\u00fc\u00dfen. Kontraste, Stilbr\u00fcche und eigensinnige Kombinationen sind im Fr\u00fchling angesagt. Regeln oder No-Gos gibt es kaum, sondern nur eine wichtige Richtlinie: Erlaubt ist alles, was gef\u00e4llt!<!--more--><\/p>\n\n<h2>Kaufen nicht immer notwendig<\/h2>\n<p>Die Gesch\u00e4fte in den Shoppingmalls locken mit einem verf\u00fchrerischen Angebot an farbenfroher Fr\u00fchlingsdeko. Doch nicht immer m\u00fcssen Sie hier sofort zugreifen, sondern k\u00f6nnen zun\u00e4chst einmal den heimischen Schrank oder die Natur auf passendes Deko-Material untersuchen. Gerade in diesem Fr\u00fchjahr ist das besonders einfach, da problemlos alles wild durcheinander kombiniert werden kann. Hochmoderne Deko trifft auf die Highlights der letzten Saisons und wird ganz pfiffig mit selbstgebastelten nat\u00fcrlichen Arrangements kombiniert. Wenn Sie die M\u00f6glichkeit daf\u00fcr haben, k\u00f6nnen Sie sogar die Fr\u00fchlingsdeko von der Oma oder Uroma im Fr\u00fchjahr ohne Bedenken wieder aufstellen.<\/p>\n<figure id=\"attachment_4457\" aria-labelledby=\"figcaption_attachment_4457\" class=\"wp-caption aligncenter\" style=\"width: 888px\"><img loading=\"lazy\" decoding=\"async\" class=\"wp-image-4457 size-full\" title=\"Bildquelle: \u00a9 Africa Studio\/shutterstock.com\" src=\"https:\/\/www.stilartmoebel.de\/zuhause-bei-sam\/wp-content\/uploads\/2015\/02\/fruehling-deko-kombination-gleichartiges.jpg\" alt=\"Die Fr\u00fchlingsdeko 2015 lebt von Wiederholungen, wie hier die rosa F\u00e4rbung von Rosenstrau\u00df und Vorhang\" width=\"878\" height=\"354\" srcset=\"https:\/\/www.stilartmoebel.de\/zuhause-bei-sam\/wp-content\/uploads\/2015\/02\/fruehling-deko-kombination-gleichartiges.jpg 878w, https:\/\/www.stilartmoebel.de\/zuhause-bei-sam\/wp-content\/uploads\/2015\/02\/fruehling-deko-kombination-gleichartiges-300x121.jpg 300w, https:\/\/www.stilartmoebel.de\/zuhause-bei-sam\/wp-content\/uploads\/2015\/02\/fruehling-deko-kombination-gleichartiges-730x294.jpg 730w\" sizes=\"auto, (max-width: 878px) 100vw, 878px\" \/><figcaption id=\"figcaption_attachment_4457\" class=\"wp-caption-text\">Die Fr\u00fchlingsdeko lebt von Wiederholungen, wie hier die rosa F\u00e4rbung von Rosenstrau\u00df und Vorhang<\/figcaption><\/figure>\n<h2>Die Fr\u00fchlingsdeko lebt von der Wiederholung gleichartiger Dinge<\/h2>\n<p>Obwohl Sie in diesem Jahr die M\u00f6glichkeit haben, Deko-Artikel nach Belieben zu mixen, gibt es ein beliebtes Stilmittel, das einen roten Faden in die komplette Fr\u00fchlingsdeko bringt. Die Wiederholung oder zumindest die Kombination gleichartiger Deko-Gegenst\u00e4nde ist absolut in. H\u00e4ufig sind das im Fr\u00fchjahr dieses Jahr kleine Vasen, die an verschiedenen Stellen immer wieder auftauchen. Sie k\u00f6nnen sie fertig im Set kaufen, aber das muss nicht unbedingt sein. Sicher finden Sie auch im eigenen Fundus etwas Passendes:<\/p>\n<ul>\n<li>Kleine Glasvasen, die eine unterschiedliche Form haben<\/li>\n<li>Mehrere bunte Vasen aus Keramik<\/li>\n<li>Alte Marmeladengl\u00e4ser<\/li>\n<\/ul>\n<p>Auch hier ist alles geeignet, was sch\u00f6n aussieht!<\/p>\n<h2>Singv\u00f6gel und Schmetterlinge sind die Trendtiere der Saison<\/h2>\n<p>Mit dem kommenden Fr\u00fchling wird es so langsam Zeit, die schon leicht angestaubte Eulen-Deko aus der Wohnung zu verbannen. Die Trendtiere des Fr\u00fchlings in diesem Jahr sind Singv\u00f6gel und Schmetterlinge. Ob als Porzellanfiguren oder aufgedruckt auf Tassen, W\u00e4nde und Kissen sieht man jetzt Schmetterlinge und Singv\u00f6gel so weit das Auge reicht. Zur Freude vieler Katzenfans wurde zudem von den Trendscouts der Messe \u201eTendence\u201c in Frankfurt die Katze als Trendtier ausgerufen. Sie k\u00f6nnen am besten schon jetzt nach Katzendeko die Augen offen halten.<\/p>\n<figure id=\"attachment_4467\" aria-labelledby=\"figcaption_attachment_4467\" class=\"wp-caption aligncenter\" style=\"width: 888px\"><img loading=\"lazy\" decoding=\"async\" class=\"wp-image-4467 size-full\" title=\"Bildquelle: \u00a9 asharkyu\/shutterstock.com\" src=\"https:\/\/www.stilartmoebel.de\/zuhause-bei-sam\/wp-content\/uploads\/2015\/02\/fruehlingsdeko-sukkulenten-graptopetalum.jpg\" alt=\"Bei der nat\u00fcrlichen Deko lassen sich Sukkulenten wie Graptopetalum mit rustikalen Gef\u00e4\u00dfen kombinieren\" width=\"878\" height=\"354\" srcset=\"https:\/\/www.stilartmoebel.de\/zuhause-bei-sam\/wp-content\/uploads\/2015\/02\/fruehlingsdeko-sukkulenten-graptopetalum.jpg 878w, https:\/\/www.stilartmoebel.de\/zuhause-bei-sam\/wp-content\/uploads\/2015\/02\/fruehlingsdeko-sukkulenten-graptopetalum-300x121.jpg 300w, https:\/\/www.stilartmoebel.de\/zuhause-bei-sam\/wp-content\/uploads\/2015\/02\/fruehlingsdeko-sukkulenten-graptopetalum-730x294.jpg 730w\" sizes=\"auto, (max-width: 878px) 100vw, 878px\" \/><figcaption id=\"figcaption_attachment_4467\" class=\"wp-caption-text\">Bei der nat\u00fcrlichen Deko lassen sich Sukkulenten wie Graptopetalum mit rustikalen Gef\u00e4\u00dfen kombinieren<\/figcaption><\/figure>\n<h2>Nat\u00fcrliche Deko ist im Trend<\/h2>\n<p>Ansonsten spielt in der diesj\u00e4hrigen Fr\u00fchlingsdeko vor allem das Nat\u00fcrliche eine gro\u00dfe Rolle. Eine M\u00f6glichkeit hierf\u00fcr sind rustikale T\u00f6pfe, die Sie mit exotischen Gr\u00fcnpflanzen best\u00fccken. Aber auch Sukkulenten kommen hierf\u00fcr in Frage. Im Idealfall umgeben Sie solche Arrangements mit Pastellt\u00f6nen oder Wei\u00df, damit die Deko nicht zu wuchtig wirkt.<\/p>\n<h2>Jetzt schon an die Osterdeko denken<\/h2>\n<p>Heutzutage verh\u00e4lt es sich mit der Osterdeko ganz \u00e4hnlich wie mit der Weihnachtsdek. Schon einige Wochen vor dem eigentlichen Fest ist es an der Zeit, die passende Deko aufzustellen. Je ferner das Osterfest noch ist, desto subtiler sollten Sie aber die Deko w\u00e4hlen. Trotzdem k\u00f6nnen Sie schon jetzt mit der Deko daraufhin hindeuten, dass Ostern langsam n\u00e4her r\u00fcckt. Das gelingt zum Beispiel mit echt wirkenden kleinen Vogeleiern oder Nestern aus Zweigen, die Sie mit wei\u00dfen H\u00fchnereiern schm\u00fccken. Eine gute Idee ist es auch, die Weihnachtslaterne einfach zur Fr\u00fchlings- oder Osterlaterne umzufunktionieren. Das funktioniert ganz einfach, indem Sie Kerze und Lichterkette aus der Laterne nehmen und stattdessen ein kleines Weidennest hineinsetzen. Das k\u00f6nnen Sie mit ein paar flauschigen Federn und wei\u00dfen oder braunen Eiern dekorieren und auf den Tisch stellen.<\/p>\n","protected":false},"excerpt":{"rendered":"<p>Das Vogelzwitschern wird lauter, die Sonnenstrahlen w\u00e4rmer und auch die Tage langsam wieder heller und l\u00e4nger. Sogar die ersten Fr\u00fchbl\u00fcher zeigen sich bereits und werden vielerorts flei\u00dfig fotografiert. Auch die Gartenm\u00f6bel am \u00dcberwinterungsort werden schon wieder begutachtet und auf Vordermann gebracht. Auch wenn laut Kalender noch Winter ist, bekommen immer mehr Menschen gro\u00dfe Luft auf [&hellip;]<\/p>\n","protected":false},"author":8,"featured_media":1221,"comment_status":"closed","ping_status":"closed","sticky":false,"template":"","format":"standard","meta":{"footnotes":""},"categories":[595,1],"tags":[45,47,226,143,2580,2581,2546,390,389,391],"class_list":["post-1220","post","type-post","status-publish","format-standard","has-post-thumbnail","hentry","category-dekorieren","category-mein-zuhause","tag-deko","tag-farben","tag-fruehjahr","tag-fruehling","tag-fruehlingsdeko","tag-katzendeko","tag-osterdeko","tag-ostern","tag-schmetterlinge","tag-voegel"],"amp_enabled":true,"_links":{"self":[{"href":"https:\/\/www.stilartmoebel.de\/zuhause-bei-sam\/wp-json\/wp\/v2\/posts\/1220","targetHints":{"allow":["GET"]}}],"collection":[{"href":"https:\/\/www.stilartmoebel.de\/zuhause-bei-sam\/wp-json\/wp\/v2\/posts"}],"about":[{"href":"https:\/\/www.stilartmoebel.de\/zuhause-bei-sam\/wp-json\/wp\/v2\/types\/post"}],"author":[{"embeddable":true,"href":"https:\/\/www.stilartmoebel.de\/zuhause-bei-sam\/wp-json\/wp\/v2\/users\/8"}],"replies":[{"embeddable":true,"href":"https:\/\/www.stilartmoebel.de\/zuhause-bei-sam\/wp-json\/wp\/v2\/comments?post=1220"}],"version-history":[{"count":14,"href":"https:\/\/www.stilartmoebel.de\/zuhause-bei-sam\/wp-json\/wp\/v2\/posts\/1220\/revisions"}],"predecessor-version":[{"id":16663,"href":"https:\/\/www.stilartmoebel.de\/zuhause-bei-sam\/wp-json\/wp\/v2\/posts\/1220\/revisions\/16663"}],"wp:featuredmedia":[{"embeddable":true,"href":"https:\/\/www.stilartmoebel.de\/zuhause-bei-sam\/wp-json\/wp\/v2\/media\/1221"}],"wp:attachment":[{"href":"https:\/\/www.stilartmoebel.de\/zuhause-bei-sam\/wp-json\/wp\/v2\/media?parent=1220"}],"wp:term":[{"taxonomy":"category","embeddable":true,"href":"https:\/\/www.stilartmoebel.de\/zuhause-bei-sam\/wp-json\/wp\/v2\/categories?post=1220"},{"taxonomy":"post_tag","embeddable":true,"href":"https:\/\/www.stilartmoebel.de\/zuhause-bei-sam\/wp-json\/wp\/v2\/tags?post=1220"}],"curies":[{"name":"wp","href":"https:\/\/api.w.org\/{rel}","templated":true}]}}