{"id":12070,"date":"2022-06-22T08:00:00","date_gmt":"2022-06-22T06:00:00","guid":{"rendered":"https:\/\/www.stilartmoebel.de\/zuhause-bei-sam\/?p=12070"},"modified":"2025-06-19T11:31:17","modified_gmt":"2025-06-19T09:31:17","slug":"regale-einrichtungsideen-fuer-mehr-ordnung","status":"publish","type":"post","link":"https:\/\/www.stilartmoebel.de\/zuhause-bei-sam\/regale-einrichtungsideen-fuer-mehr-ordnung\/","title":{"rendered":"Regale &#8211; Einrichtungsideen f\u00fcr mehr Ordnung"},"content":{"rendered":"<p>Regale sind aus der Inneneinrichtung nicht wegzudenken. Zu einem wohnlichen Zimmer geh\u00f6rt ein Regal voll mit B\u00fccher einfach dazu! In diesem Text erfahren Sie alles, was Sie \u00fcber <a href=\"https:\/\/www.moebelliebling.de\/Aufbewahrung\/\" target=\"_blank\" rel=\"noopener\">Regale<\/a> wissen m\u00fcssen, wie Sie dieses ordentlich halten und was f\u00fcr Einrichtungsideen es gibt.<\/p>\n<p><!--more--><\/p>\n<h2>Das Regal<\/h2>\n<p>Ein Regal muss oft unterschiedliche Anforderungen erf\u00fcllen. Bei der einen Person dient es eher dazu, sch\u00f6ne Dinge in Szene zu setzen. Beim anderen soll es eher praktisch sein und vor allem auch Ordnung halten. Manchmal kann es sogar in die Architektur eingebunden werden, wodurch der komplette Raum einheitlicher wirkt.<\/p>\n<p>Ein geschlossenes Regal hat den Vorteil, dass es einen aufger\u00e4umten Eindruck macht und sich Gegenst\u00e4nde leicht verbergen lassen. Ein offenes Regal kann zwar sch\u00f6n aussehen. Doch wenn Sie es vielleicht mit der Ordnung nicht so genau nehmen, kann es schnell chaotisch wirken. Dadurch wirkt der ganze Raum ein wenig unaufger\u00e4umt. Au\u00dferdem wird ein offeneres Regal auch schnell staubig, weshalb Sie das Staubwischen auf keinen Fall vernachl\u00e4ssigen sollten.<\/p>\n<p>Generell ist bei einem Regal aber wichtig, dass man ohne gro\u00dfe Anstrengung an alles herankommt. Sollte dies nicht der Fall sein, kommt es oft vor, dass die Ablagen gar nicht mehr genutzt werden. Im schlimmsten Fall liegen Ihre ganzen Gegenst\u00e4nde dann einfach im Raum verstreut. Da es so weit ja nicht kommen soll, sind einige \u00dcberlegungen vor dem Kauf von Vorteil. Wie und f\u00fcr welche Sachen m\u00f6chten Sie das Regal benutzen? Wo es soll es stehen?<\/p>\n<h2>Regale mit mehreren Funktionen<\/h2>\n<p>Allgemein gilt der Trend heutzutage eher zu Kombinierbarkeit und Multifunktionali\u00e4t. Daf\u00fcr gibt es Regal-Systeme, die aus einzelnen Modulen bestehen, sodass jeder sie beliebig kombinieren kann. Dadurch, dass man die Module flexibel anbringen kann, eignen sie sich auch f\u00fcr jeden Haushalt und f\u00fcr jede Art von Raum.<\/p>\n<figure id=\"attachment_12072\" aria-labelledby=\"figcaption_attachment_12072\" class=\"wp-caption aligncenter\" style=\"width: 1210px\"><img loading=\"lazy\" decoding=\"async\" class=\"size-full wp-image-12072\" title=\"amixstudio\" src=\"https:\/\/www.stilartmoebel.de\/zuhause-bei-sam\/wp-content\/uploads\/2017\/06\/regal-ordnung-ratgeber.jpg\" alt=\"Regale k\u00f6nnen aus ungew\u00f6hnlichem Material bestehen und zudem praktisch an der Wand h\u00e4ngen.\" width=\"1200\" height=\"694\" srcset=\"https:\/\/www.stilartmoebel.de\/zuhause-bei-sam\/wp-content\/uploads\/2017\/06\/regal-ordnung-ratgeber.jpg 1200w, https:\/\/www.stilartmoebel.de\/zuhause-bei-sam\/wp-content\/uploads\/2017\/06\/regal-ordnung-ratgeber-300x174.jpg 300w\" sizes=\"auto, (max-width: 1200px) 100vw, 1200px\" \/><figcaption id=\"figcaption_attachment_12072\" class=\"wp-caption-text\">Regale k\u00f6nnen aus ungew\u00f6hnlichem Material bestehen und zudem praktisch an der Wand h\u00e4ngen.<\/figcaption><\/figure>\n<p>Regale k\u00f6nnen entweder als Raumteiler dienen, einfach an die Wand geh\u00e4ngt werden oder in kleinen Nischen untergebracht werden, die sonst nur leer stehen w\u00fcrde. Solche Nischen eignet sich au\u00dferdem deshalb so gut f\u00fcr ein Regal, da sie keinen Wohnraum wegnehmen, aber dennoch weiteren Stauraum schaffen.<\/p>\n<p>So ein Regal macht au\u00dferdem auch in der K\u00fcche eine gute Figur. Dort kann er entweder als Stauraum f\u00fcr das Geschirr genutzt werden oder die Gew\u00fcrze werden dort sch\u00f6n aufgestellt, denn das Auge isst ja bekanntlich mit und bei dem Anblick von sch\u00f6nen und leckeren Gew\u00fcrzen bekommt der ein oder andere vielleicht Hunger auf ein gesundes Gericht.<\/p>\n<h2>Tipps f\u00fcr B\u00fccherregale<\/h2>\n<p>Damit Sie ein Buch schnell wiederfinden, w\u00e4re es ratsam, ein kleines System in das Regal zu bringen. Ein Beispiel w\u00e4re, verschiedene Sachgebiete zum schaffen und die B\u00fccher dann in den Sachgebieten nach den Autoren alphabetisch zu sortieren. Wenn Sie noch mehr Platz sparen m\u00f6chten, k\u00f6nnen Sie bei tiefen Regalen B\u00fccher, die Sie schon gelesen haben, einfach hinter die ungelesenen B\u00fccher in zweiter Reihe platzieren. So haben Sie auch gleich einen guten \u00dcberblick dar\u00fcber, welche B\u00fccher Sie noch lesen m\u00f6chten.<\/p>\n<p>Wenn Ihr B\u00fccherregal einmal doch zu voll geworden ist, k\u00f6nnen Sie die B\u00fccher ganz einfach verkaufen oder noch besser, an Bibliotheken verschenken oder in \u00f6ffentlichen B\u00fccherschr\u00e4nken einstellen.<\/p>\n","protected":false},"excerpt":{"rendered":"<p>Regale sind aus der Inneneinrichtung nicht wegzudenken. Zu einem wohnlichen Zimmer geh\u00f6rt ein Regal voll mit B\u00fccher einfach dazu! In diesem Text erfahren Sie alles, was Sie \u00fcber Regale wissen m\u00fcssen, wie Sie dieses ordentlich halten und was f\u00fcr Einrichtungsideen es gibt.<\/p>\n","protected":false},"author":7,"featured_media":12071,"comment_status":"closed","ping_status":"closed","sticky":false,"template":"","format":"standard","meta":{"footnotes":""},"categories":[7,587,1,33],"tags":[304,575,416,268,639],"class_list":["post-12070","post","type-post","status-publish","format-standard","has-post-thumbnail","hentry","category-badezimmer","category-einrichtungs-tipps","category-mein-zuhause","category-wohnzimmer","tag-massivholzmoebel","tag-moebel","tag-regal","tag-regale","tag-vitrine"],"amp_enabled":true,"_links":{"self":[{"href":"https:\/\/www.stilartmoebel.de\/zuhause-bei-sam\/wp-json\/wp\/v2\/posts\/12070","targetHints":{"allow":["GET"]}}],"collection":[{"href":"https:\/\/www.stilartmoebel.de\/zuhause-bei-sam\/wp-json\/wp\/v2\/posts"}],"about":[{"href":"https:\/\/www.stilartmoebel.de\/zuhause-bei-sam\/wp-json\/wp\/v2\/types\/post"}],"author":[{"embeddable":true,"href":"https:\/\/www.stilartmoebel.de\/zuhause-bei-sam\/wp-json\/wp\/v2\/users\/7"}],"replies":[{"embeddable":true,"href":"https:\/\/www.stilartmoebel.de\/zuhause-bei-sam\/wp-json\/wp\/v2\/comments?post=12070"}],"version-history":[{"count":7,"href":"https:\/\/www.stilartmoebel.de\/zuhause-bei-sam\/wp-json\/wp\/v2\/posts\/12070\/revisions"}],"predecessor-version":[{"id":15743,"href":"https:\/\/www.stilartmoebel.de\/zuhause-bei-sam\/wp-json\/wp\/v2\/posts\/12070\/revisions\/15743"}],"wp:featuredmedia":[{"embeddable":true,"href":"https:\/\/www.stilartmoebel.de\/zuhause-bei-sam\/wp-json\/wp\/v2\/media\/12071"}],"wp:attachment":[{"href":"https:\/\/www.stilartmoebel.de\/zuhause-bei-sam\/wp-json\/wp\/v2\/media?parent=12070"}],"wp:term":[{"taxonomy":"category","embeddable":true,"href":"https:\/\/www.stilartmoebel.de\/zuhause-bei-sam\/wp-json\/wp\/v2\/categories?post=12070"},{"taxonomy":"post_tag","embeddable":true,"href":"https:\/\/www.stilartmoebel.de\/zuhause-bei-sam\/wp-json\/wp\/v2\/tags?post=12070"}],"curies":[{"name":"wp","href":"https:\/\/api.w.org\/{rel}","templated":true}]}}