{"id":12008,"date":"2017-05-25T08:00:52","date_gmt":"2017-05-25T06:00:52","guid":{"rendered":"https:\/\/www.stilartmoebel.de\/zuhause-bei-sam\/?p=12008"},"modified":"2025-07-09T15:44:51","modified_gmt":"2025-07-09T13:44:51","slug":"gruen-und-terrakotta-ist-der-neue-einrichtungstrend","status":"publish","type":"post","link":"https:\/\/www.stilartmoebel.de\/zuhause-bei-sam\/gruen-und-terrakotta-ist-der-neue-einrichtungstrend\/","title":{"rendered":"Gr\u00fcn und Terrakotta ist der neue Einrichtungstrend"},"content":{"rendered":"<p>Naturfarben sind wieder voll im Trend, denn sie geben dem Raum eine beruhigende Note. Dadurch, dass es Farben aus der Natur sind, f\u00fchlen sich viele Menschen sofort viel geborgener. Wenn Sie also einen Raum neu gestalten m\u00f6chten und es lieber schlicht m\u00f6gen, k\u00f6nnen Sie auf jeden Fall auf die Naturfarben z\u00e4hlen. Erfahren Sie hier alles, was Sie \u00fcber den neuen Einrichtungstrend und die Naturfarben wissen m\u00fcssen.<\/p>\n<p><!--more--><\/p>\n<h2>Terrakotta ist wieder beliebt<\/h2>\n<p>Besonders fr\u00fcher war Terrakotta, auch genannt \u201egebrannte Erde\u201c, in der Inneneinrichtung sehr beliebt. Die Farbe sieht einfach gut aus, auch wenn es sich dabei nur um einen einzigen Farbton handelte. Damals gab es die gewischten W\u00e4nde sowie Fliesen aus der Toskana und kleine Tonfiguren, die den Stil abrunden.<\/p>\n<p>Heute ist der Terrakotta Stil wieder voll im Trend. Im Gegensatz zu damals wird die Farbe Terrakotta nicht mehr nur mit Gelb kombiniert, sondern auch mit Gr\u00fcn, Blau, Grau und besonders viel Wei\u00df. Durch die Kombination wirkt es nicht so schwer und beh\u00e4lt trotz alledem seine Nat\u00fcrlichkeit, die die Menschen schon seit vielen Jahren so an ihr lieben. Au\u00dferdem ist das Material unglasiert und matt, was ganz besondere Effekte erzeugt. Terrakotta gibt es in vielen verschiedenen Nuancen.<\/p>\n<figure id=\"attachment_12010\" aria-labelledby=\"figcaption_attachment_12010\" class=\"wp-caption aligncenter\" style=\"width: 1210px\"><img loading=\"lazy\" decoding=\"async\" class=\"size-full wp-image-12010\" title=\"Bildquelle: \u00a9 Photographee.eu\/shutterstock.com.com\" src=\"https:\/\/www.stilartmoebel.de\/zuhause-bei-sam\/wp-content\/uploads\/2017\/05\/gruen-einrichtung-trend-tipps.jpg\" alt=\"Gr\u00fcn sorgt f\u00fcr Frische in der Wohnungseinrichtung.\" width=\"1200\" height=\"658\" srcset=\"https:\/\/www.stilartmoebel.de\/zuhause-bei-sam\/wp-content\/uploads\/2017\/05\/gruen-einrichtung-trend-tipps.jpg 1200w, https:\/\/www.stilartmoebel.de\/zuhause-bei-sam\/wp-content\/uploads\/2017\/05\/gruen-einrichtung-trend-tipps-300x165.jpg 300w\" sizes=\"auto, (max-width: 1200px) 100vw, 1200px\" \/><figcaption id=\"figcaption_attachment_12010\" class=\"wp-caption-text\">Gr\u00fcn sorgt f\u00fcr Frische in der Wohnungseinrichtung.<\/figcaption><\/figure>\n<h2>Einrichten mit Naturfarben<\/h2>\n<p>Das Einrichten mit diesen Naturfarben ist vor allem deshalb so beliebt, weil Wohnung oder Haus dadurch nat\u00fcrlicher wirken. Von der Einrichtung mit Terracotta und Gr\u00fcn geht eine gewisse Ruhe aus. Au\u00dferdem sind diese Farben sehr vielseitig. Sie k\u00f6nnen sie sowohl mit anderen Naturt\u00f6nen als auch mit kr\u00e4ftigeren Farben kombinieren. Beispielsweise k\u00f6nnen Sie Sandfarben sehr gut mit Pastellfarben wie hellem Gr\u00fcn oder Blau kombinieren. Wer es lieber ein bisschen knalliger mag, kann Sandt\u00f6ne mit einer kr\u00e4ftigen Farbe mischen.<\/p>\n<p>Nat\u00fcrlich brauchen Sie nicht gleich neue M\u00f6bel in Naturfarben, um das gew\u00fcnschte Ergebnis zu erzielen. Eine entsprechende Farbe an der Wand kann bereits ganz eigene Effekte erzeugen. In Kombination mit Gr\u00fcn und Terrakotta sehen Farben wie ein erdiges Braun, ein sandiges Beige oder ein sch\u00f6nes Grau besonders edel aus.<\/p>\n<p>Des weiteren spielen bei der Einrichtung auch die verwendeten Materialien eine wichtige Rolle. Dabei ist es Ihre pers\u00f6nliche Entscheidung, f\u00fcr was Sie sich entscheiden. Leder, Wolle, Fell, Keramik oder H\u00f6lzer \u2013 all das passt zu den neuen Trendfarben Gr\u00fcn und Terrakotta. Wenn Sie in Ihrem Keller noch ein paar alte Sch\u00e4tze haben, k\u00f6nnen Sie diese auf jeden Fall in die Einrichtung mit einbeziehen. Kombinieren Sie die \u00e4lteren <a href=\"https:\/\/www.moebelliebling.de\/Moebel\/\" target=\"_blank\" rel=\"noopener\">Holzm\u00f6bel<\/a> mit ein paar neueren M\u00f6belst\u00fccken, wirken beide sofort ganz anders und der Raum ist ein wenig stilvoller.<\/p>\n<p>Besonders viel macht auch die Dekoration aus. Egal ob Steine, Zweige, Blumen oder Gr\u00e4ser \u2013 alles was aus der Natur kommt, wirkt in einem solchen Raum Wunder und l\u00e4dt zum Wohlf\u00fchlen ein. Wenn Sie Ihre Wohnung also mit Terrakotta oder Gr\u00fcn einrichten und die passenden M\u00f6belst\u00fccke sowie Dekoration haben, holen Sie ein St\u00fcck Natur in Ihre eigenen vier W\u00e4nde.<\/p>\n","protected":false},"excerpt":{"rendered":"<p>Naturfarben sind wieder voll im Trend, denn sie geben dem Raum eine beruhigende Note. Dadurch, dass es Farben aus der Natur sind, f\u00fchlen sich viele Menschen sofort viel geborgener. Wenn Sie also einen Raum neu gestalten m\u00f6chten und es lieber schlicht m\u00f6gen, k\u00f6nnen Sie auf jeden Fall auf die Naturfarben z\u00e4hlen. Erfahren Sie hier alles, [&hellip;]<\/p>\n","protected":false},"author":10,"featured_media":12009,"comment_status":"closed","ping_status":"closed","sticky":false,"template":"","format":"standard","meta":{"footnotes":""},"categories":[593,600],"tags":[1544,170,1542,1543,964],"class_list":["post-12008","post","type-post","status-publish","format-standard","has-post-thumbnail","hentry","category-dekoration","category-einrichtungs-trends","tag-erdtoene","tag-farbe","tag-naturfarbe","tag-naturfarben","tag-terrakotta"],"amp_enabled":true,"_links":{"self":[{"href":"https:\/\/www.stilartmoebel.de\/zuhause-bei-sam\/wp-json\/wp\/v2\/posts\/12008","targetHints":{"allow":["GET"]}}],"collection":[{"href":"https:\/\/www.stilartmoebel.de\/zuhause-bei-sam\/wp-json\/wp\/v2\/posts"}],"about":[{"href":"https:\/\/www.stilartmoebel.de\/zuhause-bei-sam\/wp-json\/wp\/v2\/types\/post"}],"author":[{"embeddable":true,"href":"https:\/\/www.stilartmoebel.de\/zuhause-bei-sam\/wp-json\/wp\/v2\/users\/10"}],"replies":[{"embeddable":true,"href":"https:\/\/www.stilartmoebel.de\/zuhause-bei-sam\/wp-json\/wp\/v2\/comments?post=12008"}],"version-history":[{"count":7,"href":"https:\/\/www.stilartmoebel.de\/zuhause-bei-sam\/wp-json\/wp\/v2\/posts\/12008\/revisions"}],"predecessor-version":[{"id":16095,"href":"https:\/\/www.stilartmoebel.de\/zuhause-bei-sam\/wp-json\/wp\/v2\/posts\/12008\/revisions\/16095"}],"wp:featuredmedia":[{"embeddable":true,"href":"https:\/\/www.stilartmoebel.de\/zuhause-bei-sam\/wp-json\/wp\/v2\/media\/12009"}],"wp:attachment":[{"href":"https:\/\/www.stilartmoebel.de\/zuhause-bei-sam\/wp-json\/wp\/v2\/media?parent=12008"}],"wp:term":[{"taxonomy":"category","embeddable":true,"href":"https:\/\/www.stilartmoebel.de\/zuhause-bei-sam\/wp-json\/wp\/v2\/categories?post=12008"},{"taxonomy":"post_tag","embeddable":true,"href":"https:\/\/www.stilartmoebel.de\/zuhause-bei-sam\/wp-json\/wp\/v2\/tags?post=12008"}],"curies":[{"name":"wp","href":"https:\/\/api.w.org\/{rel}","templated":true}]}}