{"id":11749,"date":"2017-02-20T08:00:14","date_gmt":"2017-02-20T06:00:14","guid":{"rendered":"https:\/\/www.stilartmoebel.de\/zuhause-bei-sam\/?p=11749"},"modified":"2025-07-10T12:32:03","modified_gmt":"2025-07-10T10:32:03","slug":"frueh-starten-mit-dem-gewaechshaus","status":"publish","type":"post","link":"https:\/\/www.stilartmoebel.de\/zuhause-bei-sam\/frueh-starten-mit-dem-gewaechshaus\/","title":{"rendered":"Fr\u00fch starten mit dem Gew\u00e4chshaus!"},"content":{"rendered":"<p>Nach einer langen und meist dunklen Winterzeit freuen sich wahrscheinlich die meisten von uns auf mehr Sonne und Licht. Wer definitiv nicht abwarten kann, bis der Fr\u00fchling endlich da ist, sind die leidenschaftlichen G\u00e4rtner unter uns. Die freuen sich, wenn die ersten Pflanzen in der Erde sind. Doch viele der Pflanzen w\u00fcrden sich beim ersten Frost schon verabschieden. Die L\u00f6sung dieses Dilemmas ist ein <a href=\"https:\/\/www.mein-schoener-garten.de\/themen\/gewaechshaus\" target=\"_blank\" rel=\"noopener\">Gew\u00e4chshaus<\/a>. In diesem Beitrag erfahren Sie alles, was Sie \u00fcber dar\u00fcber wissen m\u00fcssen.<!--more--><\/p>\n<h2>Was Sie vor der Bepflanzung beachten sollten<\/h2>\n<p>Der gr\u00f6\u00dfte Trumpf des Gew\u00e4chshauses: Es verl\u00e4ngert die Vegetationsphase. Sie k\u00f6nnen dadurch s\u00fcdliche Pflanzen zur Reife bringen oder Jungpflanzen vorziehen. So erm\u00f6glicht es bei manchen Pflanzen die Ernte erst oder bei anderen verfr\u00fcht sie diese.<br \/>\nEin weiterer Vorteil: Wenn Sie im Gew\u00e4chshaus einen Pflanz-Tisch haben, k\u00f6nnen Sie die Samen in Jiffy-Pots oder kleinen Anzuchtt\u00f6pfchen bequem in Stehen ansetzen, bevor Sie sie im Gew\u00e4chshaus oder Freiland in die Erde setzen. Und wenn das Gew\u00e4chshaus gro\u00df genug ist, k\u00f6nnen Sie sogar einen <a href=\"https:\/\/www.moebelliebling.de\/Garten-und-Balkonstuehle\/\" target=\"_blank\" rel=\"noopener\">Gartenstuhl<\/a> oder eine Gartenbank hineinstellen und sich an der W\u00e4rme im Fr\u00fchjahr oder Herbst freuen.<\/p>\n<p>Bevor Sie einen Pflanzenplan f\u00fcr Ihr neues Gew\u00e4chshaus aufstellen, sollten Sie einige Aspekte beachten, die f\u00fcr eine erfolgreiche Ernte wichtig sind.<\/p>\n<p>Planen Sie auf jeden Fall realistisch. Ein Gew\u00e4chshaus ist keine Gro\u00dfplantage. Wenn Ihr Gew\u00e4chshaus etwas kleiner ist, setzen Sie die Pflanzen nicht zu eng, auch wenn die Versuchung wahrscheinlich gro\u00df ist. Das w\u00e4re eher kontraproduktiv, da Konkurrenzen und Pilze zu Ausf\u00e4llen f\u00fchren und weniger Jungpflanzen gut wachsen.<\/p>\n<p>Damit jede Pflanze sich optimal entwickeln kann, muss sie gen\u00fcgend Platz haben. Vergessen Sie nicht, dass ein Gew\u00e4chshaus zwar Pflanzen in einer gesch\u00fctzten Atmosph\u00e4re aufwachsen l\u00e4sst, dort jedoch kein Wind weht. Aus diesem Grund besteht die Gefahr, dass W\u00e4rmestaus entstehen oder die Luftfeuchtigkeit zu hoch wird. Achten Sie daher auf eine regelm\u00e4\u00dfige L\u00fcftung im Gew\u00e4chshaus.<\/p>\n<figure id=\"attachment_11770\" aria-labelledby=\"figcaption_attachment_11770\" class=\"wp-caption aligncenter\" style=\"width: 888px\"><img loading=\"lazy\" decoding=\"async\" class=\"Bildquelle: \u00a9 bikeriderlondon\/shutterstock.com wp-image-11770 size-full\" title=\"Bildquelle: \u00a9 bikeriderlondon\/shutterstock.com\" src=\"https:\/\/www.stilartmoebel.de\/zuhause-bei-sam\/wp-content\/uploads\/2017\/02\/shutterstock_149274890.jpg\" alt=\"L\u00fcften Sie regelm\u00e4\u00dfig im Gew\u00e4chshaus um hoher Luftfeuchtigkeit vorzubeugen\" width=\"878\" height=\"356\" srcset=\"https:\/\/www.stilartmoebel.de\/zuhause-bei-sam\/wp-content\/uploads\/2017\/02\/shutterstock_149274890.jpg 878w, https:\/\/www.stilartmoebel.de\/zuhause-bei-sam\/wp-content\/uploads\/2017\/02\/shutterstock_149274890-300x122.jpg 300w\" sizes=\"auto, (max-width: 878px) 100vw, 878px\" \/><figcaption id=\"figcaption_attachment_11770\" class=\"wp-caption-text\">L\u00fcften Sie regelm\u00e4\u00dfig im Gew\u00e4chshaus, um hoher Luftfeuchtigkeit vorzubeugen<\/figcaption><\/figure>\n<h2>Die Pflanzenauswahl<\/h2>\n<p><strong>Kr\u00e4uter und Gem\u00fcse<\/strong><br \/>\nWenn Sie Kr\u00e4uter und Gem\u00fcse vorziehen m\u00f6chten, um die Ernte zeitlich vorzuverlegen, gibt es einige Pflanzen, denen das gut bekommt.<\/p>\n<p>Ab Mitte\/Ende <i>Januar<\/i> k\u00f6nnen Sie k\u00e4ltetolerante Salate sowie schnellw\u00fcchsige Gem\u00fcse auss\u00e4en, wobei eine Bodenheizung f\u00fcr diesen Fr\u00fchstart empfehlenswert ist.<\/p>\n<p>Fr\u00fche Gew\u00e4chshaussorten verschiedener Salate k\u00f6nnen Sie zu Beginn des Monats <i>Februar<\/i> in die Erde bringen. Die ersten Gem\u00fcsesorten folgen dann Mitte des Monats.<\/p>\n<p>Im <i>M\u00e4rz<\/i> k\u00f6nnen Sie dann robuste Kr\u00e4uter in das Gew\u00e4chshaus pflanzen und im <i>April<\/i> kommen die ersten S\u00fcdkr\u00e4uter, zusammen mit vielen mittelfr\u00fchen Gem\u00fcsesorten.<\/p>\n<p>Erst im <i>Mai<\/i> ist die gr\u00f6bste Gefahr von Frosteinbr\u00fcchen gebannt und die Pflanzen k\u00f6nnen gleich ins Freiland gesetzt werden. Die w\u00e4rmehungrigsten Kr\u00e4uter sollten Sie in den warmen Boden s\u00e4en. Ansonsten k\u00f6nnen Sie jetzt alle Gem\u00fcsesorten s\u00e4en, welche Sie im Sp\u00e4tsommer ernten m\u00f6chten.<\/p>\n<p>Im <i>Juni<\/i> sowie auch im Juli k\u00f6nnen Sie den gerade frei gewordenen Platz f\u00fcr schnellw\u00fcchsige Kr\u00e4uter und Salate nutzen. Im <i>August<\/i> und <i>September<\/i> ist es Zeit f\u00fcr die typischen Herbstkulturen und sp\u00e4ter auch die R\u00fcben. Abschlie\u00dfend k\u00f6nnen Sie im <i>Oktober<\/i> die letzten Wintergem\u00fcse auss\u00e4en sowie ein paar Salate und Radieschen, die schnell reifen.<\/p>\n<h2>Diese Pflanzen m\u00f6gen es warm<\/h2>\n<p>Es gibt auch die w\u00e4rmeliebenden Jungpflanzen, denen die Saison bei uns ohne das Dach des Gew\u00e4chshauses viel zu kurz w\u00e4re. Dabei geht es um die folgenden Pflanzen: Chillis, Auberginen, Melonen, K\u00fcrbisse, Paprika, Peperoni und so gut wie alle Arten der Tomaten.<\/p>\n<p>All diese aufgef\u00fchrten Pflanzen d\u00fcrfen auf jeden Fall erst dann ins Freie, wenn sie sehr kr\u00e4ftige Jungpflanzen sind und auch erst dann, wenn es sicher warm bleibt. In den meisten Gegenden von Deutschland ist das etwa ab der zweiten Maih\u00e4lfte der Fall.<\/p>\n<p>Dann gibt es auch noch die Ganzjahreskultur hinter Glas. In diesem Fall sind Sie in Bezug auf den Aussaatzeitpunkt etwas freier. Jedoch auch nur etwas, denn die Pflanzen brauchen eine bestimmte Zeit, um zur Reife zu kommen. Bei Paprika oder Tomaten sind das beispielsweise um die f\u00fcnf Monate. Sie sollen ja nicht nur sch\u00f6n aussehen, sondern auch nach etwas schmecken.<\/p>\n<figure id=\"attachment_11769\" aria-labelledby=\"figcaption_attachment_11769\" class=\"wp-caption aligncenter\" style=\"width: 888px\"><img loading=\"lazy\" decoding=\"async\" class=\"Bildquelle: \u00a9 Stephanie Frey\/shutterstock.com wp-image-11769 size-full\" title=\"Bildquelle: \u00a9 Stephanie Frey\/shutterstock.com\" src=\"https:\/\/www.stilartmoebel.de\/zuhause-bei-sam\/wp-content\/uploads\/2017\/02\/shutterstock_103595321.jpg\" alt=\"Basilikum sollte erst ab Mai in das Gew\u00e4chshaus gepflanzt werden\" width=\"878\" height=\"355\" srcset=\"https:\/\/www.stilartmoebel.de\/zuhause-bei-sam\/wp-content\/uploads\/2017\/02\/shutterstock_103595321.jpg 878w, https:\/\/www.stilartmoebel.de\/zuhause-bei-sam\/wp-content\/uploads\/2017\/02\/shutterstock_103595321-300x121.jpg 300w\" sizes=\"auto, (max-width: 878px) 100vw, 878px\" \/><figcaption id=\"figcaption_attachment_11769\" class=\"wp-caption-text\">Basilikum sollte erst ab Mai in das Gew\u00e4chshaus gepflanzt werden<\/figcaption><\/figure>\n<h2>Wann kann gepflanzt werden?<\/h2>\n<p>Generell kann man sagen, dass jede Pflanze ihre eigenen W\u00fcnsche hat. Im Folgenden finden Sie ein paar der wichtigsten Kr\u00e4uter und Gem\u00fcse aufgelistet:<\/p>\n<p><strong>Basilikum:<\/strong> Sollte erst ab Mai in das Gew\u00e4chshaus<br \/>\n<strong>Dill:<\/strong> Kann ab April ausges\u00e4t werden<br \/>\n<strong>Gurken:<\/strong> K\u00f6nnen ab April\/Mai ausges\u00e4t werden<br \/>\n<strong>Kohlrabi:<\/strong> Ab Februar bis Mitte M\u00e4rz<br \/>\n<strong>Melonen:<\/strong> K\u00f6nnen ab April ausges\u00e4t werden<br \/>\n<strong>Paprika:<\/strong> M\u00e4rz bis Mai auss\u00e4en<\/p>\n<h2>Die Pflanzen pflegen<\/h2>\n<p>Die Pflege der Pflanzen ist nicht immer leicht, denn vor allem in Bezug auf die Verteilung des Feuchtigkeits- und W\u00e4rmeaufkommens sind die Bed\u00fcrfnisse recht unterschiedlich. Beispielsweise m\u00f6gen Gurken \u00fcberall W\u00e4rme und eine hohe Luftfeuchtigkeit, w\u00e4hrend Tomaten warme Wurzeln, aber niemals nasse Bl\u00e4tter wollen.<\/p>\n<p>Allgemein empfiehlt sich eine Bew\u00e4sserung mit angew\u00e4rmtem Wasser. Sie sollten dabei ein gutes Auge auf alle Anzeichen einer Krankheit haben, da sich diese im abgeschlossenen Raum des Gew\u00e4chshauses schnell verbreiten k\u00f6nnen.<\/p>\n","protected":false},"excerpt":{"rendered":"<p>Nach einer langen und meist dunklen Winterzeit freuen sich wahrscheinlich die meisten von uns auf mehr Sonne und Licht. Wer definitiv nicht abwarten kann, bis der Fr\u00fchling endlich da ist, sind die leidenschaftlichen G\u00e4rtner unter uns. Die freuen sich, wenn die ersten Pflanzen in der Erde sind. Doch viele der Pflanzen w\u00fcrden sich beim ersten [&hellip;]<\/p>\n","protected":false},"author":6,"featured_media":11750,"comment_status":"closed","ping_status":"closed","sticky":false,"template":"","format":"standard","meta":{"footnotes":""},"categories":[598,20],"tags":[146,226,30,1610,637,1611,1612],"class_list":["post-11749","post","type-post","status-publish","format-standard","has-post-thumbnail","hentry","category-garten-tipps","category-mein-garten","tag-blumen","tag-fruehjahr","tag-gemuese","tag-gewaechshaus","tag-obst","tag-pflanzen-vorziehen","tag-witterungsunabhaengig-anbauen"],"amp_enabled":true,"_links":{"self":[{"href":"https:\/\/www.stilartmoebel.de\/zuhause-bei-sam\/wp-json\/wp\/v2\/posts\/11749","targetHints":{"allow":["GET"]}}],"collection":[{"href":"https:\/\/www.stilartmoebel.de\/zuhause-bei-sam\/wp-json\/wp\/v2\/posts"}],"about":[{"href":"https:\/\/www.stilartmoebel.de\/zuhause-bei-sam\/wp-json\/wp\/v2\/types\/post"}],"author":[{"embeddable":true,"href":"https:\/\/www.stilartmoebel.de\/zuhause-bei-sam\/wp-json\/wp\/v2\/users\/6"}],"replies":[{"embeddable":true,"href":"https:\/\/www.stilartmoebel.de\/zuhause-bei-sam\/wp-json\/wp\/v2\/comments?post=11749"}],"version-history":[{"count":11,"href":"https:\/\/www.stilartmoebel.de\/zuhause-bei-sam\/wp-json\/wp\/v2\/posts\/11749\/revisions"}],"predecessor-version":[{"id":16141,"href":"https:\/\/www.stilartmoebel.de\/zuhause-bei-sam\/wp-json\/wp\/v2\/posts\/11749\/revisions\/16141"}],"wp:featuredmedia":[{"embeddable":true,"href":"https:\/\/www.stilartmoebel.de\/zuhause-bei-sam\/wp-json\/wp\/v2\/media\/11750"}],"wp:attachment":[{"href":"https:\/\/www.stilartmoebel.de\/zuhause-bei-sam\/wp-json\/wp\/v2\/media?parent=11749"}],"wp:term":[{"taxonomy":"category","embeddable":true,"href":"https:\/\/www.stilartmoebel.de\/zuhause-bei-sam\/wp-json\/wp\/v2\/categories?post=11749"},{"taxonomy":"post_tag","embeddable":true,"href":"https:\/\/www.stilartmoebel.de\/zuhause-bei-sam\/wp-json\/wp\/v2\/tags?post=11749"}],"curies":[{"name":"wp","href":"https:\/\/api.w.org\/{rel}","templated":true}]}}