{"id":11714,"date":"2017-02-06T08:00:13","date_gmt":"2017-02-06T06:00:13","guid":{"rendered":"https:\/\/www.stilartmoebel.de\/zuhause-bei-sam\/?p=11714"},"modified":"2025-07-11T12:46:38","modified_gmt":"2025-07-11T10:46:38","slug":"moebel-mit-lounge-charakter","status":"publish","type":"post","link":"https:\/\/www.stilartmoebel.de\/zuhause-bei-sam\/moebel-mit-lounge-charakter\/","title":{"rendered":"M\u00f6bel mit Lounge-Charakter"},"content":{"rendered":"<p>Mit Lounge-M\u00f6beln f\u00fcr drau\u00dfen schafft man sich eine sch\u00f6ne Outdoor-Lounge und in gewisser Weise ein zweites Wohnzimmer auf dem Balkon, der Terrasse oder im Garten. In Bezug auf die M\u00f6bel gibt es eine sehr gro\u00dfe Auswahl und es ist nicht immer leicht, sich zu entscheiden. Doch was ist eigentlich genau der Unterschied zwischen einer Outdoor-Lounge und einer normalen <a href=\"https:\/\/www.moebelliebling.de\/Garten-Balkon\/\" target=\"_blank\" rel=\"noopener\">Gartensitzecke<\/a>? In diesem Beitrag erfahren Sie alles, was Sie \u00fcber eine Outdoor-Lounge und Ihre M\u00f6bel wissen m\u00fcssen.<!--more--><\/p>\n<h2>Wichtige Merkmale einer Outdoor-Lounge<\/h2>\n<p>Durch die wichtigsten Merkmale einer Outdoor-Lounge M\u00f6bel-Kombination entsteht eine Atmosph\u00e4re wie in Ihrem Wohnzimmer. Selbst wenn Sie nicht \u00fcber einen gro\u00dfen Balkon oder eine gro\u00dfe Terrasse verf\u00fcgen, m\u00fcssen Sie nicht auf eine Outdoor-Lounge verzichten. Wenn Sie Gl\u00fcck haben, passt ein Outdoor-Sofa perfekt in eine Ecknische.<\/p>\n<p>Eine Outdoor-Lounge hat in den meisten F\u00e4llen bodennahe Liege- und Sitzfl\u00e4chen sowie niedrige Tische. Charakteristisch f\u00fcr eine Outdoor-Lounge sind weiche und volumin\u00f6se Kissen und Polster, welche besonders zur wohnlichen Atmosph\u00e4re beitragen. In Bezug auf die Materialien werden Outdoor-Stoffe sowie Rattan und Polyrattan verwendet.<\/p>\n<p>Lounge-M\u00f6bel haben oft eine gro\u00dfe Sitztiefe und ausladende Liege- und Sitzfl\u00e4chen mit breiten Armlehnen. Generell besitzt eine Outdoor-Lounge eine sehr wohnliche Optik und Haptik. F\u00fcr viele Menschen haben Flechtm\u00f6bel einen ganz besondere Charme und stehen f\u00fcr Wohnlichkeit mit Charakter. Das ist nicht ungew\u00f6hnlich, denn die verflochtenen Str\u00e4nge sehen nicht nur sch\u00f6n aus, sondern sie f\u00fchlen sich auch angenehm an.<\/p>\n<h2>Materialien von Lounge-M\u00f6beln<\/h2>\n<p>Die modernen Lounge-M\u00f6bel f\u00fcr drau\u00dfen bestehen \u00fcberwiegend aus den Materialien Rattan und Polyrattan.<\/p>\n<p>Rattan ist ein Geflecht, welches aus Bestandteilen der ostasiatischen Rotang-Palme besteht. Die Str\u00e4nge des Naturmaterials werden miteinander verflochten, wodurch eine luftige Struktur entsteht. Sie zeichnet sich durch ihren meist warmen Holzton und ihre angenehme Haptik aus. Einen Nachteil hat Rattan jedoch: Es ist nicht wetterfest und muss deshalb gut vor Feuchtigkeit gesch\u00fctzt werden. Au\u00dferdem sind Lounge-M\u00f6bel aus Rattan nicht f\u00fcr das \u00dcberwintern im Freien geeignet. Planen Sie daher schon vor dem Kauf ausreichend Platz f\u00fcr eine Aufbewahrung der M\u00f6bel im Trockenen ein!<\/p>\n<p>Polyrattan hingegen ist ein k\u00fcnstliches Material. Der Werkstoff besteht aus Polyethylen. Optisch \u00e4hneln sie sehr den Rattanm\u00f6beln. Jedoch ist im Unterschied zu diesen das Polyrattan bei qualitativ hochwertigen M\u00f6beln wetterfest und zus\u00e4tzlich auch UV-best\u00e4ndig. Im Gegensatz zu Rattan \u00fcberstehen M\u00f6bel aus hochwertigem Polyrattan auch Minusgrade, weshalb sie auch ohne Probleme abgedeckt im Freien \u00fcberwintern k\u00f6nnen.<\/p>\n<p>Lounge-M\u00f6bel drau\u00dfen sind nat\u00fcrlich auch mit Polstern ausgestattet. Allerdings sollten Sie darauf achten, dass die Polster UV-Strahlung und Feuchtigkeit standhalten, da die Lounge-M\u00f6bel aufgrund ihrer Gr\u00f6\u00dfe nicht ohne weiteres wegger\u00e4umt werden k\u00f6nnen. Falls Sie die Polster abnehmen k\u00f6nnen, empfiehlt es sich, sie im Trockenen zu \u00fcberwintern. Bei den Polsterbez\u00fcgen k\u00f6nnen Sie zwischen Outdoor-Leder, Outdoor-Kunstleder und Kunstfasertextilien w\u00e4hlen. Wof\u00fcr Sie sich entscheiden, h\u00e4ngt von Ihrem Geschmack ab. Diese Materialien sind in den meisten F\u00e4llen gegen Schimmelbildung und UV-Strahlung ausger\u00fcstet und zudem noch schmutz- und wasserabweisend.<\/p>\n","protected":false},"excerpt":{"rendered":"<p>Mit Lounge-M\u00f6beln f\u00fcr drau\u00dfen schafft man sich eine sch\u00f6ne Outdoor-Lounge und in gewisser Weise ein zweites Wohnzimmer auf dem Balkon, der Terrasse oder im Garten. In Bezug auf die M\u00f6bel gibt es eine sehr gro\u00dfe Auswahl und es ist nicht immer leicht, sich zu entscheiden. Doch was ist eigentlich genau der Unterschied zwischen einer Outdoor-Lounge [&hellip;]<\/p>\n","protected":false},"author":7,"featured_media":11745,"comment_status":"closed","ping_status":"closed","sticky":false,"template":"","format":"standard","meta":{"footnotes":""},"categories":[600,596,20,591],"tags":[463,630,1621,1620,650,855],"class_list":["post-11714","post","type-post","status-publish","format-standard","has-post-thumbnail","hentry","category-einrichtungs-trends","category-gartenmoebel","category-mein-garten","category-stilrichtungen","tag-gartenmoebel","tag-indoor","tag-lounge-moebel","tag-outdooroutdoor-lounge","tag-polyrattan","tag-rattan"],"amp_enabled":true,"_links":{"self":[{"href":"https:\/\/www.stilartmoebel.de\/zuhause-bei-sam\/wp-json\/wp\/v2\/posts\/11714","targetHints":{"allow":["GET"]}}],"collection":[{"href":"https:\/\/www.stilartmoebel.de\/zuhause-bei-sam\/wp-json\/wp\/v2\/posts"}],"about":[{"href":"https:\/\/www.stilartmoebel.de\/zuhause-bei-sam\/wp-json\/wp\/v2\/types\/post"}],"author":[{"embeddable":true,"href":"https:\/\/www.stilartmoebel.de\/zuhause-bei-sam\/wp-json\/wp\/v2\/users\/7"}],"replies":[{"embeddable":true,"href":"https:\/\/www.stilartmoebel.de\/zuhause-bei-sam\/wp-json\/wp\/v2\/comments?post=11714"}],"version-history":[{"count":8,"href":"https:\/\/www.stilartmoebel.de\/zuhause-bei-sam\/wp-json\/wp\/v2\/posts\/11714\/revisions"}],"predecessor-version":[{"id":16149,"href":"https:\/\/www.stilartmoebel.de\/zuhause-bei-sam\/wp-json\/wp\/v2\/posts\/11714\/revisions\/16149"}],"wp:featuredmedia":[{"embeddable":true,"href":"https:\/\/www.stilartmoebel.de\/zuhause-bei-sam\/wp-json\/wp\/v2\/media\/11745"}],"wp:attachment":[{"href":"https:\/\/www.stilartmoebel.de\/zuhause-bei-sam\/wp-json\/wp\/v2\/media?parent=11714"}],"wp:term":[{"taxonomy":"category","embeddable":true,"href":"https:\/\/www.stilartmoebel.de\/zuhause-bei-sam\/wp-json\/wp\/v2\/categories?post=11714"},{"taxonomy":"post_tag","embeddable":true,"href":"https:\/\/www.stilartmoebel.de\/zuhause-bei-sam\/wp-json\/wp\/v2\/tags?post=11714"}],"curies":[{"name":"wp","href":"https:\/\/api.w.org\/{rel}","templated":true}]}}