{"id":11436,"date":"2016-12-05T08:00:00","date_gmt":"2016-12-05T06:00:00","guid":{"rendered":"https:\/\/www.stilartmoebel.de\/zuhause-bei-sam\/?p=11436"},"modified":"2025-10-24T13:21:59","modified_gmt":"2025-10-24T11:21:59","slug":"besinnliche-tage-mit-kerzen-lichterketten-und-kamin","status":"publish","type":"post","link":"https:\/\/www.stilartmoebel.de\/zuhause-bei-sam\/besinnliche-tage-mit-kerzen-lichterketten-und-kamin\/","title":{"rendered":"Besinnliche Tage mit Kerzen, Lichterketten und Kamin"},"content":{"rendered":"<p>In der dunklen und kalten Jahreszeit machen wir es uns am liebsten auf dem Sofa mit einer Decke gem\u00fctlich und schauen dem winterlichen Schneegest\u00f6ber im Garten zu. Damit es auch nach Einbruch der Dunkelheit in Ihren eigenen vier W\u00e4nden gem\u00fctlich bleibt, haben Sie einige M\u00f6glichkeiten. Sie k\u00f6nnen beispielsweise mit Kerzen, Lichterketten und einem Kamin f\u00fcr Besinnlichkeit und Wohlbefinden sorgen.<!--more--><\/p>\n<h2>Stimmungsvolle Beleuchtung mit Kerzen<\/h2>\n<p>Kerzen erzeugen in Sekundenschnelle eine besinnliche und wohnliche Stimmung. Allein das flackernde Licht gen\u00fcgt, um W\u00e4rme zu verbreiten. Je nach Ihrem pers\u00f6nlichen Geschmack kommen f\u00fcr Sie klassische Kerzenst\u00e4nder, moderne Teelichthalter oder Windlichter in Frage. Es gibt sie allesamt in unz\u00e4hligen Varianten, sodass f\u00fcr jeden Wohnstil das Passende dabei ist.<\/p>\n<p>Vom minimalistischen bis zum verschn\u00f6rkelten Kerzenst\u00e4nder ist alles m\u00f6glich. Wichtig ist, dass er feuerfest ist und zu Ihrem Einrichtungsstil passt. Eine elegante Einrichtung verlangt nach einem pomp\u00f6sen Kerzenst\u00e4nder. Trendige Design-Objekte harmonieren am besten mit modernen Wohnstilen. Kerzenst\u00e4nder versch\u00f6nern in der kalten Jahreszeit den <a href=\"https:\/\/www.moebelliebling.de\/Esstische\/\" target=\"_blank\" rel=\"noopener\">Esstisch<\/a>, aber auch Fensterb\u00e4nke, <a href=\"https:\/\/www.moebelliebling.de\/search?search=beistelltisch\" target=\"_blank\" rel=\"noopener\">Beistelltische<\/a> und Kommoden.<\/p>\n<p>Noch moderner sind Teelichthalter, die f\u00fcr die derzeit so angesagten Teelichter geeignet sind. Oftmals bestehen sie aus Glas, Edelstahl oder Porzellan. Sie vereinen gleich mehrere Funktionen, denn sie dienen als feuerfester Untergrund f\u00fcr Teelichter und sch\u00fctzen sie vor Zugluft. Gefragt sind Modelle, bei denen die Teelichter komplett umschlossen werden, sodass die Kerzen nur ein indirektes Licht erzeugen.<\/p>\n<p>Sie m\u00f6chten nicht nur Ihre Wohnung, sondern auch die Terrasse oder den Balkon mit Kerzen dekorieren? Dann sind Windlichter wie f\u00fcr Sie gemacht. Sie bieten Platz f\u00fcr gro\u00dfe Kerzenstumpen, die eine besonders lange Brenndauer mitbringen. W\u00e4hrend klassische Windlichter aus Glas bestehen, gibt es auch immer mehr Varianten aus buntem Stahl oder Laternen aus Holz.<\/p>\n<figure id=\"attachment_11505\" aria-labelledby=\"figcaption_attachment_11505\" class=\"wp-caption aligncenter\" style=\"width: 888px\"><img loading=\"lazy\" decoding=\"async\" class=\"Bildquelle: \u00a9 Yulia Grigoryeva\/shutterstock.com wp-image-11505 size-full\" title=\"Bildquelle: \u00a9 Yulia Grigoryeva\/shutterstock.com\" src=\"https:\/\/www.stilartmoebel.de\/zuhause-bei-sam\/wp-content\/uploads\/2016\/11\/kerzen-laterne-windlicht-balkon.jpg\" alt=\"Besinnliche Tage auf Ihrem Balkon mit klassischen Windlichtern und Laternen\" width=\"878\" height=\"356\" srcset=\"https:\/\/www.stilartmoebel.de\/zuhause-bei-sam\/wp-content\/uploads\/2016\/11\/kerzen-laterne-windlicht-balkon.jpg 878w, https:\/\/www.stilartmoebel.de\/zuhause-bei-sam\/wp-content\/uploads\/2016\/11\/kerzen-laterne-windlicht-balkon-300x122.jpg 300w\" sizes=\"auto, (max-width: 878px) 100vw, 878px\" \/><figcaption id=\"figcaption_attachment_11505\" class=\"wp-caption-text\">Besinnliche Tage auf Ihrem Balkon mit klassischen Windlichtern und Laternen<\/figcaption><\/figure>\n<h2>Lichterketten f\u00fcr eine gem\u00fctliche Atmosph\u00e4re<\/h2>\n<p>Eine weitere M\u00f6glichkeit, mit der Sie eine besinnliche Stimmung in Ihrem Zuhause schaffen k\u00f6nnen, stellen Lichterketten dar. Sie lassen sich schnell montieren und verbreiten dann einen angenehmen Lichterschein. L\u00e4ngst eignen sie sich nicht mehr nur f\u00fcr den Weihnachtsbaum. Sie k\u00f6nnen Lichterketten w\u00e4hrend des gesamten Winters verwenden. Es gibt es heute in einer Vielzahl an Varianten und Farben.<\/p>\n<p>Tipp: Setzen Sie bei Lichterketten auf die moderne LED-Technik. Die L\u00e4mpchen sind energiesparend und geben wesentlich weniger W\u00e4rme ab als herk\u00f6mmliche Leuchtmittel. Au\u00dferdem k\u00f6nnen LEDs viele verschiedene Farben haben &#8211; Ihnen steht eine gro\u00dfe Auswahl zur Verf\u00fcgung!<\/p>\n<p>Bei den klassischen Varianten sind die einzelnen Lampen direkt sichtbar oder werden lediglich durch kleine Kunststoffkappen gesch\u00fctzt. H\u00e4ufig finden sie Verwendung, um Pflanzen und B\u00e4ume \u2013 wie etwa den Weihnachtsbaum \u2013 mit Licht in Szene zu setzen. Bei den moderneren Exemplaren werden die L\u00e4mpchen in transparenten Kugeln aus Papier oder Kunststoff versteckt. Mit dieser indirekten Beleuchtung k\u00f6nenn Sie Sideboards oder Fenster sch\u00f6n dekorieren.<\/p>\n<p>Dar\u00fcber hinaus gibt es noch Lichterketten mit Deko-Elementen. Bei diesen Ausf\u00fchrungen stehen nicht die eigentlichen L\u00e4mpchen im Zentrum der Aufmerksamkeit, sondern das Kabel, das mit zahlreichen Deko-Objekten aufgewertet wird. Diese Lichterketten sind als saisonale Winter- oder Weihnachtsdekoration besonders beliebt und kommen in dieser Zeit beispielsweise gerne als Tischdeko zum Einsatz.<\/p>\n<figure id=\"attachment_11504\" aria-labelledby=\"figcaption_attachment_11504\" class=\"wp-caption aligncenter\" style=\"width: 888px\"><img loading=\"lazy\" decoding=\"async\" class=\"Bildquelle: \u00a9 Maglara\/shutterstock.com wp-image-11504 size-full\" title=\"Bildquelle: \u00a9 Maglara\/shutterstock.com\" src=\"https:\/\/www.stilartmoebel.de\/zuhause-bei-sam\/wp-content\/uploads\/2016\/11\/lichterkette-dekoration-buecher-sideboard.jpg\" alt=\"Lichterketten eignen sich sehr gut als Dekoration\" width=\"878\" height=\"355\" srcset=\"https:\/\/www.stilartmoebel.de\/zuhause-bei-sam\/wp-content\/uploads\/2016\/11\/lichterkette-dekoration-buecher-sideboard.jpg 878w, https:\/\/www.stilartmoebel.de\/zuhause-bei-sam\/wp-content\/uploads\/2016\/11\/lichterkette-dekoration-buecher-sideboard-300x121.jpg 300w\" sizes=\"auto, (max-width: 878px) 100vw, 878px\" \/><figcaption id=\"figcaption_attachment_11504\" class=\"wp-caption-text\">Lichterketten eignen sich sehr gut als Dekoration<\/figcaption><\/figure>\n<h2>Ein Kamin f\u00fcr mehr W\u00e4rme und Geborgenheit in der Winterzeit<\/h2>\n<p>Wenn Sie die M\u00f6glichkeit daf\u00fcr haben, sollten Sie auch \u00fcber die Anschaffung eines Kamins nachdenken. Das lodernde, gl\u00fchende und flackernde Feuer verbreitet nicht nur eine behagliche Lichtstimmung, sondern dient gleichzeitig als sparsame W\u00e4rmequelle. Aus diesem Grund ist es wenig verwunderlich, dass sich Kamine in der Zeit steigender Energiepreise einer immer gr\u00f6\u00dferen Beliebtheit erfreuen.<\/p>\n<p>Der geschlossene Kamin hat den fr\u00fcheren offenen Kamin ersetzt. Er verf\u00fcgt \u00fcber eine Glasscheibe, die die feuerfeste Abgrenzung zum Raum darstellt. Bei einem geschlossenen Kamin bildet sich kein Kaminrauch, sodass die Raumluft frisch bleibt und das Brandrisiko gesenkt wird. Aber auch Kamin\u00f6fen kommen in Frage. Sie werden vor dem Schornstein aufgestellt und dort mit einem Ofenrohr angeschlossen. In Kamin\u00f6fen k\u00f6nnen Sie biogene oder fossile Brennstoffe, vor allem Holz, verbrennen. Meist bestehen sie aus Gusseisen oder Stahlblech. Damit Sie eine freie Sicht auf den Feuerraum genie\u00dfen k\u00f6nnen, verf\u00fcgt auch der Kaminofen in der Regel \u00fcber eine Glasscheibe.<\/p>\n<p>Zu guter Letzt werden auch mit Gas angetriebene Kamine angeboten. Sie sind sehr komfortabel in der Verwendung, weil Sie hierf\u00fcr kein Feuerholz ben\u00f6tigen. Stattdessen arbeitet der Gaskamin mit dem Gas der hauseigenen Gasleitung oder mit Propangas. Falls Sie keine M\u00f6glichkeit f\u00fcr die Installation eines echten Kamins haben, ist ein elektrisches Modell eine gute Alternative. Es simuliert zumindest das behagliche Flackern des Feuers.<\/p>\n<p>G\u00e4nzlich abraten m\u00f6chten wir Ihnen von Kamin\u00f6fen, die mit Ethanol betrieben werden. Der Brennstoff ist verh\u00e4ltnism\u00e4\u00dfig teuer und dazu in seiner Handhabung unsicher. Die farblose Fl\u00fcssigkeit wird beim Bef\u00fcllen des Ofens schnell verkleckert und kann beim anschlie\u00dfenden Befeuern in Brand geraten.<\/p>\n\n","protected":false},"excerpt":{"rendered":"<p>In der dunklen und kalten Jahreszeit machen wir es uns am liebsten auf dem Sofa mit einer Decke gem\u00fctlich und schauen dem winterlichen Schneegest\u00f6ber im Garten zu. Damit es auch nach Einbruch der Dunkelheit in Ihren eigenen vier W\u00e4nden gem\u00fctlich bleibt, haben Sie einige M\u00f6glichkeiten. Sie k\u00f6nnen beispielsweise mit Kerzen, Lichterketten und einem Kamin f\u00fcr [&hellip;]<\/p>\n","protected":false},"author":10,"featured_media":11472,"comment_status":"closed","ping_status":"closed","sticky":false,"template":"","format":"standard","meta":{"footnotes":""},"categories":[587,1],"tags":[1683,1684,141,1682,214,1685,1686],"class_list":["post-11436","post","type-post","status-publish","format-standard","has-post-thumbnail","hentry","category-einrichtungs-tipps","category-mein-zuhause","tag-kamin","tag-kaminofen","tag-kerzen","tag-kerzenstaender","tag-lichterketten","tag-stahlofen","tag-windlicht"],"amp_enabled":true,"_links":{"self":[{"href":"https:\/\/www.stilartmoebel.de\/zuhause-bei-sam\/wp-json\/wp\/v2\/posts\/11436","targetHints":{"allow":["GET"]}}],"collection":[{"href":"https:\/\/www.stilartmoebel.de\/zuhause-bei-sam\/wp-json\/wp\/v2\/posts"}],"about":[{"href":"https:\/\/www.stilartmoebel.de\/zuhause-bei-sam\/wp-json\/wp\/v2\/types\/post"}],"author":[{"embeddable":true,"href":"https:\/\/www.stilartmoebel.de\/zuhause-bei-sam\/wp-json\/wp\/v2\/users\/10"}],"replies":[{"embeddable":true,"href":"https:\/\/www.stilartmoebel.de\/zuhause-bei-sam\/wp-json\/wp\/v2\/comments?post=11436"}],"version-history":[{"count":10,"href":"https:\/\/www.stilartmoebel.de\/zuhause-bei-sam\/wp-json\/wp\/v2\/posts\/11436\/revisions"}],"predecessor-version":[{"id":16976,"href":"https:\/\/www.stilartmoebel.de\/zuhause-bei-sam\/wp-json\/wp\/v2\/posts\/11436\/revisions\/16976"}],"wp:featuredmedia":[{"embeddable":true,"href":"https:\/\/www.stilartmoebel.de\/zuhause-bei-sam\/wp-json\/wp\/v2\/media\/11472"}],"wp:attachment":[{"href":"https:\/\/www.stilartmoebel.de\/zuhause-bei-sam\/wp-json\/wp\/v2\/media?parent=11436"}],"wp:term":[{"taxonomy":"category","embeddable":true,"href":"https:\/\/www.stilartmoebel.de\/zuhause-bei-sam\/wp-json\/wp\/v2\/categories?post=11436"},{"taxonomy":"post_tag","embeddable":true,"href":"https:\/\/www.stilartmoebel.de\/zuhause-bei-sam\/wp-json\/wp\/v2\/tags?post=11436"}],"curies":[{"name":"wp","href":"https:\/\/api.w.org\/{rel}","templated":true}]}}