{"id":11430,"date":"2016-11-24T08:00:59","date_gmt":"2016-11-24T06:00:59","guid":{"rendered":"https:\/\/www.stilartmoebel.de\/zuhause-bei-sam\/?p=11430"},"modified":"2025-07-14T11:58:11","modified_gmt":"2025-07-14T09:58:11","slug":"diy-kalender-ganz-einfach-selbst-gestalten","status":"publish","type":"post","link":"https:\/\/www.stilartmoebel.de\/zuhause-bei-sam\/diy-kalender-ganz-einfach-selbst-gestalten\/","title":{"rendered":"DIY: Kalender ganz einfach selbst gestalten"},"content":{"rendered":"<p>Kaufen kann jeder! Selbst Gemachtes ist dagegen viel pers\u00f6nlicher, individueller und wird von den Lieben als wertvoller erachtet. Soll zu Weihnachten ein neuer Kalender verschenkt werden? Warum diesen dann nicht selbst basteln? Wir zeigen verschiedene \u201edo it yourself\u201c-Varianten.<!--more--><\/p>\n<h2>Der klassische Fotokalender f\u00fcr die Wand<\/h2>\n<p>Wer mit Erinnerungen ein L\u00e4cheln auf die Lippen zaubern m\u00f6chte, kann zum Beispiel mit einem <a href=\"https:\/\/www.cewe.de\/fotokalender.html\" target=\"_blank\" rel=\"noopener\">Fotokalender<\/a> arbeiten. Hier stehen verschiedene M\u00f6glichkeiten zur Auswahl. Im digitalen Zeitalter hat fast jeder seine Fotos auf Festplatte, USB-Stick oder Handy. Was liegt hier n\u00e4her, als online einen Kalender gestalten, drucken und versenden zu lassen? Zahlreiche Anbieter tummeln sich im Netz, bieten Gestaltungssoftware vom einzelnen Bild bis hin zu vorgefertigten Layouts. Hier kann jeder selbst entscheiden, wie viel Aufwand er in die Gestaltung stecken will. Der eine mag jeden Bilderrahmen individuell ausw\u00e4hlen, der andere nutzt die automatische Fotoverteilung. Ist die Bestellung abgeschickt, liegt der Fotokalender meist wenige Tage sp\u00e4ter im Briefkasten.<\/p>\n<p>Aber auch die klassische Variante hat l\u00e4ngst nicht ausgedient: die entwickelten oder ausgedruckten Fotos werden hierf\u00fcr einzeln eingeklebt. Hier gibt es im Fachhandel zahlreiche verschiedene Kalender, die bereits Datum und andere Angaben aufgedruckt haben. Das passende Foto k\u00f6nnen Sie selbst hinein kleben. Auch hier gibt es die unterschiedlichsten Gr\u00f6\u00dfen und Formen.<\/p>\n<h2>Der Terminkalender mit individuellem Cover<\/h2>\n<p>So mancher ist ohne Terminkalender aufgeschmissen und kann sich keine Verabredung merken. Der schwarze A5-Kalender ist in zahlreichen B\u00fcro- und Laptoptaschen zu finden. Aber auch der Terminkalender kann personalisiert werden. Im Internet finden Sie Angebote, um das Cover individuell gestalten zu lassen. Statt des eint\u00f6nigen Schwarz k\u00f6nnen Sie ein individuelles Foto mit Schriftzug verwenden. Umschlaggestaltung ist im Trend, wie die zahlreichen Schalen f\u00fcr Smartphone und Co beweisen.<\/p>\n<figure id=\"attachment_11487\" aria-labelledby=\"figcaption_attachment_11487\" class=\"wp-caption aligncenter\" style=\"width: 888px\"><img loading=\"lazy\" decoding=\"async\" class=\"Bildquelle: \u00a9 Rawpixel.com\/shutterstock.com wp-image-11487 size-full\" title=\"Bildquelle: \u00a9 Rawpixel.com\/shutterstock.com\" src=\"https:\/\/www.stilartmoebel.de\/zuhause-bei-sam\/wp-content\/uploads\/2016\/11\/kalender-datumsangaben-gestalten-diy.jpg\" alt=\"Drucken Sie die Datumsangaben aus dem Internet und gestalten Sie es wie Sie es m\u00f6gen\" width=\"878\" height=\"356\" srcset=\"https:\/\/www.stilartmoebel.de\/zuhause-bei-sam\/wp-content\/uploads\/2016\/11\/kalender-datumsangaben-gestalten-diy.jpg 878w, https:\/\/www.stilartmoebel.de\/zuhause-bei-sam\/wp-content\/uploads\/2016\/11\/kalender-datumsangaben-gestalten-diy-300x122.jpg 300w\" sizes=\"auto, (max-width: 878px) 100vw, 878px\" \/><figcaption id=\"figcaption_attachment_11487\" class=\"wp-caption-text\">Drucken Sie die Datumsangaben aus dem Internet und gestalten Sie es wie Sie es m\u00f6gen<\/figcaption><\/figure>\n<h2>Tischkalender in der DIY-Variante<\/h2>\n<p>Auch der Tischkalender kann wie der Wandkalender mit Fotos beklebt werden. Wem das an eigener Kreativit\u00e4t jedoch nicht ausreicht, der kann einen Kalender f\u00fcr den Tisch auch selbst basteln: mit 14 St\u00fcck Kartonpapier, Kleber und Schere. Die Datumsangaben k\u00f6nnen aus dem Internet ausgedruckt und aufgeklebt werden \u2013 die unterschiedlichen Monatsbl\u00e4tter gestaltet jeder, wie er es mag.<\/p>\n<p>Ob malen, mit Stickern bekleben oder Fotocollagen, hier z\u00e4hlt: Erlaubt ist, was gef\u00e4llt. Sind alle Seiten gestaltet, gilt es noch ein Deck- und R\u00fcckenblatt hinzuzuf\u00fcgen. Zusammengef\u00fcgt wird der eigene Tischkalender mit einer Ringspirale. Wer sich das nicht zutraut oder kein Ger\u00e4t daf\u00fcr hat, bekommt in Bastel- und Kopierl\u00e4den professionelle Hilfe.<\/p>\n<h2>Der ewige Kalender selbst gemacht<\/h2>\n<p>Ist der Kalender selbst gebastelt, ist er fast zu schade, wenn er nach zw\u00f6lf Monaten schon ausgedient hat. Warum dann nicht den ewigen Kalender basteln? Dazu braucht es zw\u00f6lf B\u00f6gen farbiges Tonpapier und zw\u00f6lf B\u00f6gen Karton in der gleichen Gr\u00f6\u00dfe, Fotos, Zeichnungen, feste B\u00e4nder, gegebenenfalls N\u00e4hgarn und eine N\u00e4hmaschine.<\/p>\n<p>Auf jedes Kalenderblatt werden vorne der Monat und die Tageszahlen aufgebracht. Wie, das bleibt Ihnen \u00fcberlassen: Sie k\u00f6nnen per Hand schreiben, Rubbelbuchstaben verwenden oder einfach stempeln. Wichtig ist, dass keine Wochentage aufgeschrieben werden &#8211; so wird der Kalender &#8222;ewig&#8220;! Lassen Sie den oberen Bereich des Tonpapiers frei. Hier k\u00f6nnen Sie Einstecklaschen f\u00fcr Fotos, Zeichnungen und andere Gestaltungen aufn\u00e4hen oder aufkleben.<\/p>\n<p>Anschlie\u00dfend werden die Linien mit der N\u00e4hmaschine von innen aus quer nachgen\u00e4ht \u2013 daran lassen sich sp\u00e4ter Termine h\u00e4ngen.<\/p>\n<p>Kleben Sie das Tonpapier anschlie\u00dfend zur Stabilisierung auf die Kartons aus. Lochen Sie die Bl\u00e4tter im oberen Bereich und binden Sie den Kalender mit einem festen, dekorativen Band zusammen. Fertig!<\/p>\n<p>Eine Karteikartenbox kann ebenfalls zum ewigen Kalender werden. Dazu werden 365 Karteikarten ben\u00f6tigt, die entsprechende beschriftet und gestaltet werden. Sie kommen in die Box, deren Deckel einen kleinen Schlitz ben\u00f6tigt. Darin wird der jeweilige Tag gesteckt. Wer mag, kann auf den Karteikarten wichtige Ereignisse notieren \u2013 so wird man auch Jahre sp\u00e4ter automatisch daran erinnert, sobald man am <a href=\"https:\/\/www.moebelliebling.de\/search?search=schreibtisch\" target=\"_blank\" rel=\"noopener\">Arbeitstisch<\/a> sitzt.<\/p>\n<figure id=\"attachment_11488\" aria-labelledby=\"figcaption_attachment_11488\" class=\"wp-caption aligncenter\" style=\"width: 888px\"><img loading=\"lazy\" decoding=\"async\" class=\"Bildquelle: \u00a9 Tashatuvango\/shutterstock.com wp-image-11488 size-full\" title=\"Bildquelle: \u00a9 Tashatuvango\/shutterstock.com\" src=\"https:\/\/www.stilartmoebel.de\/zuhause-bei-sam\/wp-content\/uploads\/2016\/11\/karteikarten-diy-kalender.jpg\" alt=\"Auch Karteikarten eignen sich gut als Kalender\" width=\"878\" height=\"355\" srcset=\"https:\/\/www.stilartmoebel.de\/zuhause-bei-sam\/wp-content\/uploads\/2016\/11\/karteikarten-diy-kalender.jpg 878w, https:\/\/www.stilartmoebel.de\/zuhause-bei-sam\/wp-content\/uploads\/2016\/11\/karteikarten-diy-kalender-300x121.jpg 300w\" sizes=\"auto, (max-width: 878px) 100vw, 878px\" \/><figcaption id=\"figcaption_attachment_11488\" class=\"wp-caption-text\">Auch Karteikarten eignen sich gut als Kalender<\/figcaption><\/figure>\n<h2>Holzkalender f\u00fcr den Schreibtisch<\/h2>\n<p>Auch Holz eignet sich wunderbar f\u00fcr einen ewigen Kalender. Hierzu braucht der Bastler zwei Holzw\u00fcrfel und drei eckige St\u00e4be, die im Bastelfachhandel zu kaufen sind. Auf den zwei W\u00fcrfeln werden die Zahlen angezeigt, auf dem Holzst\u00e4bchen der Monat. Die Ma\u00dfe sollten vorher genau \u00fcberlegt werden: Die St\u00e4bchen sollten genauso lang sein wie die zwei W\u00fcrfel nebeneinander, so dass alles seitlich abschlie\u00dft. Zudem m\u00fcssen auf den St\u00e4bchen die Monatsnamen Platz finden &#8211; gerade der Monat September ist im Schriftzug besonders lang.<\/p>\n<p>Zu guter Letzt wird ein Kasten ben\u00f6tigt, in dem St\u00e4bchen und W\u00fcrfel Platz finden.<\/p>\n<p>Wie nun die Zahlen und die Monate auf das Holz aufgebracht werden, ist jedem Selbst \u00fcberlassen. Hier kann beispielsweise mit Farbe aufgemalt oder gestempelt werden. Aber auch das Einbrennen mit einem Brandmalger\u00e4t sorgt f\u00fcr eine tolle Optik. Das Aufkleben von unterschiedlichen Materialien ist ebenso m\u00f6glich \u2013 hier ist der Fantasie keine Grenze gesetzt. Das Sch\u00f6ne an dieser Varianten: Der Holzkalender kann auch weit \u00fcber ein Jahr hinaus verwendet werden.<\/p>\n","protected":false},"excerpt":{"rendered":"<p>Kaufen kann jeder! Selbst Gemachtes ist dagegen viel pers\u00f6nlicher, individueller und wird von den Lieben als wertvoller erachtet. Soll zu Weihnachten ein neuer Kalender verschenkt werden? Warum diesen dann nicht selbst basteln? Wir zeigen verschiedene \u201edo it yourself\u201c-Varianten.<\/p>\n","protected":false},"author":8,"featured_media":11483,"comment_status":"closed","ping_status":"closed","sticky":false,"template":"","format":"standard","meta":{"footnotes":""},"categories":[595,588],"tags":[1692,1691,1285,1690,1688,1689],"class_list":["post-11430","post","type-post","status-publish","format-standard","has-post-thumbnail","hentry","category-dekorieren","category-einfach-selber-machen","tag-bildkalender","tag-holzkalender","tag-kalender","tag-taschenkalender","tag-tischkalender","tag-wandkalender"],"amp_enabled":true,"_links":{"self":[{"href":"https:\/\/www.stilartmoebel.de\/zuhause-bei-sam\/wp-json\/wp\/v2\/posts\/11430","targetHints":{"allow":["GET"]}}],"collection":[{"href":"https:\/\/www.stilartmoebel.de\/zuhause-bei-sam\/wp-json\/wp\/v2\/posts"}],"about":[{"href":"https:\/\/www.stilartmoebel.de\/zuhause-bei-sam\/wp-json\/wp\/v2\/types\/post"}],"author":[{"embeddable":true,"href":"https:\/\/www.stilartmoebel.de\/zuhause-bei-sam\/wp-json\/wp\/v2\/users\/8"}],"replies":[{"embeddable":true,"href":"https:\/\/www.stilartmoebel.de\/zuhause-bei-sam\/wp-json\/wp\/v2\/comments?post=11430"}],"version-history":[{"count":8,"href":"https:\/\/www.stilartmoebel.de\/zuhause-bei-sam\/wp-json\/wp\/v2\/posts\/11430\/revisions"}],"predecessor-version":[{"id":16190,"href":"https:\/\/www.stilartmoebel.de\/zuhause-bei-sam\/wp-json\/wp\/v2\/posts\/11430\/revisions\/16190"}],"wp:featuredmedia":[{"embeddable":true,"href":"https:\/\/www.stilartmoebel.de\/zuhause-bei-sam\/wp-json\/wp\/v2\/media\/11483"}],"wp:attachment":[{"href":"https:\/\/www.stilartmoebel.de\/zuhause-bei-sam\/wp-json\/wp\/v2\/media?parent=11430"}],"wp:term":[{"taxonomy":"category","embeddable":true,"href":"https:\/\/www.stilartmoebel.de\/zuhause-bei-sam\/wp-json\/wp\/v2\/categories?post=11430"},{"taxonomy":"post_tag","embeddable":true,"href":"https:\/\/www.stilartmoebel.de\/zuhause-bei-sam\/wp-json\/wp\/v2\/tags?post=11430"}],"curies":[{"name":"wp","href":"https:\/\/api.w.org\/{rel}","templated":true}]}}