{"id":11424,"date":"2016-11-17T08:00:34","date_gmt":"2016-11-17T06:00:34","guid":{"rendered":"https:\/\/www.stilartmoebel.de\/zuhause-bei-sam\/?p=11424"},"modified":"2025-07-14T12:05:03","modified_gmt":"2025-07-14T10:05:03","slug":"garten-winterfest-machen","status":"publish","type":"post","link":"https:\/\/www.stilartmoebel.de\/zuhause-bei-sam\/garten-winterfest-machen\/","title":{"rendered":"Garten winterfest machen"},"content":{"rendered":"<p>Im Oktober und November neigt sich die Gartensaison langsam dem Ende entgegen. Dann ist es an der Zeit, den <a href=\"https:\/\/www.nabu.de\/umwelt-und-ressourcen\/oekologisch-leben\/balkon-und-garten\/pflege\/saisonal\/herbst\/index.html\" target=\"_blank\" rel=\"noopener\">Garten winterfest zu machen<\/a>, damit er auch im n\u00e4chsten Jahr wieder gr\u00fcnt, bl\u00fcht und Fr\u00fcchte tr\u00e4gt. Welche Arbeiten dabei besonders wichtig sind, verraten wir Ihnen im heutigen Ratgeber-Beitrag.<!--more--><\/p>\n<h2>Rasenpflege vor dem Winter<\/h2>\n<p>Rasenfl\u00e4chen ben\u00f6tigen vor dem ersten Schneefall ein besonderes Ma\u00df an Pflege, damit sie auch im kommenden Sommer wieder ein saftiges und dichtes Erscheinungsbild aufweisen. M\u00e4hen Sie den Rasen noch einmal auf eine Schnitth\u00f6he von etwa sechs Zentimetern und versorgen Sie ihn mit D\u00fcnger oder Kalk. Letzterer gibt den Rasenpflanzen N\u00e4hrstoffe, die sie in der kalten Jahreszeit ben\u00f6tigen.<\/p>\n<p>Dar\u00fcber hinaus sollten Sie die Bl\u00e4tter, die im Herbst auf den Rasen fallen, vollst\u00e4ndig entfernen. Andernfalls w\u00fcrden sie auf der Rasenfl\u00e4che verfaulen. Rechen Sie die Wiese daher sorgf\u00e4ltig, um Bl\u00e4tter und Moos zu beseitigen, sodass der Rasen ausreichend Licht und Luft abbekommt. So lassen sich F\u00e4ulnis und Schimmel vermeiden.<\/p>\n<figure id=\"attachment_11454\" aria-labelledby=\"figcaption_attachment_11454\" class=\"wp-caption aligncenter\" style=\"width: 888px\"><img loading=\"lazy\" decoding=\"async\" class=\"Bildquelle: \u00a9 rodimov\/shutterstock.com wp-image-11454 size-full\" title=\"Bildquelle: \u00a9 rodimov\/shutterstock.com\" src=\"https:\/\/www.stilartmoebel.de\/zuhause-bei-sam\/wp-content\/uploads\/2016\/11\/winter-gartenschere-ast-schneiden.jpg\" alt=\"Entfernen Sie alte \u00c4ste vor dem Winter\" width=\"878\" height=\"355\" srcset=\"https:\/\/www.stilartmoebel.de\/zuhause-bei-sam\/wp-content\/uploads\/2016\/11\/winter-gartenschere-ast-schneiden.jpg 878w, https:\/\/www.stilartmoebel.de\/zuhause-bei-sam\/wp-content\/uploads\/2016\/11\/winter-gartenschere-ast-schneiden-300x121.jpg 300w\" sizes=\"auto, (max-width: 878px) 100vw, 878px\" \/><figcaption id=\"figcaption_attachment_11454\" class=\"wp-caption-text\">Entfernen Sie alte \u00c4ste vor dem Winter<\/figcaption><\/figure>\n<h2>Str\u00e4ucher, Stauden und B\u00e4ume zur\u00fcckschneiden<\/h2>\n<p>Obstb\u00e4ume sollten im Herbst ebenso zur\u00fcckgeschnitten werden wie einige Str\u00e4ucher und B\u00fcsche. Befreien Sie die Pflanzen von abgestorbenen, kranken und blattlosen Zweigen. Entfernen Sie beim R\u00fcckschnitt insbesondere die alten und dicken \u00c4ste im unteren Bereich. Der Schnitt sollte noch vor dem ersten Frost erfolgen, damit die Schnittstellen sich wieder verschlie\u00dfen k\u00f6nnen.<\/p>\n<p>Mehrj\u00e4hrige Blumenstauden werden zur\u00fcckgeschnitten, sobald die Bl\u00e4tter braun werden. Rosen schneiden Sie jedoch nur um etwa ein Drittel ihrer H\u00f6he zur\u00fcck, da andernfalls Frostsch\u00e4den entstehen k\u00f6nnten. Der Rest des Schnitts findet erst im Fr\u00fchjahr statt. Rosen m\u00fcssen nach dem Schneiden zum Beispiel mit Fichtenreisig abgedeckt werden.<\/p>\n<h2>K\u00e4lteempfindliche Pflanzen vor der K\u00e4lte sch\u00fctzen<\/h2>\n<p>Denken Sie auch daran, k\u00e4lteempfindliche Pflanzen rechtzeitig vor dem Frost zu sch\u00fctzen. F\u00fcr K\u00fcbelpflanzen gilt, dass der Umzug ins Winterquartier so sp\u00e4t wie m\u00f6glich, aber unbedingt noch vor den ersten Frostn\u00e4chten erfolgen sollte. Untersuchen Sie die Pflanzen vorher auf Blattl\u00e4use und andere Sch\u00e4dlinge.<\/p>\n<p>Empfindliche Pflanzen, die ein gewisses Ma\u00df an Frost aushalten, k\u00f6nnen im Freien \u00fcberwintert werden. Allerdings sollten Sie die Pflanzt\u00f6pfe in Folie einwickeln, um sie vor den Minusgraden zu sch\u00fctzen. Auch im Winter m\u00fcssen sie in der frostfreien Zeit bei Trockenheit ausreichend Wasser erhalten, da sie sonst vertrocknen.<\/p>\n<p>Besitzen Sie einen Gartenteich? Dann entnehmen Sie die einj\u00e4hrigen Pflanzen und heben Sie gegebenenfalls die Samen auf. Am Teich gepflanzte Rohrkolben k\u00f6nnen ebenso bis zum Fr\u00fchjahr stehen bleiben wie Schilf.<\/p>\n<figure id=\"attachment_11455\" aria-labelledby=\"figcaption_attachment_11455\" class=\"wp-caption aligncenter\" style=\"width: 888px\"><img loading=\"lazy\" decoding=\"async\" class=\"Bildquelle: \u00a9 OlgaPonomarenko\/shutterstock.com wp-image-11455 size-full\" title=\"Bildquelle: \u00a9 OlgaPonomarenko\/shutterstock.com\" src=\"https:\/\/www.stilartmoebel.de\/zuhause-bei-sam\/wp-content\/uploads\/2016\/11\/blumen-gartenschere-pflanze-verwelkt.jpg\" alt=\"Schneiden Sie verwelkte und abgestorbene Pflanzen zur\u00fcck\" width=\"878\" height=\"355\" srcset=\"https:\/\/www.stilartmoebel.de\/zuhause-bei-sam\/wp-content\/uploads\/2016\/11\/blumen-gartenschere-pflanze-verwelkt.jpg 878w, https:\/\/www.stilartmoebel.de\/zuhause-bei-sam\/wp-content\/uploads\/2016\/11\/blumen-gartenschere-pflanze-verwelkt-300x121.jpg 300w\" sizes=\"auto, (max-width: 878px) 100vw, 878px\" \/><figcaption id=\"figcaption_attachment_11455\" class=\"wp-caption-text\">Schneiden Sie verwelkte und abgestorbene Pflanzen zur\u00fcck<\/figcaption><\/figure>\n<h2>Beete noch einmal pflegen<\/h2>\n<p>Auch Ihre Gem\u00fcse- und Blumenbeete ben\u00f6tigen vor dem Winter noch einmal Ihre Aufmerksamkeit. Schneiden Sie verwelkte und abgestorbene Pflanzen zur\u00fcck und graben Sie die Beete um. Mischen Sie gleichzeitig gerne etwas frischen Kompost bei. Er reift \u00fcber den Winter weiter und gibt Ihren Pflanzen im Fr\u00fchjahr die notwendige Energie f\u00fcr den Austrieb.<\/p>\n<p>Das Laub, das Sie von der Wiese gesammelt haben, k\u00f6nnen Sie zum Abdecken der Pflanzen im Beet verwenden. Es sch\u00fctzt vor K\u00e4lte und reichert die Erde mit N\u00e4hrstoffen an, weil es in der kalten Jahreszeit verfault. Winterharte Kr\u00e4uter wie Rosmarin, Salbei oder Lavendel k\u00f6nnen durch Fichten- oder Tannenzweige vor dem Frost gesch\u00fctzt werden.<\/p>\n<h2>Balkon und Terrasse auf die Winterzeit vorbereiten<\/h2>\n<p>Nun m\u00fcssen Sie nur noch Ihre Terrasse oder gegebenenfalls auch den Balkon auf die kalten Wintermonate vorbereiten. Dazu geh\u00f6rt auch, dass Sie Ihre Gartenger\u00e4te reinigen, reparieren und in die Gartenh\u00fctte oder den Keller bringen. Elektrische Ger\u00e4te, die im Freien stehen, m\u00fcssen ebenfalls nach drinnen geholt werden. Das gilt beispielsweise f\u00fcr Brunnen oder Wasserpumpen.<\/p>\n<p>Falls Sie ein Gartenh\u00e4uschen oder einen Schuppen haben, \u00fcberpr\u00fcfen Sie im Herbst noch einmal das Dach und die Dachrinnen. Moos und Laub m\u00fcssen aus den Dachrinnen entfernt werden, damit das Regenwasser ablaufen kann und ein Wasserschaden verhindert wird. \u00dcberpr\u00fcfen Sie, ob die Gartenh\u00fctte undichte Stellen im Dach oder in der Wand aufweist und beheben Sie eventuelle Besch\u00e4digungen.<\/p>\n<p>Denken Sie rechtzeitig daran, den Au\u00dfen-Wasseranschluss f\u00fcr den Garten abzudrehen, damit es nicht zu einem Frostschaden kommt. Schlie\u00dflich bringen Sie noch Ihre Terrassen- und Balkonm\u00f6bel in einen trockenen Raum. Als Winterquartier eignet sich beispielsweise der Keller oder eine Garage. <a href=\"https:\/\/www.moebelliebling.de\/Garten-Balkon\/\" target=\"_blank\" rel=\"noopener\">Gartenm\u00f6bel aus Holz oder Rattan<\/a> m\u00fcssen ins Trockene, Polyrattan-M\u00f6bel k\u00f6nnen mit Abdeckhauben vor der Witterung gesch\u00fctzt werden. S\u00e4ubern Sie auch den Grill noch einmal gr\u00fcndlich und sch\u00fctzen Sie ihn vor N\u00e4sse und K\u00e4lte.<\/p>\n","protected":false},"excerpt":{"rendered":"<p>Im Oktober und November neigt sich die Gartensaison langsam dem Ende entgegen. Dann ist es an der Zeit, den Garten winterfest zu machen, damit er auch im n\u00e4chsten Jahr wieder gr\u00fcnt, bl\u00fcht und Fr\u00fcchte tr\u00e4gt. Welche Arbeiten dabei besonders wichtig sind, verraten wir Ihnen im heutigen Ratgeber-Beitrag.<\/p>\n","protected":false},"author":6,"featured_media":11448,"comment_status":"closed","ping_status":"closed","sticky":false,"template":"","format":"standard","meta":{"footnotes":""},"categories":[598,20,589],"tags":[1699,325,1700,225,1698],"class_list":["post-11424","post","type-post","status-publish","format-standard","has-post-thumbnail","hentry","category-garten-tipps","category-mein-garten","category-pflanzen","tag-baeume-schneiden","tag-garten","tag-gartenmoebel-ins-trockene-holen","tag-winter","tag-winterfest"],"amp_enabled":true,"_links":{"self":[{"href":"https:\/\/www.stilartmoebel.de\/zuhause-bei-sam\/wp-json\/wp\/v2\/posts\/11424","targetHints":{"allow":["GET"]}}],"collection":[{"href":"https:\/\/www.stilartmoebel.de\/zuhause-bei-sam\/wp-json\/wp\/v2\/posts"}],"about":[{"href":"https:\/\/www.stilartmoebel.de\/zuhause-bei-sam\/wp-json\/wp\/v2\/types\/post"}],"author":[{"embeddable":true,"href":"https:\/\/www.stilartmoebel.de\/zuhause-bei-sam\/wp-json\/wp\/v2\/users\/6"}],"replies":[{"embeddable":true,"href":"https:\/\/www.stilartmoebel.de\/zuhause-bei-sam\/wp-json\/wp\/v2\/comments?post=11424"}],"version-history":[{"count":6,"href":"https:\/\/www.stilartmoebel.de\/zuhause-bei-sam\/wp-json\/wp\/v2\/posts\/11424\/revisions"}],"predecessor-version":[{"id":16194,"href":"https:\/\/www.stilartmoebel.de\/zuhause-bei-sam\/wp-json\/wp\/v2\/posts\/11424\/revisions\/16194"}],"wp:featuredmedia":[{"embeddable":true,"href":"https:\/\/www.stilartmoebel.de\/zuhause-bei-sam\/wp-json\/wp\/v2\/media\/11448"}],"wp:attachment":[{"href":"https:\/\/www.stilartmoebel.de\/zuhause-bei-sam\/wp-json\/wp\/v2\/media?parent=11424"}],"wp:term":[{"taxonomy":"category","embeddable":true,"href":"https:\/\/www.stilartmoebel.de\/zuhause-bei-sam\/wp-json\/wp\/v2\/categories?post=11424"},{"taxonomy":"post_tag","embeddable":true,"href":"https:\/\/www.stilartmoebel.de\/zuhause-bei-sam\/wp-json\/wp\/v2\/tags?post=11424"}],"curies":[{"name":"wp","href":"https:\/\/api.w.org\/{rel}","templated":true}]}}