{"id":11377,"date":"2016-11-03T08:00:20","date_gmt":"2016-11-03T06:00:20","guid":{"rendered":"https:\/\/www.stilartmoebel.de\/zuhause-bei-sam\/?p=11377"},"modified":"2025-07-14T12:22:15","modified_gmt":"2025-07-14T10:22:15","slug":"moebel-mit-recycling-leder","status":"publish","type":"post","link":"https:\/\/www.stilartmoebel.de\/zuhause-bei-sam\/moebel-mit-recycling-leder\/","title":{"rendered":"M\u00f6bel mit Recycling-Leder"},"content":{"rendered":"<p>Ein Lederbezug bei M\u00f6beln ist nach wie vor hochaktuell und \u00e4u\u00dferst beliebt. Allerdings schl\u00e4gt Echtleder mit relativ hohen Anschaffungskosten zu Buche und ben\u00f6tigt dar\u00fcber hinaus eine gewisse Pflege. Eine gute Alternative ist hier ein Bezug aus Recycling-Leder. Wir zeigen Ihnen, worauf es dabei ankommt!<!--more--><\/p>\n<h2>Was ist Recycling-Leder?<\/h2>\n<p>Das Material z\u00e4hlt zur gro\u00dfen Gruppe der Kunstleder. Ihnen allen gemein ist der schichtweise Aufbau: Auf einen Tr\u00e4ger wird eine Versiegelung aus Kunststoff geklebt. Je nach Qualit\u00e4t des Lederimitats ist diese oberste Schicht mit einer lebensechten Narbung versehen, die den Griff und die Optik von echtem Leder imitiert.<\/p>\n<p>W\u00e4hrend bei herk\u00f6mmlichem Kunstleder der Tr\u00e4ger meist aus Textilien besteht, kommen beim Recycling-Leder Reste aus der Echtlederverarbeitung zum Einsatz. Sie werden zu einer gleichm\u00e4\u00dfgen Schicht zusammengesetzt und dann mit hochwertigem Kunststoff versiegelt. Durch die lebensechte Oberfl\u00e4che ist das fertige Produkt kaum von Echtleder zu unterscheiden. Diese Merkmale machen diese Kunstleder-Sorte zu einem nachhaltigen und langlebigen Produkt.<\/p>\n<p>Durch die anspruchslose Versiegelung ist Recycling-Leder wesentlich pflegeleichter als Echtleder: Feuchtigkeit kann hier nicht eindringen. Dazu k\u00f6nnen Sie die meisten Verschmutzungen einfach mit einem Tuch wieder abwischen. Ab und zu kann es mit einer speziellen Lotion f\u00fcr Kunstleder behandelt werden. So frischen Sie die Versiegelung auf und die Oberfl\u00e4che bleibt geschmeidig.<\/p>\n<figure id=\"attachment_11384\" aria-labelledby=\"figcaption_attachment_11384\" class=\"wp-caption aligncenter\" style=\"width: 888px\"><img loading=\"lazy\" decoding=\"async\" class=\"Bildquelle: \u00a9 NEO80\/shutterstock.com wp-image-11384 size-full\" title=\"Bildquelle: \u00a9 NEO80\/shutterstock.com\" src=\"https:\/\/www.stilartmoebel.de\/zuhause-bei-sam\/wp-content\/uploads\/2016\/11\/sofa-recycling-leder-tierhaare.jpg\" alt=\"Eine Sofa-Garnitur aus Recycling-Leder l\u00e4sst sich leicht von Tierhaaren und Schmutz entfernen\" width=\"878\" height=\"355\" srcset=\"https:\/\/www.stilartmoebel.de\/zuhause-bei-sam\/wp-content\/uploads\/2016\/11\/sofa-recycling-leder-tierhaare.jpg 878w, https:\/\/www.stilartmoebel.de\/zuhause-bei-sam\/wp-content\/uploads\/2016\/11\/sofa-recycling-leder-tierhaare-300x121.jpg 300w\" sizes=\"auto, (max-width: 878px) 100vw, 878px\" \/><figcaption id=\"figcaption_attachment_11384\" class=\"wp-caption-text\">Eine Sofa-Garnitur aus Recycling-Leder l\u00e4sst sich leicht von Tierhaaren und Schmutz entfernen<\/figcaption><\/figure>\n<h2>F\u00fcr diese M\u00f6bel ist Recycling-Leder besonders geeignet<\/h2>\n<p>Recycltes Leder ist nicht nur nachhaltig, es ist f\u00fcr einige Einsatzbereiche besonders geeignet. Wo immer M\u00f6bel mehr aushalten m\u00fcssen als gew\u00f6hnlich oder \u00f6fter Gefahr laufen verschmutzt zu werden, ist Recycling-Leder mit seiner pflegeleichten Oberfl\u00e4che die erste Wahl.<\/p>\n<p>Sie haben Kinder oder Haustiere? Dann ist eine Sofa-Garnitur aus Recycling-Leder perfekt f\u00fcr Sie geeignet. Das Material ist robust und l\u00e4sst sich einfach von Haaren, Schmutz und Speiseflecken befreien. So k\u00f6nnen Sie gleich viel entspannter durch den Alltag gehen!<\/p>\n<p>Eine perfekte Erg\u00e4nzung f\u00fcr Ihre Sofa-Garnitur ist auch ein Hocker mit Kunstleder-Bezug. Diese M\u00f6belst\u00fccke werden neben ihrer Funktion als bequemer Fu\u00dfschemel und Sitzgelegenheit auch gern als Beistelltisch genutzt. Bei einem Bezug mit Recycling-Leder m\u00fcssen Sie keine Bedenken haben, wenn Sie Getr\u00e4nke oder Chips darauf abstellen: Kleine Malheurs lassen sich einfach wieder entfernen.<\/p>\n<p>F\u00fcr einen Ort sind M\u00f6bel mit einem Bezug aus Recycling-Leder wie gemacht. Im <a href=\"https:\/\/www.moebelliebling.de\/Esszimmer\/\" target=\"_blank\" rel=\"noopener\">Esszimmer<\/a> sind St\u00fchle mit diesem pflegeleichten Polster ausgesprochen beliebt. Sie bieten eine gem\u00fctliche Sitzgelegenheit und punkten zudem mit ihrer Robustheit. Schnell geht beim Essen einmal etwas daneben \u2013 kein Problem, denn es ist einfach wieder zu reinigen.<\/p>\n<p>Auch in anderen Bereichen sorgt ein Bezug aus nachhaltigem Leder f\u00fcr eine ein modernes Ambiente. Sehr beliebt sind etwa Polsterbetten mit diesem Material. Am h\u00e4ufigsten werden Rahmen und Kopfteil mit den pflegeleichten Materialien bezogen. Das sorgt f\u00fcr weichen Griff und eine angenehme Lehne f\u00fcr lange Leseabende.<\/p>\n<figure id=\"attachment_11387\" aria-labelledby=\"figcaption_attachment_11387\" class=\"wp-caption aligncenter\" style=\"width: 888px\"><img loading=\"lazy\" decoding=\"async\" class=\"Bildquelle: \u00a9 Hofpils\/shutterstock.com wp-image-11387 size-full\" title=\"Bildquelle: \u00a9 Hofpils\/shutterstock.com\" src=\"https:\/\/www.stilartmoebel.de\/zuhause-bei-sam\/wp-content\/uploads\/2016\/11\/leder-holz-weiss-kontrast.jpg\" alt=\"Setzen Sie Kontraste mit Holz und wei\u00dfem Leder\" width=\"878\" height=\"355\" srcset=\"https:\/\/www.stilartmoebel.de\/zuhause-bei-sam\/wp-content\/uploads\/2016\/11\/leder-holz-weiss-kontrast.jpg 878w, https:\/\/www.stilartmoebel.de\/zuhause-bei-sam\/wp-content\/uploads\/2016\/11\/leder-holz-weiss-kontrast-300x121.jpg 300w\" sizes=\"auto, (max-width: 878px) 100vw, 878px\" \/><figcaption id=\"figcaption_attachment_11387\" class=\"wp-caption-text\">Setzen Sie Kontraste mit Holz und wei\u00dfem Leder<\/figcaption><\/figure>\n<h2>Formen und Farben<\/h2>\n<p>M\u00f6bel mit Recycling-Leder werden in den unterschiedlichsten Designs hergestellt. Am beliebtesten sind jedoch der eher modern-futuristische Stil im angesagtem Schwarz oder Wei\u00df. Genauso gut sind aber auch Modelle im Vintage-Stil m\u00f6glich, mit Recycling-Leder in gedeckten Naturfarben.<\/p>\n<p>Selbstverst\u00e4ndlich sind auch alle anderen Farben m\u00f6glich. Sehr beliebt sind Recycling-Lederbez\u00fcge in Rot, Antikoptik, Limonengr\u00fcn oder Cappuchino.<\/p>\n<p>Polsterm\u00f6bel mit Recycling-Leder passen so in jedes Wohnambiente. Setzen Sie zum Beispiel bewusst auf Kontraste. Warme <a href=\"https:\/\/www.moebelliebling.de\/\" target=\"_blank\" rel=\"noopener\">Naturmaterialien wie Massivholz<\/a> wirken in Kombination mit einer elegant-k\u00fchlen Wohnlandschaft in Schwarz-Wei\u00df besonders gut.<\/p>\n","protected":false},"excerpt":{"rendered":"<p>Ein Lederbezug bei M\u00f6beln ist nach wie vor hochaktuell und \u00e4u\u00dferst beliebt. Allerdings schl\u00e4gt Echtleder mit relativ hohen Anschaffungskosten zu Buche und ben\u00f6tigt dar\u00fcber hinaus eine gewisse Pflege. Eine gute Alternative ist hier ein Bezug aus Recycling-Leder. Wir zeigen Ihnen, worauf es dabei ankommt!<\/p>\n","protected":false},"author":7,"featured_media":11378,"comment_status":"closed","ping_status":"closed","sticky":false,"template":"","format":"standard","meta":{"footnotes":""},"categories":[587,1,8,33],"tags":[309,1715,1717,1718,1716,1714],"class_list":["post-11377","post","type-post","status-publish","format-standard","has-post-thumbnail","hentry","category-einrichtungs-tipps","category-mein-zuhause","category-schlafzimmer","category-wohnzimmer","tag-kunstleder","tag-lederpflege","tag-ledersofa","tag-lederstuehle","tag-recyceltes-leder","tag-recycling-leder"],"amp_enabled":true,"_links":{"self":[{"href":"https:\/\/www.stilartmoebel.de\/zuhause-bei-sam\/wp-json\/wp\/v2\/posts\/11377","targetHints":{"allow":["GET"]}}],"collection":[{"href":"https:\/\/www.stilartmoebel.de\/zuhause-bei-sam\/wp-json\/wp\/v2\/posts"}],"about":[{"href":"https:\/\/www.stilartmoebel.de\/zuhause-bei-sam\/wp-json\/wp\/v2\/types\/post"}],"author":[{"embeddable":true,"href":"https:\/\/www.stilartmoebel.de\/zuhause-bei-sam\/wp-json\/wp\/v2\/users\/7"}],"replies":[{"embeddable":true,"href":"https:\/\/www.stilartmoebel.de\/zuhause-bei-sam\/wp-json\/wp\/v2\/comments?post=11377"}],"version-history":[{"count":10,"href":"https:\/\/www.stilartmoebel.de\/zuhause-bei-sam\/wp-json\/wp\/v2\/posts\/11377\/revisions"}],"predecessor-version":[{"id":16203,"href":"https:\/\/www.stilartmoebel.de\/zuhause-bei-sam\/wp-json\/wp\/v2\/posts\/11377\/revisions\/16203"}],"wp:featuredmedia":[{"embeddable":true,"href":"https:\/\/www.stilartmoebel.de\/zuhause-bei-sam\/wp-json\/wp\/v2\/media\/11378"}],"wp:attachment":[{"href":"https:\/\/www.stilartmoebel.de\/zuhause-bei-sam\/wp-json\/wp\/v2\/media?parent=11377"}],"wp:term":[{"taxonomy":"category","embeddable":true,"href":"https:\/\/www.stilartmoebel.de\/zuhause-bei-sam\/wp-json\/wp\/v2\/categories?post=11377"},{"taxonomy":"post_tag","embeddable":true,"href":"https:\/\/www.stilartmoebel.de\/zuhause-bei-sam\/wp-json\/wp\/v2\/tags?post=11377"}],"curies":[{"name":"wp","href":"https:\/\/api.w.org\/{rel}","templated":true}]}}