{"id":11250,"date":"2016-10-12T08:00:43","date_gmt":"2016-10-12T06:00:43","guid":{"rendered":"https:\/\/www.stilartmoebel.de\/zuhause-bei-sam\/?p=11250"},"modified":"2025-10-24T13:26:34","modified_gmt":"2025-10-24T11:26:34","slug":"wie-pflanzen-winterfest-machen","status":"publish","type":"post","link":"https:\/\/www.stilartmoebel.de\/zuhause-bei-sam\/wie-pflanzen-winterfest-machen\/","title":{"rendered":"Wie Pflanzen winterfest machen?"},"content":{"rendered":"<p>Wenn die ersten bunten Bl\u00e4tter fallen und die N\u00e4chte empfindlich kalt werden, dann ist der Herbst gekommen. Die perfekte Zeit f\u00fcr <a href=\"https:\/\/www.mein-schoener-garten.de\/gartenpraxis\/herbstputz-im-garten-1516\" target=\"_blank\" rel=\"noopener\">abschlie\u00dfende Arbeiten im Garten<\/a>, damit die Pflanzen die kommende kalte Jahreszeit gut \u00fcberstehen. Doch welche Arbeiten m\u00fcssen Sie ausgef\u00fchren? Denken Sie an das <a href=\"https:\/\/www.moebelliebling.de\/Garten-Balkon\/\" target=\"_blank\" rel=\"noopener\">Wegr\u00e4umen der Gartenm\u00f6bel<\/a> und das S\u00e4ubern der Regenrinnen. Hier zeigen wir Ihnen, wie Sie Ihre Pflanzen winterfest machen!<!--more--><\/p>\n<h2>Schneiden bevor der Schnee f\u00e4llt<\/h2>\n<p>Nachdem B\u00e4ume und Str\u00e4ucher und mehrj\u00e4hrige Stauden ihr Laub abgeworfen haben, k\u00f6nnen Sie f\u00fcr den Winter ein letztes Mal geschnitten werden. Hier geht es vor allem darum, die Pflanzen von abgestorbenen oder verk\u00fcmmerten \u00c4sten und Bl\u00fcten zu befreien, damit sie weniger Energie verbrauchen. Gerade bei B\u00e4umen wird hierdurch auch die Schneelast geringer.<\/p>\n<p>Generell gilt: Beim Umfang des R\u00fcckschnitts kommt es vor allem auf die Art an. Felsenbirnen brauchen Sie zum Beispiel \u00fcberhaupt nicht schneiden. Lassen Sie sich im Zweifel beraten, welche Pflanze Sie wie weit zur\u00fcckschneiden k\u00f6nnen, ohne ihr bleibende Sch\u00e4den zuzuf\u00fcgen.<\/p>\n<p>Wichtig ist: Bringen Sie den Herbstschnitt unbedingt bei Temperaturen \u00fcber 5\u00b0 C an, darunter drohen Frostsch\u00e4den! Frostempfindliche Pflanzen sollten Sie generell lieber erst im Fr\u00fchjahr schneiden. Bei allen anderen gilt: Der radikale Kurzschnitt ist mittlerweile \u00fcberholt. Schneiden Sie also im Herbst lieber weniger und k\u00fcrzen Sie die Pflanzen bei Bedarf im Fr\u00fchjahr nochmals.<\/p>\n<p>Das gilt jedoch nicht f\u00fcr Hecken, denn diese vertragen einen kr\u00e4ftigen Form- und R\u00fcckschnitt. Damit die Pflanzen im Innern nicht kahl werden, empfehlen wir, die Hecke nach oben hin zu verj\u00fcngen.<\/p>\n<p>Kranke oder von Pilz befallene \u00c4ste oder Pflanzenteile m\u00fcssen Sie nach dem Schnitt auf jeden Fall entfernen. Sie geh\u00f6ren nicht in die Biotonne, den Kompost oder gar als Mulch-Material ins Beet, denn so k\u00f6nnten Krankheiten auf andere Pflanzen \u00fcbertragen werden. Geben Sie diese erkrankten Pflanzenteile lieber in die Restm\u00fclltonne oder verbrennen Sie sie, wenn dies gefahrlos m\u00f6glich ist.<\/p>\n<figure id=\"attachment_11314\" aria-labelledby=\"figcaption_attachment_11314\" class=\"wp-caption aligncenter\" style=\"width: 888px\"><img loading=\"lazy\" decoding=\"async\" class=\"Bildquelle: \u00a9 Robert Przybysz\/shutterstock.com wp-image-11314 size-full\" title=\"Bildquelle: \u00a9 Robert Przybysz\/shutterstock.com\" src=\"https:\/\/www.stilartmoebel.de\/zuhause-bei-sam\/wp-content\/uploads\/2016\/10\/winter-pflanze-schneiden.jpg\" alt=\"Es empfielt sich die Pflanzen vor dem Winter ein letztes Mal zu schneiden\" width=\"878\" height=\"355\" srcset=\"https:\/\/www.stilartmoebel.de\/zuhause-bei-sam\/wp-content\/uploads\/2016\/10\/winter-pflanze-schneiden.jpg 878w, https:\/\/www.stilartmoebel.de\/zuhause-bei-sam\/wp-content\/uploads\/2016\/10\/winter-pflanze-schneiden-300x121.jpg 300w\" sizes=\"auto, (max-width: 878px) 100vw, 878px\" \/><figcaption id=\"figcaption_attachment_11314\" class=\"wp-caption-text\">Es empfielt sich, die Pflanzen vor dem Winter ein letztes Mal zu schneiden<\/figcaption><\/figure>\n<h2>Wurzeln vor der K\u00e4lte sch\u00fctzen<\/h2>\n<p>Entgegen der weit verbreiteten Meinung m\u00fcssen K\u00fcbelpflanzen nicht zwangsl\u00e4ufig in d\u00e4mmende Materialien eingepackt werden. Dies ist nur notwendig, wenn sich die Temperaturen dem Minuspunkt n\u00e4hern. Halten Sie daher im Winter jederzeit D\u00e4mmmaterial bereit, um bei einer entsprechenden Wettervorhersage schnell reagieren zu k\u00f6nnen.<\/p>\n<p>M\u00fcssen Sie Ihre K\u00fcbelpflanzen wegen Frostgefahr einpacken, ist der Blumenk\u00fcbel am Wichtigsten, denn die Wurzeln werden nur von wenig Erde vor der K\u00e4lte gesch\u00fctzt. Sehr gut zur Isolierung geeignet sind Kokos- oder Wollmatten, denn diese sind atmungsaktiv und halten einige Jahre. Luftpolsterfolie ist eine g\u00fcnstige Alternative, sie ist jedoch wasserdicht. Achten Sie daher beim Einpacken des K\u00fcbels darauf, dass Regenwasser ungehindert abflie\u00dfen kann und das Abzugsloch nicht verdeckt wird.<\/p>\n<p>Wesentlich wichtiger als eine D\u00e4mmung des Blumenk\u00fcbels ist es das Abzugsloch frei zu halten. Steht der Topf genau auf dem Boden, kann dieses bei Frost zufrieren \u2013 Staun\u00e4ssegefahr!<\/p>\n<p>Auch die Pflanzen in Beeten m\u00fcssen Sie vor strengen Minusgraden sch\u00fctzen. Gut ist eine isolierende Schicht aus Laub, Reisig, Stroh oder Rindenmulch. Diese Materialien halten Frost fern und sch\u00fctzen gerade immergr\u00fcne Pflanzen an klaren Tagen mit viel Sonnenschein vor dem Vertrocknen.<\/p>\n<figure id=\"attachment_11316\" aria-labelledby=\"figcaption_attachment_11316\" class=\"wp-caption aligncenter\" style=\"width: 888px\"><img loading=\"lazy\" decoding=\"async\" class=\"Bildquelle: \u00a9 symbiot\/shutterstock.com wp-image-11316 size-full\" title=\"Bildquelle: \u00a9 symbiot\/shutterstock.com\" src=\"https:\/\/www.stilartmoebel.de\/zuhause-bei-sam\/wp-content\/uploads\/2016\/10\/laub-rasen-laubharke.jpg\" alt=\"Entfernen Sie den Laub bevor der Winter eintritt\" width=\"878\" height=\"356\" srcset=\"https:\/\/www.stilartmoebel.de\/zuhause-bei-sam\/wp-content\/uploads\/2016\/10\/laub-rasen-laubharke.jpg 878w, https:\/\/www.stilartmoebel.de\/zuhause-bei-sam\/wp-content\/uploads\/2016\/10\/laub-rasen-laubharke-300x122.jpg 300w\" sizes=\"auto, (max-width: 878px) 100vw, 878px\" \/><figcaption id=\"figcaption_attachment_11316\" class=\"wp-caption-text\">Entfernen Sie das Laub vorm Rasen, bevor der Winter eintritt<\/figcaption><\/figure>\n<h2>Rasen auf den Winter vorbereiten<\/h2>\n<p>Bevor Eis und Schnee kommen, ben\u00f6tigt auch der Rasen einige Zuwendung. Wichtig ist, dass Sie alles Laub entfernen. Es w\u00fcrde in der nassen, kalten Jahreszeit die Feuchtigkeit beim Gras halten und so F\u00e4ulnis, Mooswachstum und das Gelbwerden f\u00f6rdern.<\/p>\n<p>Kehren Sie das Laub also regelm\u00e4\u00dfig von der Rasenfl\u00e4che, bis zum Ende des Blattfalls. Werfen Sie das Laub nur weg, wenn sie wirklich zu viel davon haben, denn es eignet sich hervorragend als Mulch unter B\u00e4umen und Str\u00e4uchern. Sie k\u00f6nnen es auch mit abgestorbenen \u00c4sten in einer ruhigen Ecke zu einem Haufen auft\u00fcrmen \u2013 Igel und andere Lebewesen \u00fcberwintern gerne darin.<\/p>\n<h2>Extra-Tipp: Zwiebelpflanzen jetzt in die Erde!<\/h2>\n<p>Damit Sie im Fr\u00fchling bereits zeitig eine \u00fcppige Bl\u00fctenpracht genie\u00dfen k\u00f6nnen, sollten die Zwiebeln genau jetzt in die Erde. Warten Sie ab, bis der Boden von Regen gut durchfeuchtet ist, dann k\u00f6nnen Sie Alpenveilchen, Tulpen, Narzissen, Krokusse, Hyazinthen und andere Fr\u00fchbl\u00fcher in die Erde bringen.<\/p>\n<p>Die Zwiebel m\u00fcssen Sie doppelt so tief in den Boden setzen, wie ihr Durchmesser ist, sprich: Gro\u00dfe Blumenzwiebeln werden tiefer eingegraben als kleine. Die Spitze geh\u00f6rt nach oben. F\u00fcllen Sie das Loch anschlie\u00dfend wieder locker mit Gartenerde. Dann hei\u00dft es: Warten auf den Fr\u00fchling!<\/p>\n","protected":false},"excerpt":{"rendered":"<p>Wenn die ersten bunten Bl\u00e4tter fallen und die N\u00e4chte empfindlich kalt werden, dann ist der Herbst gekommen. Die perfekte Zeit f\u00fcr abschlie\u00dfende Arbeiten im Garten, damit die Pflanzen die kommende kalte Jahreszeit gut \u00fcberstehen. Doch welche Arbeiten m\u00fcssen Sie ausgef\u00fchren? Denken Sie an das Wegr\u00e4umen der Gartenm\u00f6bel und das S\u00e4ubern der Regenrinnen. Hier zeigen wir [&hellip;]<\/p>\n","protected":false},"author":6,"featured_media":11251,"comment_status":"closed","ping_status":"closed","sticky":false,"template":"","format":"standard","meta":{"footnotes":""},"categories":[598,20],"tags":[1699,1747,1727,1744,531,1746,1745,1698],"class_list":["post-11250","post","type-post","status-publish","format-standard","has-post-thumbnail","hentry","category-garten-tipps","category-mein-garten","tag-baeume-schneiden","tag-daemmen","tag-garten-im-herbst","tag-hecken-schneiden","tag-laub","tag-mulchen","tag-rasen-frei-machen","tag-winterfest"],"amp_enabled":true,"_links":{"self":[{"href":"https:\/\/www.stilartmoebel.de\/zuhause-bei-sam\/wp-json\/wp\/v2\/posts\/11250","targetHints":{"allow":["GET"]}}],"collection":[{"href":"https:\/\/www.stilartmoebel.de\/zuhause-bei-sam\/wp-json\/wp\/v2\/posts"}],"about":[{"href":"https:\/\/www.stilartmoebel.de\/zuhause-bei-sam\/wp-json\/wp\/v2\/types\/post"}],"author":[{"embeddable":true,"href":"https:\/\/www.stilartmoebel.de\/zuhause-bei-sam\/wp-json\/wp\/v2\/users\/6"}],"replies":[{"embeddable":true,"href":"https:\/\/www.stilartmoebel.de\/zuhause-bei-sam\/wp-json\/wp\/v2\/comments?post=11250"}],"version-history":[{"count":7,"href":"https:\/\/www.stilartmoebel.de\/zuhause-bei-sam\/wp-json\/wp\/v2\/posts\/11250\/revisions"}],"predecessor-version":[{"id":16979,"href":"https:\/\/www.stilartmoebel.de\/zuhause-bei-sam\/wp-json\/wp\/v2\/posts\/11250\/revisions\/16979"}],"wp:featuredmedia":[{"embeddable":true,"href":"https:\/\/www.stilartmoebel.de\/zuhause-bei-sam\/wp-json\/wp\/v2\/media\/11251"}],"wp:attachment":[{"href":"https:\/\/www.stilartmoebel.de\/zuhause-bei-sam\/wp-json\/wp\/v2\/media?parent=11250"}],"wp:term":[{"taxonomy":"category","embeddable":true,"href":"https:\/\/www.stilartmoebel.de\/zuhause-bei-sam\/wp-json\/wp\/v2\/categories?post=11250"},{"taxonomy":"post_tag","embeddable":true,"href":"https:\/\/www.stilartmoebel.de\/zuhause-bei-sam\/wp-json\/wp\/v2\/tags?post=11250"}],"curies":[{"name":"wp","href":"https:\/\/api.w.org\/{rel}","templated":true}]}}