{"id":10351,"date":"2024-03-14T08:00:40","date_gmt":"2024-03-14T06:00:40","guid":{"rendered":"https:\/\/www.stilartmoebel.de\/zuhause-bei-sam\/?p=10351"},"modified":"2025-06-13T13:46:17","modified_gmt":"2025-06-13T11:46:17","slug":"worauf-sollte-man-beim-kauf-einer-kueche-achten","status":"publish","type":"post","link":"https:\/\/www.stilartmoebel.de\/zuhause-bei-sam\/worauf-sollte-man-beim-kauf-einer-kueche-achten\/","title":{"rendered":"Worauf sollte man beim Kauf einer K\u00fcche achten?"},"content":{"rendered":"<p>Jede K\u00fcche ist eine teure Anschaffung, das gilt gerade bei aufwendigen Planungen f\u00fcr das Eigenheim. Diese K\u00fcchen sollen viele Jahre, wenn nicht sogar ein Leben lang halten, daher ist hier erstklassige Qualit\u00e4t ein absolutes Muss.<!--more--><\/p>\n<h2>Erstellen Sie einen m\u00f6glichst genauen Plan<\/h2>\n<p>Eine gute Einbauk\u00fcche kauft man nicht an einem Nachmittag. Lassen Sie vielmehr zun\u00e4chst ein Brainstorming mit allen Beteiligten voraus gehen: Welche Elektroger\u00e4te w\u00fcnschen Sie? Wie viel Stauraum wird ben\u00f6tigt? Welche Optik spricht Sie am Meisten an? Welche Materialien m\u00f6gen Sie?<\/p>\n<p>Es ist sinnvoll, Ihre Alltagserfahrungen der letzten Jahre zu sammeln, denn Sie haben bei der Benutzung Ihrer jetzigen K\u00fcche sicher gemerkt, wo etwas fehlt oder was an der falschen Stelle platziert ist. Notieren Sie auch unpraktische Oberfl\u00e4chen und Notl\u00f6sungen. Ausgehend von diesen Notizen k\u00f6nnen Sie Ihre Traumk\u00fcche planen, bei der alles genau am richtigen Platz ist.<\/p>\n<p>Einige grunds\u00e4tzliche Prinzipien haben sich bei K\u00fcchenplanungen bew\u00e4hrt:<\/p>\n<ul>\n<li>achten Sie auf genug Platz, um Fenster und T\u00fcren \u00f6ffnen zu k\u00f6nnen \u2013 auch bei Schrankt\u00fcren und Schubladen<\/li>\n<li>es gibt nie genug Arbeitsfl\u00e4che<\/li>\n<li>es gibt nie genug Stauraum \u2013 halb leere Schr\u00e4nke sind wesentlich angenehmer als solche, die bis oben hin gef\u00fcllt sind<\/li>\n<li>wenn Sie in einem \u00e4lteren Haus wohnen, ist es unbedingt erforderlich, die W\u00e4nde zu \u00fcberpr\u00fcfen: Sind sie wirklich gerade?<\/li>\n<li>beachten Sie die vorhandenen Anschl\u00fcsse<\/li>\n<li>ist ein Fliesenspiegel vorhanden? Kann dieser eventuell mit in die Planung einflie\u00dfen, denn das Abschlagen der Fliesen ist mit Dreck und Aufwand verbunden<\/li>\n<li>soll eine <a href=\"https:\/\/www.moebelliebling.de\/Essgruppen\/\" target=\"_blank\" rel=\"noopener\">Essgruppe<\/a> oder ein Tisch mit St\u00fchlen in der K\u00fcche Platz finden?<\/li>\n<\/ul>\n<figure id=\"attachment_11121\" aria-labelledby=\"figcaption_attachment_11121\" class=\"wp-caption aligncenter\" style=\"width: 888px\"><img loading=\"lazy\" decoding=\"async\" class=\"wp-image-11121 size-full\" title=\"Bildquelle: \u00a9 JuneJ\/shutterstock.com\" src=\"https:\/\/www.stilartmoebel.de\/zuhause-bei-sam\/wp-content\/uploads\/2016\/08\/planung-anschluesse-arbeitsflaeche-ausreichend.jpg\" alt=\"Planen Sie Anschl\u00fcsse mit ein und achten Sie auf gen\u00fcgend Arbeitsfl\u00e4che\" width=\"878\" height=\"355\" srcset=\"https:\/\/www.stilartmoebel.de\/zuhause-bei-sam\/wp-content\/uploads\/2016\/08\/planung-anschluesse-arbeitsflaeche-ausreichend.jpg 878w, https:\/\/www.stilartmoebel.de\/zuhause-bei-sam\/wp-content\/uploads\/2016\/08\/planung-anschluesse-arbeitsflaeche-ausreichend-300x121.jpg 300w\" sizes=\"auto, (max-width: 878px) 100vw, 878px\" \/><figcaption id=\"figcaption_attachment_11121\" class=\"wp-caption-text\">Planen Sie Anschl\u00fcsse mit ein und achten Sie auf gen\u00fcgend Arbeitsfl\u00e4che<\/figcaption><\/figure>\n<h2>Materialien und Oberfl\u00e4chen<\/h2>\n<p>Wenn Ihr Plan steht, k\u00f6nnen Sie sich um das Design Ihrer Traumk\u00fcche k\u00fcmmern. Dabei kommt es vor allem auf die Materialien und Oberfl\u00e4chen an. Die sollen nicht nur optisch ansprechend sein, sondern auch robust und pflegeleicht. Daher sollte der Korpus und Kern der M\u00f6bel m\u00f6glichst aus <a href=\"https:\/\/www.moebelliebling.de\/blog\/moebel-aus-mdf-preisguenstig-und-stabil\" target=\"_blank\" rel=\"noopener\">MDF<\/a>, hochwertiger Spanplatte oder Massivholz bestehen. Letzeres sollte besser ge\u00f6lt als lackiert sein, denn so bleibt das Holz atmungsaktiv und kann \u00fcbersch\u00fcssige Feuchtigkeit wieder abgeben.<\/p>\n<p>Die Oberfl\u00e4chen sind entweder ebenfalls aus Massivholz, alternativ auch mit Kunststoff beschichtet oder lackiert. Hierbei ist Kunststoff die preiswerteste Variante. Achten Sie auf Melaminharz, denn dieses ist sehr robust, pflegeleicht und hart. Lackierte Oberfl\u00e4chen sind ein wenig teurer und empfindlich gegen Fingerabdr\u00fccke. Au\u00dferdem muss die Lackierung fachm\u00e4nnisch und sorgf\u00e4ltig ausgef\u00fchrt sein, damit sie nicht nach einigen Jahren bereits wieder abbl\u00e4ttert. Massivholz ist am teuersten, kann aber mehrfach wieder aufgearbeitet werden und somit ein Leben lang halten.<\/p>\n<p>F\u00fcr die Arbeitsplatte kommen neben den genannten Materialien auch noch Glas und Naturstein in Frage. Beide Oberfl\u00e4chen haben einen edlen Look, allerdings ist unbehandelter Naturstein empfindlich gegen S\u00e4uren. Glas ist hart und robust, allerdings sieht man darauf Flecken und Fingerabdr\u00fccke besonders gut.<\/p>\n<p>Hochwertiges Sicherheitsglas kann ebenfalls f\u00fcr die K\u00fcchenr\u00fcckwand verwendet werden. Hier werden inzwischen tolle, gro\u00dffl\u00e4chige Fotomotive als Hinterglasdrucke angeboten. Vorteil: Die R\u00fcckwand l\u00e4sst sich problemlos reinigen, verf\u00e4rbte Fugen sind kein Thema mehr. Allerdings muss das Glas fachm\u00e4nnisch montiert und sorgf\u00e4ltig abgedichtet werden, damit kein Schimmel entstehen kann.<\/p>\n<figure id=\"attachment_11118\" aria-labelledby=\"figcaption_attachment_11118\" class=\"wp-caption aligncenter\" style=\"width: 888px\"><img loading=\"lazy\" decoding=\"async\" class=\"wp-image-11118 size-full\" title=\"Bildquelle: \u00a9 Monkey Business Images\/shutterstock.com\" src=\"https:\/\/www.stilartmoebel.de\/zuhause-bei-sam\/wp-content\/uploads\/2016\/08\/merkmale-serioeser-unserioeser-verkaeufer.jpg\" alt=\"Achten Sie auf die folgenden Merkmale um einen seri\u00f6sen Verk\u00e4ufer von einem unseri\u00f6sen zu unterscheiden\" width=\"878\" height=\"355\" srcset=\"https:\/\/www.stilartmoebel.de\/zuhause-bei-sam\/wp-content\/uploads\/2016\/08\/merkmale-serioeser-unserioeser-verkaeufer.jpg 878w, https:\/\/www.stilartmoebel.de\/zuhause-bei-sam\/wp-content\/uploads\/2016\/08\/merkmale-serioeser-unserioeser-verkaeufer-300x121.jpg 300w\" sizes=\"auto, (max-width: 878px) 100vw, 878px\" \/><figcaption id=\"figcaption_attachment_11118\" class=\"wp-caption-text\">Achten Sie auf die folgenden Merkmale, um einen seri\u00f6sen Verk\u00e4ufer von einem unseri\u00f6sen zu unterscheiden<\/figcaption><\/figure>\n<h2>Tipps f\u00fcr das Kaufgespr\u00e4ch<\/h2>\n<p>Haben Sie ein klares Bild von Ihrer Traumk\u00fcche, k\u00f6nnen Sie ein Angebot im K\u00fcchenstudio einholen. Ein seri\u00f6ser Verk\u00e4ufer wird auf Ihre W\u00fcnsche eingehen und hat vielleicht den einen oder anderen Tipp f\u00fcr Problemecken parat. Kl\u00e4ren Sie im Vorfeld, was mit Ihrer alten K\u00fcche passieren soll und wer Elektro- und Sanit\u00e4rarbeiten \u00fcbernimmt. Ein gutes K\u00fcchenstudio nimmt sich die Zeit, Ihre K\u00fcche in mehreren Kl\u00e4rungsgespr\u00e4chen genau auf Sie und Ihre Bed\u00fcrfnisse anzupassen.<\/p>\n<p>Vorsicht ist geboten, wenn:<\/p>\n<ul>\n<li>der Verk\u00e4ufer auff\u00e4llig mit Sonderangeboten und Rabatten argumentiert<\/li>\n<li>die Auswahl g\u00fcnstigerer Elektroger\u00e4te und Ausstattungsmerkmale fast keinen Einfluss auf den Preis hat<\/li>\n<li>Sie zu einem schnellen Kaufabschluss gedr\u00e4ngt werden (\u201eDas Angebot gilt nur heute!\u201c)<\/li>\n<li>der Verk\u00e4ufer sich nicht an Ihr Budget h\u00e4lt<\/li>\n<\/ul>\n<p>Wenn Sie sich \u00fcberfahren, gedr\u00e4ngt oder nicht verstanden f\u00fchlen, dann ist dies nicht das richtige K\u00fcchenstudio f\u00fcr Sie.<\/p>\n<p>Zum Kauf der K\u00fcche geh\u00f6rt auch ein korrektes Aufma\u00df. Wenn Sie dieses vom K\u00fcchenstudio ausf\u00fchren lassen, sind Sie auf der sicheren Seite, denn Sie k\u00f6nnen dann eine kostenlose Nachbesserung fordern, wenn etwas nicht passt. Lassen Sie sich unbedingt nach dem Messtermin einen K\u00fcchenplan mit allen Ma\u00dfen aush\u00e4ndigen, dann sind Sie auf der sicheren Seite.<\/p>\n","protected":false},"excerpt":{"rendered":"<p>Jede K\u00fcche ist eine teure Anschaffung, das gilt gerade bei aufwendigen Planungen f\u00fcr das Eigenheim. Diese K\u00fcchen sollen viele Jahre, wenn nicht sogar ein Leben lang halten, daher ist hier erstklassige Qualit\u00e4t ein absolutes Muss.<\/p>\n","protected":false},"author":7,"featured_media":10353,"comment_status":"closed","ping_status":"closed","sticky":false,"template":"","format":"standard","meta":{"footnotes":""},"categories":[3,1],"tags":[1793,750,576,1792,1794,6,1791],"class_list":["post-10351","post","type-post","status-publish","format-standard","has-post-thumbnail","hentry","category-kueche","category-mein-zuhause","tag-einbaukueche","tag-fliesenspiegel","tag-kueche","tag-kuecheneinbau","tag-kuechenkauf","tag-kuechenplanung","tag-kuechenstudio"],"amp_enabled":true,"_links":{"self":[{"href":"https:\/\/www.stilartmoebel.de\/zuhause-bei-sam\/wp-json\/wp\/v2\/posts\/10351","targetHints":{"allow":["GET"]}}],"collection":[{"href":"https:\/\/www.stilartmoebel.de\/zuhause-bei-sam\/wp-json\/wp\/v2\/posts"}],"about":[{"href":"https:\/\/www.stilartmoebel.de\/zuhause-bei-sam\/wp-json\/wp\/v2\/types\/post"}],"author":[{"embeddable":true,"href":"https:\/\/www.stilartmoebel.de\/zuhause-bei-sam\/wp-json\/wp\/v2\/users\/7"}],"replies":[{"embeddable":true,"href":"https:\/\/www.stilartmoebel.de\/zuhause-bei-sam\/wp-json\/wp\/v2\/comments?post=10351"}],"version-history":[{"count":16,"href":"https:\/\/www.stilartmoebel.de\/zuhause-bei-sam\/wp-json\/wp\/v2\/posts\/10351\/revisions"}],"predecessor-version":[{"id":15661,"href":"https:\/\/www.stilartmoebel.de\/zuhause-bei-sam\/wp-json\/wp\/v2\/posts\/10351\/revisions\/15661"}],"wp:featuredmedia":[{"embeddable":true,"href":"https:\/\/www.stilartmoebel.de\/zuhause-bei-sam\/wp-json\/wp\/v2\/media\/10353"}],"wp:attachment":[{"href":"https:\/\/www.stilartmoebel.de\/zuhause-bei-sam\/wp-json\/wp\/v2\/media?parent=10351"}],"wp:term":[{"taxonomy":"category","embeddable":true,"href":"https:\/\/www.stilartmoebel.de\/zuhause-bei-sam\/wp-json\/wp\/v2\/categories?post=10351"},{"taxonomy":"post_tag","embeddable":true,"href":"https:\/\/www.stilartmoebel.de\/zuhause-bei-sam\/wp-json\/wp\/v2\/tags?post=10351"}],"curies":[{"name":"wp","href":"https:\/\/api.w.org\/{rel}","templated":true}]}}